{"id":45051,"date":"2023-09-28T21:27:23","date_gmt":"2023-09-29T03:27:23","guid":{"rendered":"https:\/\/www.tecdmx.org.mx\/?p=45051"},"modified":"2023-09-28T21:27:25","modified_gmt":"2023-09-29T03:27:25","slug":"boletin-n-37__trashed","status":"publish","type":"post","link":"https:\/\/www.tecdmx.org.mx\/index.php\/comunicados\/2023\/09\/28\/boletin-n-37__trashed\/","title":{"rendered":"Bolet\u00edn N\u00b0 37"},"content":{"rendered":"\n<figure class=\"wp-block-image size-full\"><img loading=\"lazy\" decoding=\"async\" width=\"1080\" height=\"663\" src=\"https:\/\/www.tecdmx.org.mx\/wp-content\/uploads\/2023\/09\/Pleno-28-de-Septiembre.jpg\" alt=\"\" class=\"wp-image-45052\" srcset=\"https:\/\/www.tecdmx.org.mx\/wp-content\/uploads\/2023\/09\/Pleno-28-de-Septiembre-407x250.jpg 407w, https:\/\/www.tecdmx.org.mx\/wp-content\/uploads\/2023\/09\/Pleno-28-de-Septiembre-570x350.jpg 570w, https:\/\/www.tecdmx.org.mx\/wp-content\/uploads\/2023\/09\/Pleno-28-de-Septiembre-768x471.jpg 768w, https:\/\/www.tecdmx.org.mx\/wp-content\/uploads\/2023\/09\/Pleno-28-de-Septiembre.jpg 1080w\" sizes=\"(max-width: 1080px) 100vw, 1080px\" \/><\/figure>\n\n\n\n<p class=\"has-text-align-right\">Ciudad de M\u00e9xico, a 28 de septiembre de 2023<\/p>\n\n\n\n<p><\/p>\n\n\n\n<p class=\"has-text-align-center\"><strong>El TECDMX confirm\u00f3 el desechamiento de queja por parte del IECM, contra Claudia Sheinbaum Pardo y quien resulte responsable, por la probable comisi\u00f3n de conductas contrarias a la normativa electoral.<\/strong><\/p>\n\n\n\n<p>El Pleno del Tribunal Electoral de la Ciudad de M\u00e9xico (TECDMX), celebr\u00f3 esta tarde Sesi\u00f3n P\u00fablica en la que las Magistraturas resolvieron el siguiente Juicio Electoral.<\/p>\n\n\n\n<figure class=\"wp-block-table\"><table><thead><tr><td><strong>Expediente<\/strong><\/td><td><strong>Acto Impugnado<\/strong><\/td><td><strong>Resoluci\u00f3n<\/strong><\/td><\/tr><\/thead><tbody><tr><td><strong>TECDMX-JEL-379\/2023<\/strong><\/td><td>Promovido por el PRD en contra el Acuerdo del 19 de julio de 2023, emitido por la Comisi\u00f3n Permanente de Quejas del IECM en el expediente 059\/2023, mediante el cual determin\u00f3 el desechamiento de la queja promovida en contra de Claudia Sheinbaum Pardo y quien resulte responsable, por la probable comisi\u00f3n de diversas conductas contrarias a la normativa electoral.<\/td><td>Se confirm\u00f3 el acto impugnado.<\/td><\/tr><\/tbody><\/table><\/figure>\n\n\n\n<p>Aunado a lo anterior, el Pleno del TECDMX resolvi\u00f3 diversos Juicios Electorales, seg\u00fan se listan a continuaci\u00f3n:<\/p>\n\n\n\n<figure class=\"wp-block-table\"><table><thead><tr><td><strong>Expediente<\/strong><\/td><td><strong>Acto Impugnado<\/strong><\/td><td><strong>Resoluci\u00f3n<\/strong><\/td><\/tr><\/thead><tbody><tr><td><strong>TECDMX-JEL-373\/2023<\/strong><\/td><td>En contra de la designaci\u00f3n de dos personas ciudadanas en los Comit\u00e9s de Ejecuci\u00f3n y Vigilancia relativos a la Consulta de Presupuesto Participativo para los ejercicios fiscales 2023 y 2024, en la Unidad Territorial Florida, de la Demarcaci\u00f3n \u00c1lvaro Obreg\u00f3n.<\/td><td>Se revocaron las designaciones recurridas. &nbsp;<\/td><\/tr><tr><td><strong>TECDMX-JEL-381\/2023<\/strong><\/td><td>Promovido por Martha Soledad \u00c1vila Ventura, en su car\u00e1cter de Coordinadora del Grupo Parlamentario de Morena en la II Legislatura del Congreso de la CDMX, contra el acuerdo del 19\/julio\/2023, emitido por la Comisi\u00f3n Permanente de Quejas del IECM dentro del expediente de queja 050 2023, en el que determin\u00f3 el desechamiento de la queja y, en consecuencia, el no inicio del procedimiento administrativo sancionador.<\/td><td>Por mayor\u00eda se revoc\u00f3 el acuerdo controvertido.<\/td><\/tr><tr><td><strong>TECDMX-JEL-387\/2023<\/strong> <strong>TECDMX-JEL-388\/2023<\/strong><\/td><td>Promovidos por personas integrantes de la COPACO de las unidades territoriales Arturo Mart\u00ednez y Primera Victoria Secci\u00f3n Bosques de la Alcald\u00eda \u00c1lvaro Obreg\u00f3n contra los resultados de la elecci\u00f3n de las personas que integran la Junta de Representaci\u00f3n de la COPACO de la citada demarcaci\u00f3n.<\/td><td>Se confirm\u00f3 el acto impugnado.<\/td><\/tr><tr><td><strong>TECDMX-JEL-389\/2023<\/strong><\/td><td>Contra el oficio del 15 de agosto, emitido por la Secretar\u00eda Ejecutiva del IECM, por considerar que vulnera los resultados de la Consulta del Presupuesto Participativo 2023 de la Unidad Territorial Romero de Terreros (Fraccionamiento).<\/td><td>Se confirm\u00f3 el acto impugnado.<\/td><\/tr><\/tbody><\/table><\/figure>\n\n\n\n<p>Por otro lado, las Magistraturas resolvieron los siguientes Juicios de la Ciudadan\u00eda, seg\u00fan se enlista a continuaci\u00f3n:<\/p>\n\n\n\n<figure class=\"wp-block-table\"><table><thead><tr><td><strong>Expediente<\/strong><\/td><td><strong>Acto Impugnado<\/strong><\/td><td><strong>Resoluci\u00f3n<\/strong><\/td><\/tr><\/thead><tbody><tr><td><strong>TECDMX-JLDC-125\/2023<\/strong><\/td><td>Promovido por personas integrantes del Comit\u00e9 Pro Pante\u00f3n, del Pueblo de San Gregorio Atlapulco, demarcaci\u00f3n Xochimilco, en contra de la realizaci\u00f3n de la Asamblea de 14 de agosto de 2023, convocada por la presidenta del referido Comit\u00e9, por incurrir supuestamente en diversas irregularidades.<\/td><td>Se revoc\u00f3 la Asamblea del Comit\u00e9 Pro-Pante\u00f3n 2021-2024.<\/td><\/tr><tr><td><strong>TECDMX-JLDC-127 \/2023<\/strong> <strong>&nbsp;<\/strong><\/td><td>Promovido por la presidenta del Comit\u00e9 Pro Pante\u00f3n, del Pueblo de San Gregorio Atlapulco, demarcaci\u00f3n Xochimilco, contra la Asamblea del 20 de agosto de 2023, convocada por personas integrantes del mismo Comit\u00e9, con la participaci\u00f3n de personal de la Direcci\u00f3n Distrital 25 del IECM.<\/td><td>Se confirm\u00f3 la Asamblea del citado Comit\u00e9.<\/td><\/tr><tr><td><strong>TECDMX-JLDC-133 \/2023<\/strong><\/td><td>Promovido por diversas personas habitantes de los pueblos y barrios originarios, a fin de impugnar el Acuerdo del Consejo General del IECM, mediante el cual modific\u00f3 el Protocolo de actuaci\u00f3n para brindar apoyo en procesos electivos de dichos pueblos y barrios originarios, en esta ciudad.<\/td><td>Se confirm\u00f3 Acuerdo controvertido. &nbsp;<\/td><\/tr><\/tbody><\/table><\/figure>\n\n\n\n<p>El Pleno desech\u00f3 de plano las demandas, al actualizarse diversas causales de improcedencia, en los siguientes juicios:<\/p>\n\n\n\n<figure class=\"wp-block-table\"><table><thead><tr><td><strong>Expediente<\/strong><\/td><td><strong>Acto Impugnado<\/strong><\/td><\/tr><\/thead><tbody><tr><td><strong>TECDMX-JEL-314\/2023<\/strong> <strong>TECDMX-JEL-315\/2023<\/strong> <strong>TECDMX-JEL-316\/2023<\/strong><\/td><td>Promovidos por personas habitantes del pueblo de San Andr\u00e9s Totoltepec, de la Alcald\u00eda Tlalpan<a> contra la Convocatoria a la Asamblea Extraordinaria para ejercer el Presupuesto Participativo 2023 y 2024, emitida por el Concejo de Gobierno Comunitario<\/a><a> del referido pueblo<\/a>.<\/td><\/tr><tr><td><strong>TECDMX-JEL-362\/2023<\/strong><\/td><td>Contra la resoluci\u00f3n del 10 de julio de 2023, emitida por la Direcci\u00f3n Distrital 30 del IECM, en el Procedimiento para resolver las inconformidades por propaganda 004 de 2023.<\/td><\/tr><tr><td><strong>TECDMX-JEL-374\/2023<\/strong><\/td><td>Contra la inclusi\u00f3n de dos personas en la conformaci\u00f3n de los Comit\u00e9s de Ejecuci\u00f3n y Vigilancia en el acta de Asamblea de Informaci\u00f3n y Selecci\u00f3n de la Unidad Territorial Florida, Demarcaci\u00f3n \u00c1lvaro Obreg\u00f3n.<\/td><\/tr><tr><td><strong>TECDMX-JEL-375\/2023<\/strong><\/td><td>Contra el Acuerdo emitido por la Comisi\u00f3n Permanente de Quejas del IECM en el procedimiento ordinario sancionador 034 de 2023.<\/td><\/tr><tr><td><strong>TECDMX-JLDC-126 \/2023<\/strong><\/td><td>Contra la nueva convocatoria para la elecci\u00f3n de la autoridad tradicional subdelegado o subdelegada del Pueblo de Chimalcoyoc, demarcaci\u00f3n Tlalpan, publicada el 11 de agosto del 2023.<\/td><\/tr><\/tbody><\/table><\/figure>\n\n\n\n<p class=\"has-text-align-center\"><strong>o-O-o<\/strong><\/p>\n","protected":false},"excerpt":{"rendered":"<p>Ciudad de M\u00e9xico, a 28 de septiembre de 2023 El TECDMX confirm\u00f3 el desechamiento de queja por parte del IECM, contra Claudia Sheinbaum Pardo y quien resulte responsable, por la [&hellip;]<\/p>\n","protected":false},"author":13,"featured_media":21168,"comment_status":"open","ping_status":"open","sticky":false,"template":"","format":"standard","meta":{"_acf_changed":false,"_exactmetrics_skip_tracking":false,"_exactmetrics_sitenote_active":false,"_exactmetrics_sitenote_note":"","_exactmetrics_sitenote_category":0,"footnotes":""},"categories":[32,47],"tags":[],"acf":[],"yoast_head":"<!-- This site is optimized with the Yoast SEO plugin v22.3 - https:\/\/yoast.com\/wordpress\/plugins\/seo\/ -->\n<title>Bolet\u00edn N\u00b0 37 - Tribunal Electoral de la Ciudad de M\u00e9xico<\/title>\n<meta name=\"robots\" content=\"index, follow, max-snippet:-1, max-image-preview:large, max-video-preview:-1\" \/>\n<link rel=\"canonical\" href=\"https:\/\/www.tecdmx.org.mx\/index.php\/comunicados\/2023\/09\/28\/boletin-n-37\/\" \/>\n<meta property=\"og:locale\" content=\"es_ES\" \/>\n<meta property=\"og:type\" content=\"article\" \/>\n<meta property=\"og:title\" content=\"Bolet\u00edn N\u00b0 37 - Tribunal Electoral de la Ciudad de M\u00e9xico\" \/>\n<meta property=\"og:description\" content=\"Ciudad de M\u00e9xico, a 28 de septiembre de 2023 El TECDMX confirm\u00f3 el desechamiento de queja por parte del IECM, contra Claudia Sheinbaum Pardo y quien resulte responsable, por la [&hellip;]\" \/>\n<meta property=\"og:url\" content=\"https:\/\/www.tecdmx.org.mx\/index.php\/comunicados\/2023\/09\/28\/boletin-n-37\/\" \/>\n<meta property=\"og:site_name\" content=\"Tribunal Electoral de la Ciudad de M\u00e9xico\" \/>\n<meta property=\"article:publisher\" content=\"https:\/\/www.facebook.com\/TECDMX\/\" \/>\n<meta property=\"article:published_time\" content=\"2023-09-29T03:27:23+00:00\" \/>\n<meta property=\"article:modified_time\" content=\"2023-09-29T03:27:25+00:00\" \/>\n<meta property=\"og:image\" content=\"https:\/\/www.tecdmx.org.mx\/wp-content\/uploads\/2020\/08\/comunicado_nuevo.jpg\" \/>\n\t<meta property=\"og:image:width\" content=\"600\" \/>\n\t<meta property=\"og:image:height\" content=\"366\" \/>\n\t<meta property=\"og:image:type\" content=\"image\/jpeg\" \/>\n<meta name=\"author\" content=\"Difusion2025\" \/>\n<meta name=\"twitter:card\" content=\"summary_large_image\" \/>\n<meta name=\"twitter:creator\" content=\"@tecdmx\" \/>\n<meta name=\"twitter:site\" content=\"@tecdmx\" \/>\n<meta name=\"twitter:label1\" content=\"Escrito por\" \/>\n\t<meta name=\"twitter:data1\" content=\"Difusion2025\" \/>\n\t<meta name=\"twitter:label2\" content=\"Tiempo de lectura\" \/>\n\t<meta name=\"twitter:data2\" content=\"4 minutos\" \/>\n<script type=\"application\/ld+json\" class=\"yoast-schema-graph\">{\"@context\":\"https:\/\/schema.org\",\"@graph\":[{\"@type\":\"WebPage\",\"@id\":\"https:\/\/www.tecdmx.org.mx\/index.php\/comunicados\/2023\/09\/28\/boletin-n-37\/\",\"url\":\"https:\/\/www.tecdmx.org.mx\/index.php\/comunicados\/2023\/09\/28\/boletin-n-37\/\",\"name\":\"Bolet\u00edn N\u00b0 37 - Tribunal Electoral de la Ciudad de M\u00e9xico\",\"isPartOf\":{\"@id\":\"https:\/\/www.tecdmx.org.mx\/#website\"},\"primaryImageOfPage\":{\"@id\":\"https:\/\/www.tecdmx.org.mx\/index.php\/comunicados\/2023\/09\/28\/boletin-n-37\/#primaryimage\"},\"image\":{\"@id\":\"https:\/\/www.tecdmx.org.mx\/index.php\/comunicados\/2023\/09\/28\/boletin-n-37\/#primaryimage\"},\"thumbnailUrl\":\"https:\/\/www.tecdmx.org.mx\/wp-content\/uploads\/2020\/08\/comunicado_nuevo.jpg\",\"datePublished\":\"2023-09-29T03:27:23+00:00\",\"dateModified\":\"2023-09-29T03:27:25+00:00\",\"author\":{\"@id\":\"https:\/\/www.tecdmx.org.mx\/#\/schema\/person\/208c898199fb3234203823c5f0cf31d6\"},\"breadcrumb\":{\"@id\":\"https:\/\/www.tecdmx.org.mx\/index.php\/comunicados\/2023\/09\/28\/boletin-n-37\/#breadcrumb\"},\"inLanguage\":\"es\",\"potentialAction\":[{\"@type\":\"ReadAction\",\"target\":[\"https:\/\/www.tecdmx.org.mx\/index.php\/comunicados\/2023\/09\/28\/boletin-n-37\/\"]}]},{\"@type\":\"ImageObject\",\"inLanguage\":\"es\",\"@id\":\"https:\/\/www.tecdmx.org.mx\/index.php\/comunicados\/2023\/09\/28\/boletin-n-37\/#primaryimage\",\"url\":\"https:\/\/www.tecdmx.org.mx\/wp-content\/uploads\/2020\/08\/comunicado_nuevo.jpg\",\"contentUrl\":\"https:\/\/www.tecdmx.org.mx\/wp-content\/uploads\/2020\/08\/comunicado_nuevo.jpg\",\"width\":600,\"height\":366},{\"@type\":\"BreadcrumbList\",\"@id\":\"https:\/\/www.tecdmx.org.mx\/index.php\/comunicados\/2023\/09\/28\/boletin-n-37\/#breadcrumb\",\"itemListElement\":[{\"@type\":\"ListItem\",\"position\":1,\"name\":\"Portada\",\"item\":\"https:\/\/www.tecdmx.org.mx\/\"},{\"@type\":\"ListItem\",\"position\":2,\"name\":\"Bolet\u00edn N\u00b0 37\"}]},{\"@type\":\"WebSite\",\"@id\":\"https:\/\/www.tecdmx.org.mx\/#website\",\"url\":\"https:\/\/www.tecdmx.org.mx\/\",\"name\":\"Tribunal Electoral de la Ciudad de M\u00e9xico\",\"description\":\"25 a\u00f1os garantizando justicia en tu elecci\u00f3n\",\"potentialAction\":[{\"@type\":\"SearchAction\",\"target\":{\"@type\":\"EntryPoint\",\"urlTemplate\":\"https:\/\/www.tecdmx.org.mx\/?s={search_term_string}\"},\"query-input\":\"required name=search_term_string\"}],\"inLanguage\":\"es\"},{\"@type\":\"Person\",\"@id\":\"https:\/\/www.tecdmx.org.mx\/#\/schema\/person\/208c898199fb3234203823c5f0cf31d6\",\"name\":\"Difusion2025\",\"image\":{\"@type\":\"ImageObject\",\"inLanguage\":\"es\",\"@id\":\"https:\/\/www.tecdmx.org.mx\/#\/schema\/person\/image\/\",\"url\":\"https:\/\/secure.gravatar.com\/avatar\/6f7a4ba3acb418040e90a2eb99b5df28?s=96&d=mm&r=g\",\"contentUrl\":\"https:\/\/secure.gravatar.com\/avatar\/6f7a4ba3acb418040e90a2eb99b5df28?s=96&d=mm&r=g\",\"caption\":\"Difusion2025\"}}]}<\/script>\n<!-- \/ Yoast SEO plugin. -->","yoast_head_json":{"title":"Bolet\u00edn N\u00b0 37 - Tribunal Electoral de la Ciudad de M\u00e9xico","robots":{"index":"index","follow":"follow","max-snippet":"max-snippet:-1","max-image-preview":"max-image-preview:large","max-video-preview":"max-video-preview:-1"},"canonical":"https:\/\/www.tecdmx.org.mx\/index.php\/comunicados\/2023\/09\/28\/boletin-n-37\/","og_locale":"es_ES","og_type":"article","og_title":"Bolet\u00edn N\u00b0 37 - Tribunal Electoral de la Ciudad de M\u00e9xico","og_description":"Ciudad de M\u00e9xico, a 28 de septiembre de 2023 El TECDMX confirm\u00f3 el desechamiento de queja por parte del IECM, contra Claudia Sheinbaum Pardo y quien resulte responsable, por la [&hellip;]","og_url":"https:\/\/www.tecdmx.org.mx\/index.php\/comunicados\/2023\/09\/28\/boletin-n-37\/","og_site_name":"Tribunal Electoral de la Ciudad de M\u00e9xico","article_publisher":"https:\/\/www.facebook.com\/TECDMX\/","article_published_time":"2023-09-29T03:27:23+00:00","article_modified_time":"2023-09-29T03:27:25+00:00","og_image":[{"width":600,"height":366,"url":"https:\/\/www.tecdmx.org.mx\/wp-content\/uploads\/2020\/08\/comunicado_nuevo.jpg","type":"image\/jpeg"}],"author":"Difusion2025","twitter_card":"summary_large_image","twitter_creator":"@tecdmx","twitter_site":"@tecdmx","twitter_misc":{"Escrito por":"Difusion2025","Tiempo de lectura":"4 minutos"},"schema":{"@context":"https:\/\/schema.org","@graph":[{"@type":"WebPage","@id":"https:\/\/www.tecdmx.org.mx\/index.php\/comunicados\/2023\/09\/28\/boletin-n-37\/","url":"https:\/\/www.tecdmx.org.mx\/index.php\/comunicados\/2023\/09\/28\/boletin-n-37\/","name":"Bolet\u00edn N\u00b0 37 - Tribunal Electoral de la Ciudad de M\u00e9xico","isPartOf":{"@id":"https:\/\/www.tecdmx.org.mx\/#website"},"primaryImageOfPage":{"@id":"https:\/\/www.tecdmx.org.mx\/index.php\/comunicados\/2023\/09\/28\/boletin-n-37\/#primaryimage"},"image":{"@id":"https:\/\/www.tecdmx.org.mx\/index.php\/comunicados\/2023\/09\/28\/boletin-n-37\/#primaryimage"},"thumbnailUrl":"https:\/\/www.tecdmx.org.mx\/wp-content\/uploads\/2020\/08\/comunicado_nuevo.jpg","datePublished":"2023-09-29T03:27:23+00:00","dateModified":"2023-09-29T03:27:25+00:00","author":{"@id":"https:\/\/www.tecdmx.org.mx\/#\/schema\/person\/208c898199fb3234203823c5f0cf31d6"},"breadcrumb":{"@id":"https:\/\/www.tecdmx.org.mx\/index.php\/comunicados\/2023\/09\/28\/boletin-n-37\/#breadcrumb"},"inLanguage":"es","potentialAction":[{"@type":"ReadAction","target":["https:\/\/www.tecdmx.org.mx\/index.php\/comunicados\/2023\/09\/28\/boletin-n-37\/"]}]},{"@type":"ImageObject","inLanguage":"es","@id":"https:\/\/www.tecdmx.org.mx\/index.php\/comunicados\/2023\/09\/28\/boletin-n-37\/#primaryimage","url":"https:\/\/www.tecdmx.org.mx\/wp-content\/uploads\/2020\/08\/comunicado_nuevo.jpg","contentUrl":"https:\/\/www.tecdmx.org.mx\/wp-content\/uploads\/2020\/08\/comunicado_nuevo.jpg","width":600,"height":366},{"@type":"BreadcrumbList","@id":"https:\/\/www.tecdmx.org.mx\/index.php\/comunicados\/2023\/09\/28\/boletin-n-37\/#breadcrumb","itemListElement":[{"@type":"ListItem","position":1,"name":"Portada","item":"https:\/\/www.tecdmx.org.mx\/"},{"@type":"ListItem","position":2,"name":"Bolet\u00edn N\u00b0 37"}]},{"@type":"WebSite","@id":"https:\/\/www.tecdmx.org.mx\/#website","url":"https:\/\/www.tecdmx.org.mx\/","name":"Tribunal Electoral de la Ciudad de M\u00e9xico","description":"25 a\u00f1os garantizando justicia en tu elecci\u00f3n","potentialAction":[{"@type":"SearchAction","target":{"@type":"EntryPoint","urlTemplate":"https:\/\/www.tecdmx.org.mx\/?s={search_term_string}"},"query-input":"required name=search_term_string"}],"inLanguage":"es"},{"@type":"Person","@id":"https:\/\/www.tecdmx.org.mx\/#\/schema\/person\/208c898199fb3234203823c5f0cf31d6","name":"Difusion2025","image":{"@type":"ImageObject","inLanguage":"es","@id":"https:\/\/www.tecdmx.org.mx\/#\/schema\/person\/image\/","url":"https:\/\/secure.gravatar.com\/avatar\/6f7a4ba3acb418040e90a2eb99b5df28?s=96&d=mm&r=g","contentUrl":"https:\/\/secure.gravatar.com\/avatar\/6f7a4ba3acb418040e90a2eb99b5df28?s=96&d=mm&r=g","caption":"Difusion2025"}}]}},"_links":{"self":[{"href":"https:\/\/www.tecdmx.org.mx\/index.php\/wp-json\/wp\/v2\/posts\/45051"}],"collection":[{"href":"https:\/\/www.tecdmx.org.mx\/index.php\/wp-json\/wp\/v2\/posts"}],"about":[{"href":"https:\/\/www.tecdmx.org.mx\/index.php\/wp-json\/wp\/v2\/types\/post"}],"author":[{"embeddable":true,"href":"https:\/\/www.tecdmx.org.mx\/index.php\/wp-json\/wp\/v2\/users\/13"}],"replies":[{"embeddable":true,"href":"https:\/\/www.tecdmx.org.mx\/index.php\/wp-json\/wp\/v2\/comments?post=45051"}],"version-history":[{"count":2,"href":"https:\/\/www.tecdmx.org.mx\/index.php\/wp-json\/wp\/v2\/posts\/45051\/revisions"}],"predecessor-version":[{"id":45055,"href":"https:\/\/www.tecdmx.org.mx\/index.php\/wp-json\/wp\/v2\/posts\/45051\/revisions\/45055"}],"wp:featuredmedia":[{"embeddable":true,"href":"https:\/\/www.tecdmx.org.mx\/index.php\/wp-json\/wp\/v2\/media\/21168"}],"wp:attachment":[{"href":"https:\/\/www.tecdmx.org.mx\/index.php\/wp-json\/wp\/v2\/media?parent=45051"}],"wp:term":[{"taxonomy":"category","embeddable":true,"href":"https:\/\/www.tecdmx.org.mx\/index.php\/wp-json\/wp\/v2\/categories?post=45051"},{"taxonomy":"post_tag","embeddable":true,"href":"https:\/\/www.tecdmx.org.mx\/index.php\/wp-json\/wp\/v2\/tags?post=45051"}],"curies":[{"name":"wp","href":"https:\/\/api.w.org\/{rel}","templated":true}]}}