{"id":45154,"date":"2023-10-12T20:39:15","date_gmt":"2023-10-13T02:39:15","guid":{"rendered":"https:\/\/www.tecdmx.org.mx\/?p=45154"},"modified":"2023-10-12T20:41:40","modified_gmt":"2023-10-13T02:41:40","slug":"boletin-n-38__trashed","status":"publish","type":"post","link":"https:\/\/www.tecdmx.org.mx\/index.php\/comunicados\/2023\/10\/12\/boletin-n-38__trashed\/","title":{"rendered":"Bolet\u00edn N\u00b0 38"},"content":{"rendered":"\n<figure class=\"wp-block-image size-full is-resized\"><img loading=\"lazy\" decoding=\"async\" src=\"https:\/\/www.tecdmx.org.mx\/wp-content\/uploads\/2023\/10\/WhatsApp-Image-2023-10-12-at-21.31.45.jpeg\" alt=\"\" class=\"wp-image-45155\" width=\"840\" height=\"473\" srcset=\"https:\/\/www.tecdmx.org.mx\/wp-content\/uploads\/2023\/10\/WhatsApp-Image-2023-10-12-at-21.31.45-444x250.jpeg 444w, https:\/\/www.tecdmx.org.mx\/wp-content\/uploads\/2023\/10\/WhatsApp-Image-2023-10-12-at-21.31.45-622x350.jpeg 622w, https:\/\/www.tecdmx.org.mx\/wp-content\/uploads\/2023\/10\/WhatsApp-Image-2023-10-12-at-21.31.45.jpeg 679w\" sizes=\"(max-width: 840px) 100vw, 840px\" \/><\/figure>\n\n\n\n<p class=\"has-text-align-right\">Ciudad de M\u00e9xico, a 12 de octubre de 2023<\/p>\n\n\n\n<p class=\"has-text-align-center\"><strong>El TECDMX confirm\u00f3 el desechamiento de queja por parte del IECM, contra Bertha X\u00f3chitl G\u00e1lvez Ruiz y el Partido Acci\u00f3n Nacional, por la presunta realizaci\u00f3n de actos anticipados de precampa\u00f1a y campa\u00f1a.<\/strong><\/p>\n\n\n\n<p>El Pleno del Tribunal Electoral de la Ciudad de M\u00e9xico (TECDMX), celebr\u00f3 esta tarde Sesi\u00f3n P\u00fablica en la que las Magistraturas resolvieron el siguiente Juicio Electoral:<\/p>\n\n\n\n<figure class=\"wp-block-table\"><table><thead><tr><td><strong>Expediente<\/strong><\/td><td><strong>Acto Impugnado<\/strong><\/td><td><strong>Resoluci\u00f3n<\/strong><\/td><\/tr><\/thead><tbody><tr><td><strong>TECDMX-JEL-393\/2023<\/strong><\/td><td>Contra el acuerdo de la Comisi\u00f3n Permanente de Quejas del Instituto Electoral de la Ciudad de M\u00e9xico (IECM), mediante el que desech\u00f3 la queja contra Bertha X\u00f3chitl G\u00e1lvez Ruiz y el Partido Acci\u00f3n Nacional, por la presunta realizaci\u00f3n de actos anticipados de precampa\u00f1a y campa\u00f1a, respecto de la contienda por la titularidad de la jefatura de gobierno de la Ciudad de M\u00e9xico.<\/td><td>Se confirm\u00f3 lo que fue materia de impugnaci\u00f3n.<\/td><\/tr><\/tbody><\/table><\/figure>\n\n\n\n<p>Aunado a lo anterior, el Pleno del TECDMX resolvi\u00f3 diversos Juicios Electorales, seg\u00fan se listan a continuaci\u00f3n:<\/p>\n\n\n\n<figure class=\"wp-block-table\"><table><thead><tr><td><strong>Expediente<\/strong><\/td><td><strong>Acto Impugnado<\/strong><\/td><td><strong>Resoluci\u00f3n<\/strong><\/td><\/tr><\/thead><tbody><tr><td><strong>TECDMX-JEL-344\/2023<\/strong><\/td><td>Contra el oficio 251 del 27 de junio de 2023, de la Direcci\u00f3n Distrital 19 de la Ciudad de M\u00e9xico, a trav\u00e9s del cual dio respuesta a sus escritos de veintinueve de mayo y trece de junio, ambos del a\u00f1o en curso.<\/td><td>Se confirm\u00f3 lo que fue materia de impugnaci\u00f3n.<\/td><\/tr><tr><td><strong>TECDMX-JEL-392\/2023<\/strong><\/td><td>Contra la negativa de la Direcci\u00f3n General de Participaci\u00f3n Ciudadana de la Alcald\u00eda Tlalpan a la solicitud de la parte actora, con relaci\u00f3n a la Asamblea Ciudadana en la que la comunidad vecinal determin\u00f3 la modificaci\u00f3n del proyecto que result\u00f3 electo en la Consulta de Presupuesto Participativo 2023, llevada a cabo en la Unidad Territorial Pedregal San Nicol\u00e1s 4\u00aa Secci\u00f3n I.<\/td><td>Se confirm\u00f3 lo que fue materia de impugnaci\u00f3n.<\/td><\/tr><tr><td><strong>TECDMX-JEL-394\/2023<\/strong> <strong>TECDMX-JEL-395\/2023<\/strong><\/td><td>Contra el acuerdo emitido por la Comisi\u00f3n Permanente de Quejas del IECM, respecto de las medidas cautelares solicitadas por la Titular de la Direcci\u00f3n Estatal Ejecutiva del Partido de la Revoluci\u00f3n Democr\u00e1tica en esta Ciudad, en contra de diversas autoridades y militantes de ese instituto pol\u00edtico.<\/td><td>Se modific\u00f3 el acuerdo de treinta de agosto de dos mil veintitr\u00e9s, emitido por la Comisi\u00f3n Permanente de Quejas del IECM, en el expediente 015 de 2023 y se emitieron las medidas cautelares y de protecci\u00f3n en favor de Nora del Carmen B\u00e1rbara Arias Contreras en los t\u00e9rminos precisados en la Sentencia.<\/td><\/tr><\/tbody><\/table><\/figure>\n\n\n\n<p>Por otro lado, las Magistraturas resolvieron los siguientes Juicios de la Ciudadan\u00eda, seg\u00fan se enlista a continuaci\u00f3n:<\/p>\n\n\n\n<figure class=\"wp-block-table\"><table><thead><tr><td><strong>Expediente<\/strong><\/td><td><strong>Acto Impugnado<\/strong><\/td><td><strong>Resoluci\u00f3n<\/strong><\/td><\/tr><\/thead><tbody><tr><td><strong>TECDMX-JLDC-101\/2023<\/strong><\/td><td>Contra el resultado del proceso de la elecci\u00f3n del Pueblo de San Antonio Tecomitl\u201d, promovido por una persona habitante y candidata registrada a la elecci\u00f3n de la autoridad tradicional \u201cCoordinaci\u00f3n de Enlace Territorial\u201d.<\/td><td>Se declar\u00f3 la nulidad de la elecci\u00f3n de la autoridad tradicional Coordinaci\u00f3n de Enlace Territorial de San Antonio Tecomitl 2023-2026, y se orden\u00f3 reponer el procedimiento para elegir a la referida autoridad tradicional, conforme a los efectos expuestos en la Sentencia.<\/td><\/tr><tr><td><strong>TECDMX-JLDC-134 \/2023<\/strong><\/td><td>Contra de la Convocatoria que se emiti\u00f3 para llevar a cabo la Asamblea del 17 de septiembre de 2023, emitida por personas integrantes del Comit\u00e9 Pro- Pante\u00f3n, del Pueblo de San Gregorio Atlapulco, demarcaci\u00f3n Xochimilco.<\/td><td>Se declar\u00f3 como no v\u00e1lida la Convocatoria de la Asamblea electiva de diecisiete de septiembre de dos mil veintitr\u00e9s, y se orden\u00f3 al Comit\u00e9 Pro-Pante\u00f3n 2021-2024 del Pueblo de San Gregorio Atlapulco, demarcaci\u00f3n Xochimilco, la realizaci\u00f3n de una nueva Convocatoria para llevar a cabo una Asamblea con el objeto de elegir una nueva integraci\u00f3n de este, as\u00ed como las acciones se\u00f1aladas en la parte considerativa de la Sentencia.<\/td><\/tr><\/tbody><\/table><\/figure>\n\n\n\n<p>Asimismo, el Pleno del TECDMX resolvi\u00f3 los siguientes Procedimientos Especiales Sancionadores:<\/p>\n\n\n\n<figure class=\"wp-block-table\"><table><thead><tr><td><strong>Expediente<\/strong><\/td><td><strong>Acto Impugnado<\/strong><\/td><td><strong>Resoluci\u00f3n<\/strong><\/td><\/tr><\/thead><tbody><tr><td><strong>TECDMX-PES-008\/2023<\/strong><\/td><td>Contra las personas integrantes de la Junta C\u00edvica del Pueblo de Santo Tom\u00e1s Ajusco 2022-2025, demarcaci\u00f3n Tlalpan, por la presunta realizaci\u00f3n de violencia pol\u00edtica contra las mujeres en raz\u00f3n de g\u00e9nero.<\/td><td>Se declar\u00f3 la inexistencia de la infracci\u00f3n consistente en Violencia Pol\u00edtica en contra de las Mujeres por Raz\u00f3n de G\u00e9nero, atribuida a Areli Camacho Evangelista, Rafael Garc\u00eda Romero, Adriana Camacho Contreras, Javier Garc\u00eda, Juan Eslava Garc\u00eda y Gregorio Garc\u00eda Mart\u00ednez, personas integrantes de la entonces Junta C\u00edvica del Pueblo de Santo Tom\u00e1s Ajusco 2022-2025, Alcald\u00eda Tlalpan, y se dejaron sin efectos las medidas cautelares y de protecci\u00f3n otorgadas en el asunto.<\/td><\/tr><tr><td><strong>TECDMX-PES-021\/2023<\/strong><\/td><td>Contra la difusi\u00f3n de un video en redes sociales y televisi\u00f3n, en el que se apreciaban im\u00e1genes que pudieran configurar una posible violaci\u00f3n a la normativa electoral por violencia y\/o violencia pol\u00edtica atribuibles al Partido Acci\u00f3n Nacional.<\/td><td>Se sobresey\u00f3 el Procedimiento respecto de la infracci\u00f3n atribuida al Partido Acci\u00f3n Nacional, consistente en violencia, y se declar\u00f3 la inexistencia de violencia pol\u00edtica, atribuida a dicho Partido.<\/td><\/tr><\/tbody><\/table><\/figure>\n\n\n\n<p>El Pleno desech\u00f3 de plano las demandas en los siguientes juicios:<\/p>\n\n\n\n<figure class=\"wp-block-table\"><table><thead><tr><td><strong>Expediente<\/strong><\/td><td><strong>Acto Impugnado<\/strong><\/td><\/tr><\/thead><tbody><tr><td><strong>TECDMX-JEL-385\/2023<\/strong> <strong>TECDMX-JEL-396\/2023<\/strong><\/td><td>Respectivamente, contra la determinaci\u00f3n por la que se designa al miembro de la coordinadora de participaci\u00f3n comunitaria en la Alcald\u00eda Cuajimalpa de Morelos, y el Acuerdo reca\u00eddo en el expediente 034 de 2023, que emiti\u00f3 la Comisi\u00f3n Permanente de Quejas del IECM.<\/td><\/tr><tr><td><strong>TECDMX-JLDC-135 \/2023 <\/strong><strong>Acumulados<\/strong><strong><\/strong> <strong>TECDMX-JLDC-137 \/2023<\/strong><\/td><td>Respectivamente, contra las Asambleas del diez y el diecisiete de septiembre de este a\u00f1o, del Comit\u00e9 Pro-Pante\u00f3n 2021-2024 del Pueblo de San Gregorio Atlapulco, demarcaci\u00f3n Xochimilco.<\/td><\/tr><\/tbody><\/table><\/figure>\n\n\n\n<p class=\"has-text-align-center\"><strong>o-O-o<\/strong><\/p>\n","protected":false},"excerpt":{"rendered":"<p>Ciudad de M\u00e9xico, a 12 de octubre de 2023 El TECDMX confirm\u00f3 el desechamiento de queja por parte del IECM, contra Bertha X\u00f3chitl G\u00e1lvez Ruiz y el Partido Acci\u00f3n Nacional, [&hellip;]<\/p>\n","protected":false},"author":13,"featured_media":21168,"comment_status":"open","ping_status":"open","sticky":false,"template":"","format":"standard","meta":{"_acf_changed":false,"_exactmetrics_skip_tracking":false,"_exactmetrics_sitenote_active":false,"_exactmetrics_sitenote_note":"","_exactmetrics_sitenote_category":0,"footnotes":""},"categories":[32,47],"tags":[],"acf":[],"yoast_head":"<!-- This site is optimized with the Yoast SEO plugin v22.3 - https:\/\/yoast.com\/wordpress\/plugins\/seo\/ -->\n<title>Bolet\u00edn N\u00b0 38 - Tribunal Electoral de la Ciudad de M\u00e9xico<\/title>\n<meta name=\"robots\" content=\"index, follow, max-snippet:-1, max-image-preview:large, max-video-preview:-1\" \/>\n<link rel=\"canonical\" href=\"https:\/\/www.tecdmx.org.mx\/index.php\/comunicados\/2023\/10\/12\/boletin-n-38\/\" \/>\n<meta property=\"og:locale\" content=\"es_ES\" \/>\n<meta property=\"og:type\" content=\"article\" \/>\n<meta property=\"og:title\" content=\"Bolet\u00edn N\u00b0 38 - Tribunal Electoral de la Ciudad de M\u00e9xico\" \/>\n<meta property=\"og:description\" content=\"Ciudad de M\u00e9xico, a 12 de octubre de 2023 El TECDMX confirm\u00f3 el desechamiento de queja por parte del IECM, contra Bertha X\u00f3chitl G\u00e1lvez Ruiz y el Partido Acci\u00f3n Nacional, [&hellip;]\" \/>\n<meta property=\"og:url\" content=\"https:\/\/www.tecdmx.org.mx\/index.php\/comunicados\/2023\/10\/12\/boletin-n-38\/\" \/>\n<meta property=\"og:site_name\" content=\"Tribunal Electoral de la Ciudad de M\u00e9xico\" \/>\n<meta property=\"article:publisher\" content=\"https:\/\/www.facebook.com\/TECDMX\/\" \/>\n<meta property=\"article:published_time\" content=\"2023-10-13T02:39:15+00:00\" \/>\n<meta property=\"article:modified_time\" content=\"2023-10-13T02:41:40+00:00\" \/>\n<meta property=\"og:image\" content=\"https:\/\/www.tecdmx.org.mx\/wp-content\/uploads\/2020\/08\/comunicado_nuevo.jpg\" \/>\n\t<meta property=\"og:image:width\" content=\"600\" \/>\n\t<meta property=\"og:image:height\" content=\"366\" \/>\n\t<meta property=\"og:image:type\" content=\"image\/jpeg\" \/>\n<meta name=\"author\" content=\"Difusion2025\" \/>\n<meta name=\"twitter:card\" content=\"summary_large_image\" \/>\n<meta name=\"twitter:creator\" content=\"@tecdmx\" \/>\n<meta name=\"twitter:site\" content=\"@tecdmx\" \/>\n<meta name=\"twitter:label1\" content=\"Escrito por\" \/>\n\t<meta name=\"twitter:data1\" content=\"Difusion2025\" \/>\n\t<meta name=\"twitter:label2\" content=\"Tiempo de lectura\" \/>\n\t<meta name=\"twitter:data2\" content=\"5 minutos\" \/>\n<script type=\"application\/ld+json\" class=\"yoast-schema-graph\">{\"@context\":\"https:\/\/schema.org\",\"@graph\":[{\"@type\":\"WebPage\",\"@id\":\"https:\/\/www.tecdmx.org.mx\/index.php\/comunicados\/2023\/10\/12\/boletin-n-38\/\",\"url\":\"https:\/\/www.tecdmx.org.mx\/index.php\/comunicados\/2023\/10\/12\/boletin-n-38\/\",\"name\":\"Bolet\u00edn N\u00b0 38 - Tribunal Electoral de la Ciudad de M\u00e9xico\",\"isPartOf\":{\"@id\":\"https:\/\/www.tecdmx.org.mx\/#website\"},\"primaryImageOfPage\":{\"@id\":\"https:\/\/www.tecdmx.org.mx\/index.php\/comunicados\/2023\/10\/12\/boletin-n-38\/#primaryimage\"},\"image\":{\"@id\":\"https:\/\/www.tecdmx.org.mx\/index.php\/comunicados\/2023\/10\/12\/boletin-n-38\/#primaryimage\"},\"thumbnailUrl\":\"https:\/\/www.tecdmx.org.mx\/wp-content\/uploads\/2020\/08\/comunicado_nuevo.jpg\",\"datePublished\":\"2023-10-13T02:39:15+00:00\",\"dateModified\":\"2023-10-13T02:41:40+00:00\",\"author\":{\"@id\":\"https:\/\/www.tecdmx.org.mx\/#\/schema\/person\/208c898199fb3234203823c5f0cf31d6\"},\"breadcrumb\":{\"@id\":\"https:\/\/www.tecdmx.org.mx\/index.php\/comunicados\/2023\/10\/12\/boletin-n-38\/#breadcrumb\"},\"inLanguage\":\"es\",\"potentialAction\":[{\"@type\":\"ReadAction\",\"target\":[\"https:\/\/www.tecdmx.org.mx\/index.php\/comunicados\/2023\/10\/12\/boletin-n-38\/\"]}]},{\"@type\":\"ImageObject\",\"inLanguage\":\"es\",\"@id\":\"https:\/\/www.tecdmx.org.mx\/index.php\/comunicados\/2023\/10\/12\/boletin-n-38\/#primaryimage\",\"url\":\"https:\/\/www.tecdmx.org.mx\/wp-content\/uploads\/2020\/08\/comunicado_nuevo.jpg\",\"contentUrl\":\"https:\/\/www.tecdmx.org.mx\/wp-content\/uploads\/2020\/08\/comunicado_nuevo.jpg\",\"width\":600,\"height\":366},{\"@type\":\"BreadcrumbList\",\"@id\":\"https:\/\/www.tecdmx.org.mx\/index.php\/comunicados\/2023\/10\/12\/boletin-n-38\/#breadcrumb\",\"itemListElement\":[{\"@type\":\"ListItem\",\"position\":1,\"name\":\"Portada\",\"item\":\"https:\/\/www.tecdmx.org.mx\/\"},{\"@type\":\"ListItem\",\"position\":2,\"name\":\"Bolet\u00edn N\u00b0 38\"}]},{\"@type\":\"WebSite\",\"@id\":\"https:\/\/www.tecdmx.org.mx\/#website\",\"url\":\"https:\/\/www.tecdmx.org.mx\/\",\"name\":\"Tribunal Electoral de la Ciudad de M\u00e9xico\",\"description\":\"25 a\u00f1os garantizando justicia en tu elecci\u00f3n\",\"potentialAction\":[{\"@type\":\"SearchAction\",\"target\":{\"@type\":\"EntryPoint\",\"urlTemplate\":\"https:\/\/www.tecdmx.org.mx\/?s={search_term_string}\"},\"query-input\":\"required name=search_term_string\"}],\"inLanguage\":\"es\"},{\"@type\":\"Person\",\"@id\":\"https:\/\/www.tecdmx.org.mx\/#\/schema\/person\/208c898199fb3234203823c5f0cf31d6\",\"name\":\"Difusion2025\",\"image\":{\"@type\":\"ImageObject\",\"inLanguage\":\"es\",\"@id\":\"https:\/\/www.tecdmx.org.mx\/#\/schema\/person\/image\/\",\"url\":\"https:\/\/secure.gravatar.com\/avatar\/6f7a4ba3acb418040e90a2eb99b5df28?s=96&d=mm&r=g\",\"contentUrl\":\"https:\/\/secure.gravatar.com\/avatar\/6f7a4ba3acb418040e90a2eb99b5df28?s=96&d=mm&r=g\",\"caption\":\"Difusion2025\"}}]}<\/script>\n<!-- \/ Yoast SEO plugin. -->","yoast_head_json":{"title":"Bolet\u00edn N\u00b0 38 - Tribunal Electoral de la Ciudad de M\u00e9xico","robots":{"index":"index","follow":"follow","max-snippet":"max-snippet:-1","max-image-preview":"max-image-preview:large","max-video-preview":"max-video-preview:-1"},"canonical":"https:\/\/www.tecdmx.org.mx\/index.php\/comunicados\/2023\/10\/12\/boletin-n-38\/","og_locale":"es_ES","og_type":"article","og_title":"Bolet\u00edn N\u00b0 38 - Tribunal Electoral de la Ciudad de M\u00e9xico","og_description":"Ciudad de M\u00e9xico, a 12 de octubre de 2023 El TECDMX confirm\u00f3 el desechamiento de queja por parte del IECM, contra Bertha X\u00f3chitl G\u00e1lvez Ruiz y el Partido Acci\u00f3n Nacional, [&hellip;]","og_url":"https:\/\/www.tecdmx.org.mx\/index.php\/comunicados\/2023\/10\/12\/boletin-n-38\/","og_site_name":"Tribunal Electoral de la Ciudad de M\u00e9xico","article_publisher":"https:\/\/www.facebook.com\/TECDMX\/","article_published_time":"2023-10-13T02:39:15+00:00","article_modified_time":"2023-10-13T02:41:40+00:00","og_image":[{"width":600,"height":366,"url":"https:\/\/www.tecdmx.org.mx\/wp-content\/uploads\/2020\/08\/comunicado_nuevo.jpg","type":"image\/jpeg"}],"author":"Difusion2025","twitter_card":"summary_large_image","twitter_creator":"@tecdmx","twitter_site":"@tecdmx","twitter_misc":{"Escrito por":"Difusion2025","Tiempo de lectura":"5 minutos"},"schema":{"@context":"https:\/\/schema.org","@graph":[{"@type":"WebPage","@id":"https:\/\/www.tecdmx.org.mx\/index.php\/comunicados\/2023\/10\/12\/boletin-n-38\/","url":"https:\/\/www.tecdmx.org.mx\/index.php\/comunicados\/2023\/10\/12\/boletin-n-38\/","name":"Bolet\u00edn N\u00b0 38 - Tribunal Electoral de la Ciudad de M\u00e9xico","isPartOf":{"@id":"https:\/\/www.tecdmx.org.mx\/#website"},"primaryImageOfPage":{"@id":"https:\/\/www.tecdmx.org.mx\/index.php\/comunicados\/2023\/10\/12\/boletin-n-38\/#primaryimage"},"image":{"@id":"https:\/\/www.tecdmx.org.mx\/index.php\/comunicados\/2023\/10\/12\/boletin-n-38\/#primaryimage"},"thumbnailUrl":"https:\/\/www.tecdmx.org.mx\/wp-content\/uploads\/2020\/08\/comunicado_nuevo.jpg","datePublished":"2023-10-13T02:39:15+00:00","dateModified":"2023-10-13T02:41:40+00:00","author":{"@id":"https:\/\/www.tecdmx.org.mx\/#\/schema\/person\/208c898199fb3234203823c5f0cf31d6"},"breadcrumb":{"@id":"https:\/\/www.tecdmx.org.mx\/index.php\/comunicados\/2023\/10\/12\/boletin-n-38\/#breadcrumb"},"inLanguage":"es","potentialAction":[{"@type":"ReadAction","target":["https:\/\/www.tecdmx.org.mx\/index.php\/comunicados\/2023\/10\/12\/boletin-n-38\/"]}]},{"@type":"ImageObject","inLanguage":"es","@id":"https:\/\/www.tecdmx.org.mx\/index.php\/comunicados\/2023\/10\/12\/boletin-n-38\/#primaryimage","url":"https:\/\/www.tecdmx.org.mx\/wp-content\/uploads\/2020\/08\/comunicado_nuevo.jpg","contentUrl":"https:\/\/www.tecdmx.org.mx\/wp-content\/uploads\/2020\/08\/comunicado_nuevo.jpg","width":600,"height":366},{"@type":"BreadcrumbList","@id":"https:\/\/www.tecdmx.org.mx\/index.php\/comunicados\/2023\/10\/12\/boletin-n-38\/#breadcrumb","itemListElement":[{"@type":"ListItem","position":1,"name":"Portada","item":"https:\/\/www.tecdmx.org.mx\/"},{"@type":"ListItem","position":2,"name":"Bolet\u00edn N\u00b0 38"}]},{"@type":"WebSite","@id":"https:\/\/www.tecdmx.org.mx\/#website","url":"https:\/\/www.tecdmx.org.mx\/","name":"Tribunal Electoral de la Ciudad de M\u00e9xico","description":"25 a\u00f1os garantizando justicia en tu elecci\u00f3n","potentialAction":[{"@type":"SearchAction","target":{"@type":"EntryPoint","urlTemplate":"https:\/\/www.tecdmx.org.mx\/?s={search_term_string}"},"query-input":"required name=search_term_string"}],"inLanguage":"es"},{"@type":"Person","@id":"https:\/\/www.tecdmx.org.mx\/#\/schema\/person\/208c898199fb3234203823c5f0cf31d6","name":"Difusion2025","image":{"@type":"ImageObject","inLanguage":"es","@id":"https:\/\/www.tecdmx.org.mx\/#\/schema\/person\/image\/","url":"https:\/\/secure.gravatar.com\/avatar\/6f7a4ba3acb418040e90a2eb99b5df28?s=96&d=mm&r=g","contentUrl":"https:\/\/secure.gravatar.com\/avatar\/6f7a4ba3acb418040e90a2eb99b5df28?s=96&d=mm&r=g","caption":"Difusion2025"}}]}},"_links":{"self":[{"href":"https:\/\/www.tecdmx.org.mx\/index.php\/wp-json\/wp\/v2\/posts\/45154"}],"collection":[{"href":"https:\/\/www.tecdmx.org.mx\/index.php\/wp-json\/wp\/v2\/posts"}],"about":[{"href":"https:\/\/www.tecdmx.org.mx\/index.php\/wp-json\/wp\/v2\/types\/post"}],"author":[{"embeddable":true,"href":"https:\/\/www.tecdmx.org.mx\/index.php\/wp-json\/wp\/v2\/users\/13"}],"replies":[{"embeddable":true,"href":"https:\/\/www.tecdmx.org.mx\/index.php\/wp-json\/wp\/v2\/comments?post=45154"}],"version-history":[{"count":3,"href":"https:\/\/www.tecdmx.org.mx\/index.php\/wp-json\/wp\/v2\/posts\/45154\/revisions"}],"predecessor-version":[{"id":45159,"href":"https:\/\/www.tecdmx.org.mx\/index.php\/wp-json\/wp\/v2\/posts\/45154\/revisions\/45159"}],"wp:featuredmedia":[{"embeddable":true,"href":"https:\/\/www.tecdmx.org.mx\/index.php\/wp-json\/wp\/v2\/media\/21168"}],"wp:attachment":[{"href":"https:\/\/www.tecdmx.org.mx\/index.php\/wp-json\/wp\/v2\/media?parent=45154"}],"wp:term":[{"taxonomy":"category","embeddable":true,"href":"https:\/\/www.tecdmx.org.mx\/index.php\/wp-json\/wp\/v2\/categories?post=45154"},{"taxonomy":"post_tag","embeddable":true,"href":"https:\/\/www.tecdmx.org.mx\/index.php\/wp-json\/wp\/v2\/tags?post=45154"}],"curies":[{"name":"wp","href":"https:\/\/api.w.org\/{rel}","templated":true}]}}