{"id":45215,"date":"2023-10-25T20:19:43","date_gmt":"2023-10-26T02:19:43","guid":{"rendered":"https:\/\/www.tecdmx.org.mx\/?p=45215"},"modified":"2023-10-25T20:19:45","modified_gmt":"2023-10-26T02:19:45","slug":"boletin-n-39__trashed","status":"publish","type":"post","link":"https:\/\/www.tecdmx.org.mx\/index.php\/comunicados\/2023\/10\/25\/boletin-n-39__trashed\/","title":{"rendered":"Bolet\u00edn N\u00b0 39"},"content":{"rendered":"\n<figure class=\"wp-block-image size-full\"><img loading=\"lazy\" decoding=\"async\" width=\"1600\" height=\"900\" src=\"https:\/\/www.tecdmx.org.mx\/wp-content\/uploads\/2023\/10\/Sesio\u0301n-25-de-Octubre.jpg\" alt=\"\" class=\"wp-image-45217\" srcset=\"https:\/\/www.tecdmx.org.mx\/wp-content\/uploads\/2023\/10\/Sesio\u0301n-25-de-Octubre-444x250.jpg 444w, https:\/\/www.tecdmx.org.mx\/wp-content\/uploads\/2023\/10\/Sesio\u0301n-25-de-Octubre-622x350.jpg 622w, https:\/\/www.tecdmx.org.mx\/wp-content\/uploads\/2023\/10\/Sesio\u0301n-25-de-Octubre-768x432.jpg 768w, https:\/\/www.tecdmx.org.mx\/wp-content\/uploads\/2023\/10\/Sesio\u0301n-25-de-Octubre-1536x864.jpg 1536w, https:\/\/www.tecdmx.org.mx\/wp-content\/uploads\/2023\/10\/Sesio\u0301n-25-de-Octubre.jpg 1600w\" sizes=\"(max-width: 1600px) 100vw, 1600px\" \/><\/figure>\n\n\n\n<p class=\"has-text-align-right\">Ciudad de M\u00e9xico, a 25 de Octubre de 2023<\/p>\n\n\n\n<p><\/p>\n\n\n\n<p class=\"has-text-align-center\"><strong>El TECDMX resolvi\u00f3 revocar la Segunda Convocatoria para la elecci\u00f3n de la Autoridad Tradicional, Subdelegado, del Pueblo Originario de Chimalcoyoc, demarcaci\u00f3n<\/strong> <strong>Tlalpan.<\/strong><\/p>\n\n\n\n<p>El Pleno del Tribunal Electoral de la Ciudad de M\u00e9xico (TECDMX), celebr\u00f3 esta tarde Sesi\u00f3n P\u00fablica en la que las Magistraturas resolvieron el siguiente Juicio de la Ciudadan\u00eda.<\/p>\n\n\n\n<figure class=\"wp-block-table\"><table><thead><tr><td><strong>Expediente<\/strong><\/td><td><strong>Acto Impugnado<\/strong><\/td><td><strong>Resoluci\u00f3n<\/strong><\/td><\/tr><\/thead><tbody><tr><td><strong>TECDMX-JLDC-193\/2022<\/strong> <strong>TECDMX-JLDC-198\/2022<\/strong><\/td><td>&nbsp;La Segunda Convocatoria para la elecci\u00f3n de la Autoridad Tradicional \u201csubdelegado\u201d del pueblo de Chimalcoyoc, demarcaci\u00f3n Tlalpan, emitida por su Junta C\u00edvica; la omisi\u00f3n de otorgar la constancia de registro para contender a dicho cargo, as\u00ed como la falta de respuesta a su escrito presentado el catorce de noviembre de 2022.<\/td><td>Se revoc\u00f3 el acto impugnado, y se orden\u00f3 a la citada Junta C\u00edvica proceder conforme a lo descrito en la Sentencia y se orden\u00f3 informar a la Sala Regional Ciudad de M\u00e9xico la ejecutoria.<\/td><\/tr><\/tbody><\/table><\/figure>\n\n\n\n<p>Aunado a lo anterior, el Pleno del TECDMX resolvi\u00f3 diversos Juicios Electorales, seg\u00fan se listan a continuaci\u00f3n:<\/p>\n\n\n\n<figure class=\"wp-block-table\"><table><thead><tr><td><strong>Expediente<\/strong><\/td><td><strong>Acto Impugnado<\/strong><\/td><td><strong>Resoluci\u00f3n<\/strong><\/td><\/tr><\/thead><tbody><tr><td><strong>TECDMX-JEL-399\/2023<\/strong><\/td><td>La resoluci\u00f3n del catorce de septiembre del presente a\u00f1o, dictada dentro del expediente 01 de 2023, por la Direcci\u00f3n Distrital 17 del Instituto Electoral de la Ciudad de M\u00e9xico.<\/td><td>Se revoc\u00f3 la resoluci\u00f3n impugnada.<\/td><\/tr><tr><td><strong>TECDMX-JEL-402\/2023<\/strong><\/td><td>La resoluci\u00f3n dictada por la Direcci\u00f3n Distrital 6 del Instituto Electoral de la Ciudad de M\u00e9xico, en el Procedimiento para resolver las inconformidades en materia de propaganda, en el que se les atribuy\u00f3 responsabilidad por la indebida promoci\u00f3n de sus candidaturas para integrar la Comisi\u00f3n de Participaci\u00f3n Comunitaria y de los proyectos para los Ejercicios Fiscales 2023 y 2024, ambos para la Unidad Territorial San Pedro el Chico, en la Demarcaci\u00f3n Territorial Gustavo A. Madero.<\/td><td>Se confirm\u00f3 en lo que fue materia de impugnaci\u00f3n el acto controvertido.<\/td><\/tr><\/tbody><\/table><\/figure>\n\n\n\n<p>Por otro lado, las Magistraturas resolvieron los siguientes Juicios de la Ciudadan\u00eda, seg\u00fan se enlista a continuaci\u00f3n:<\/p>\n\n\n\n<figure class=\"wp-block-table\"><table><thead><tr><td><strong>Expediente<\/strong><\/td><td><strong>Acto Impugnado<\/strong><\/td><td><strong>Resoluci\u00f3n<\/strong><\/td><\/tr><\/thead><tbody><tr><td><strong>TECDMX-JLDC-117\/2023<\/strong><\/td><td>La Asamblea Comunitaria celebrada el 7 de mayo de este a\u00f1o, en la cual se eligieron los proyectos para ejecutar el Presupuesto Participativo 2023 y 2024.<\/td><td>Se confirm\u00f3 lo que fue materia de impugnaci\u00f3n el acto controvertido.<\/td><\/tr><tr><td><strong>TECDMX-JLDC-119\/2023<\/strong><\/td><td>La <a>Convocatoria a la asamblea comunitaria informativa de 30 de julio de este a\u00f1o, para rendir el informe anual de la Comisi\u00f3n Sociocultural y Deportiva de dicho pueblo, ello al considerar que la autoridad responsable no cuenta con atribuciones para su emi<\/a>si\u00f3n.<\/td><td>Se sobresey\u00f3 parcialmente la demanda por los actos impugnados precisados en la parte considerativa y se reconoci\u00f3 la calidad que ostenta la parte actora como Subdelegado del Pueblo Originario de San Pedro M\u00e1rtir, demarcaci\u00f3n Tlalpan, de conformidad a lo resuelto en la Sentencia.<\/td><\/tr><tr><td><strong>TECDMX-JLDC-143\/2023<\/strong><\/td><td>La indebida la fundamentaci\u00f3n y motivaci\u00f3n de los dict\u00e1menes que declararon inviables los proyectos \u201cAGUA PARA TODOS, PORQUE TODOS SOMOS ACOPILCO\u201d, presentados a prop\u00f3sito de la Consulta de Presupuesto Participativo 2023 y 2024, en San Lorenzo Acopilco.<\/td><td>Se confirm\u00f3 lo que fue materia de impugnaci\u00f3n el acto impugnado.<\/td><\/tr><\/tbody><\/table><\/figure>\n\n\n\n<p class=\"has-text-align-center\"><strong>o-O-o<\/strong><\/p>\n","protected":false},"excerpt":{"rendered":"<p>Ciudad de M\u00e9xico, a 25 de Octubre de 2023 El TECDMX resolvi\u00f3 revocar la Segunda Convocatoria para la elecci\u00f3n de la Autoridad Tradicional, Subdelegado, del Pueblo Originario de Chimalcoyoc, demarcaci\u00f3n [&hellip;]<\/p>\n","protected":false},"author":13,"featured_media":21168,"comment_status":"open","ping_status":"open","sticky":false,"template":"","format":"standard","meta":{"_acf_changed":false,"_exactmetrics_skip_tracking":false,"_exactmetrics_sitenote_active":false,"_exactmetrics_sitenote_note":"","_exactmetrics_sitenote_category":0,"footnotes":""},"categories":[32,47],"tags":[],"acf":[],"yoast_head":"<!-- This site is optimized with the Yoast SEO plugin v22.3 - https:\/\/yoast.com\/wordpress\/plugins\/seo\/ -->\n<title>Bolet\u00edn N\u00b0 39 - Tribunal Electoral de la Ciudad de M\u00e9xico<\/title>\n<meta name=\"robots\" content=\"index, follow, max-snippet:-1, max-image-preview:large, max-video-preview:-1\" \/>\n<link rel=\"canonical\" href=\"https:\/\/www.tecdmx.org.mx\/index.php\/comunicados\/2023\/10\/25\/boletin-n-39\/\" \/>\n<meta property=\"og:locale\" content=\"es_ES\" \/>\n<meta property=\"og:type\" content=\"article\" \/>\n<meta property=\"og:title\" content=\"Bolet\u00edn N\u00b0 39 - Tribunal Electoral de la Ciudad de M\u00e9xico\" \/>\n<meta property=\"og:description\" content=\"Ciudad de M\u00e9xico, a 25 de Octubre de 2023 El TECDMX resolvi\u00f3 revocar la Segunda Convocatoria para la elecci\u00f3n de la Autoridad Tradicional, Subdelegado, del Pueblo Originario de Chimalcoyoc, demarcaci\u00f3n [&hellip;]\" \/>\n<meta property=\"og:url\" content=\"https:\/\/www.tecdmx.org.mx\/index.php\/comunicados\/2023\/10\/25\/boletin-n-39\/\" \/>\n<meta property=\"og:site_name\" content=\"Tribunal Electoral de la Ciudad de M\u00e9xico\" \/>\n<meta property=\"article:publisher\" content=\"https:\/\/www.facebook.com\/TECDMX\/\" \/>\n<meta property=\"article:published_time\" content=\"2023-10-26T02:19:43+00:00\" \/>\n<meta property=\"article:modified_time\" content=\"2023-10-26T02:19:45+00:00\" \/>\n<meta property=\"og:image\" content=\"https:\/\/www.tecdmx.org.mx\/wp-content\/uploads\/2020\/08\/comunicado_nuevo.jpg\" \/>\n\t<meta property=\"og:image:width\" content=\"600\" \/>\n\t<meta property=\"og:image:height\" content=\"366\" \/>\n\t<meta property=\"og:image:type\" content=\"image\/jpeg\" \/>\n<meta name=\"author\" content=\"Difusion2025\" \/>\n<meta name=\"twitter:card\" content=\"summary_large_image\" \/>\n<meta name=\"twitter:creator\" content=\"@tecdmx\" \/>\n<meta name=\"twitter:site\" content=\"@tecdmx\" \/>\n<meta name=\"twitter:label1\" content=\"Escrito por\" \/>\n\t<meta name=\"twitter:data1\" content=\"Difusion2025\" \/>\n\t<meta name=\"twitter:label2\" content=\"Tiempo de lectura\" \/>\n\t<meta name=\"twitter:data2\" content=\"3 minutos\" \/>\n<script type=\"application\/ld+json\" class=\"yoast-schema-graph\">{\"@context\":\"https:\/\/schema.org\",\"@graph\":[{\"@type\":\"WebPage\",\"@id\":\"https:\/\/www.tecdmx.org.mx\/index.php\/comunicados\/2023\/10\/25\/boletin-n-39\/\",\"url\":\"https:\/\/www.tecdmx.org.mx\/index.php\/comunicados\/2023\/10\/25\/boletin-n-39\/\",\"name\":\"Bolet\u00edn N\u00b0 39 - Tribunal Electoral de la Ciudad de M\u00e9xico\",\"isPartOf\":{\"@id\":\"https:\/\/www.tecdmx.org.mx\/#website\"},\"primaryImageOfPage\":{\"@id\":\"https:\/\/www.tecdmx.org.mx\/index.php\/comunicados\/2023\/10\/25\/boletin-n-39\/#primaryimage\"},\"image\":{\"@id\":\"https:\/\/www.tecdmx.org.mx\/index.php\/comunicados\/2023\/10\/25\/boletin-n-39\/#primaryimage\"},\"thumbnailUrl\":\"https:\/\/www.tecdmx.org.mx\/wp-content\/uploads\/2020\/08\/comunicado_nuevo.jpg\",\"datePublished\":\"2023-10-26T02:19:43+00:00\",\"dateModified\":\"2023-10-26T02:19:45+00:00\",\"author\":{\"@id\":\"https:\/\/www.tecdmx.org.mx\/#\/schema\/person\/208c898199fb3234203823c5f0cf31d6\"},\"breadcrumb\":{\"@id\":\"https:\/\/www.tecdmx.org.mx\/index.php\/comunicados\/2023\/10\/25\/boletin-n-39\/#breadcrumb\"},\"inLanguage\":\"es\",\"potentialAction\":[{\"@type\":\"ReadAction\",\"target\":[\"https:\/\/www.tecdmx.org.mx\/index.php\/comunicados\/2023\/10\/25\/boletin-n-39\/\"]}]},{\"@type\":\"ImageObject\",\"inLanguage\":\"es\",\"@id\":\"https:\/\/www.tecdmx.org.mx\/index.php\/comunicados\/2023\/10\/25\/boletin-n-39\/#primaryimage\",\"url\":\"https:\/\/www.tecdmx.org.mx\/wp-content\/uploads\/2020\/08\/comunicado_nuevo.jpg\",\"contentUrl\":\"https:\/\/www.tecdmx.org.mx\/wp-content\/uploads\/2020\/08\/comunicado_nuevo.jpg\",\"width\":600,\"height\":366},{\"@type\":\"BreadcrumbList\",\"@id\":\"https:\/\/www.tecdmx.org.mx\/index.php\/comunicados\/2023\/10\/25\/boletin-n-39\/#breadcrumb\",\"itemListElement\":[{\"@type\":\"ListItem\",\"position\":1,\"name\":\"Portada\",\"item\":\"https:\/\/www.tecdmx.org.mx\/\"},{\"@type\":\"ListItem\",\"position\":2,\"name\":\"Bolet\u00edn N\u00b0 39\"}]},{\"@type\":\"WebSite\",\"@id\":\"https:\/\/www.tecdmx.org.mx\/#website\",\"url\":\"https:\/\/www.tecdmx.org.mx\/\",\"name\":\"Tribunal Electoral de la Ciudad de M\u00e9xico\",\"description\":\"25 a\u00f1os garantizando justicia en tu elecci\u00f3n\",\"potentialAction\":[{\"@type\":\"SearchAction\",\"target\":{\"@type\":\"EntryPoint\",\"urlTemplate\":\"https:\/\/www.tecdmx.org.mx\/?s={search_term_string}\"},\"query-input\":\"required name=search_term_string\"}],\"inLanguage\":\"es\"},{\"@type\":\"Person\",\"@id\":\"https:\/\/www.tecdmx.org.mx\/#\/schema\/person\/208c898199fb3234203823c5f0cf31d6\",\"name\":\"Difusion2025\",\"image\":{\"@type\":\"ImageObject\",\"inLanguage\":\"es\",\"@id\":\"https:\/\/www.tecdmx.org.mx\/#\/schema\/person\/image\/\",\"url\":\"https:\/\/secure.gravatar.com\/avatar\/6f7a4ba3acb418040e90a2eb99b5df28?s=96&d=mm&r=g\",\"contentUrl\":\"https:\/\/secure.gravatar.com\/avatar\/6f7a4ba3acb418040e90a2eb99b5df28?s=96&d=mm&r=g\",\"caption\":\"Difusion2025\"}}]}<\/script>\n<!-- \/ Yoast SEO plugin. -->","yoast_head_json":{"title":"Bolet\u00edn N\u00b0 39 - Tribunal Electoral de la Ciudad de M\u00e9xico","robots":{"index":"index","follow":"follow","max-snippet":"max-snippet:-1","max-image-preview":"max-image-preview:large","max-video-preview":"max-video-preview:-1"},"canonical":"https:\/\/www.tecdmx.org.mx\/index.php\/comunicados\/2023\/10\/25\/boletin-n-39\/","og_locale":"es_ES","og_type":"article","og_title":"Bolet\u00edn N\u00b0 39 - Tribunal Electoral de la Ciudad de M\u00e9xico","og_description":"Ciudad de M\u00e9xico, a 25 de Octubre de 2023 El TECDMX resolvi\u00f3 revocar la Segunda Convocatoria para la elecci\u00f3n de la Autoridad Tradicional, Subdelegado, del Pueblo Originario de Chimalcoyoc, demarcaci\u00f3n [&hellip;]","og_url":"https:\/\/www.tecdmx.org.mx\/index.php\/comunicados\/2023\/10\/25\/boletin-n-39\/","og_site_name":"Tribunal Electoral de la Ciudad de M\u00e9xico","article_publisher":"https:\/\/www.facebook.com\/TECDMX\/","article_published_time":"2023-10-26T02:19:43+00:00","article_modified_time":"2023-10-26T02:19:45+00:00","og_image":[{"width":600,"height":366,"url":"https:\/\/www.tecdmx.org.mx\/wp-content\/uploads\/2020\/08\/comunicado_nuevo.jpg","type":"image\/jpeg"}],"author":"Difusion2025","twitter_card":"summary_large_image","twitter_creator":"@tecdmx","twitter_site":"@tecdmx","twitter_misc":{"Escrito por":"Difusion2025","Tiempo de lectura":"3 minutos"},"schema":{"@context":"https:\/\/schema.org","@graph":[{"@type":"WebPage","@id":"https:\/\/www.tecdmx.org.mx\/index.php\/comunicados\/2023\/10\/25\/boletin-n-39\/","url":"https:\/\/www.tecdmx.org.mx\/index.php\/comunicados\/2023\/10\/25\/boletin-n-39\/","name":"Bolet\u00edn N\u00b0 39 - Tribunal Electoral de la Ciudad de M\u00e9xico","isPartOf":{"@id":"https:\/\/www.tecdmx.org.mx\/#website"},"primaryImageOfPage":{"@id":"https:\/\/www.tecdmx.org.mx\/index.php\/comunicados\/2023\/10\/25\/boletin-n-39\/#primaryimage"},"image":{"@id":"https:\/\/www.tecdmx.org.mx\/index.php\/comunicados\/2023\/10\/25\/boletin-n-39\/#primaryimage"},"thumbnailUrl":"https:\/\/www.tecdmx.org.mx\/wp-content\/uploads\/2020\/08\/comunicado_nuevo.jpg","datePublished":"2023-10-26T02:19:43+00:00","dateModified":"2023-10-26T02:19:45+00:00","author":{"@id":"https:\/\/www.tecdmx.org.mx\/#\/schema\/person\/208c898199fb3234203823c5f0cf31d6"},"breadcrumb":{"@id":"https:\/\/www.tecdmx.org.mx\/index.php\/comunicados\/2023\/10\/25\/boletin-n-39\/#breadcrumb"},"inLanguage":"es","potentialAction":[{"@type":"ReadAction","target":["https:\/\/www.tecdmx.org.mx\/index.php\/comunicados\/2023\/10\/25\/boletin-n-39\/"]}]},{"@type":"ImageObject","inLanguage":"es","@id":"https:\/\/www.tecdmx.org.mx\/index.php\/comunicados\/2023\/10\/25\/boletin-n-39\/#primaryimage","url":"https:\/\/www.tecdmx.org.mx\/wp-content\/uploads\/2020\/08\/comunicado_nuevo.jpg","contentUrl":"https:\/\/www.tecdmx.org.mx\/wp-content\/uploads\/2020\/08\/comunicado_nuevo.jpg","width":600,"height":366},{"@type":"BreadcrumbList","@id":"https:\/\/www.tecdmx.org.mx\/index.php\/comunicados\/2023\/10\/25\/boletin-n-39\/#breadcrumb","itemListElement":[{"@type":"ListItem","position":1,"name":"Portada","item":"https:\/\/www.tecdmx.org.mx\/"},{"@type":"ListItem","position":2,"name":"Bolet\u00edn N\u00b0 39"}]},{"@type":"WebSite","@id":"https:\/\/www.tecdmx.org.mx\/#website","url":"https:\/\/www.tecdmx.org.mx\/","name":"Tribunal Electoral de la Ciudad de M\u00e9xico","description":"25 a\u00f1os garantizando justicia en tu elecci\u00f3n","potentialAction":[{"@type":"SearchAction","target":{"@type":"EntryPoint","urlTemplate":"https:\/\/www.tecdmx.org.mx\/?s={search_term_string}"},"query-input":"required name=search_term_string"}],"inLanguage":"es"},{"@type":"Person","@id":"https:\/\/www.tecdmx.org.mx\/#\/schema\/person\/208c898199fb3234203823c5f0cf31d6","name":"Difusion2025","image":{"@type":"ImageObject","inLanguage":"es","@id":"https:\/\/www.tecdmx.org.mx\/#\/schema\/person\/image\/","url":"https:\/\/secure.gravatar.com\/avatar\/6f7a4ba3acb418040e90a2eb99b5df28?s=96&d=mm&r=g","contentUrl":"https:\/\/secure.gravatar.com\/avatar\/6f7a4ba3acb418040e90a2eb99b5df28?s=96&d=mm&r=g","caption":"Difusion2025"}}]}},"_links":{"self":[{"href":"https:\/\/www.tecdmx.org.mx\/index.php\/wp-json\/wp\/v2\/posts\/45215"}],"collection":[{"href":"https:\/\/www.tecdmx.org.mx\/index.php\/wp-json\/wp\/v2\/posts"}],"about":[{"href":"https:\/\/www.tecdmx.org.mx\/index.php\/wp-json\/wp\/v2\/types\/post"}],"author":[{"embeddable":true,"href":"https:\/\/www.tecdmx.org.mx\/index.php\/wp-json\/wp\/v2\/users\/13"}],"replies":[{"embeddable":true,"href":"https:\/\/www.tecdmx.org.mx\/index.php\/wp-json\/wp\/v2\/comments?post=45215"}],"version-history":[{"count":2,"href":"https:\/\/www.tecdmx.org.mx\/index.php\/wp-json\/wp\/v2\/posts\/45215\/revisions"}],"predecessor-version":[{"id":45219,"href":"https:\/\/www.tecdmx.org.mx\/index.php\/wp-json\/wp\/v2\/posts\/45215\/revisions\/45219"}],"wp:featuredmedia":[{"embeddable":true,"href":"https:\/\/www.tecdmx.org.mx\/index.php\/wp-json\/wp\/v2\/media\/21168"}],"wp:attachment":[{"href":"https:\/\/www.tecdmx.org.mx\/index.php\/wp-json\/wp\/v2\/media?parent=45215"}],"wp:term":[{"taxonomy":"category","embeddable":true,"href":"https:\/\/www.tecdmx.org.mx\/index.php\/wp-json\/wp\/v2\/categories?post=45215"},{"taxonomy":"post_tag","embeddable":true,"href":"https:\/\/www.tecdmx.org.mx\/index.php\/wp-json\/wp\/v2\/tags?post=45215"}],"curies":[{"name":"wp","href":"https:\/\/api.w.org\/{rel}","templated":true}]}}