{"id":4758,"date":"2018-09-25T14:39:13","date_gmt":"2018-09-25T14:39:13","guid":{"rendered":"http:\/\/www2.tecdmx.org.mx\/?p=4758"},"modified":"2018-10-05T18:39:25","modified_gmt":"2018-10-05T18:39:25","slug":"entrega-tecdmx-declaracion-de-titular-de-jefa-de-gobierno-electa-a-claudia-sheinbaum","status":"publish","type":"post","link":"https:\/\/www.tecdmx.org.mx\/index.php\/comunicados\/2018\/09\/25\/entrega-tecdmx-declaracion-de-titular-de-jefa-de-gobierno-electa-a-claudia-sheinbaum\/","title":{"rendered":"Entrega TECDMX Declaraci\u00f3n de Titular de Jefa de Gobierno Electa a Claudia Sheinbaum"},"content":{"rendered":"<p>En Sesi\u00f3n P\u00fablica Solemne, el Magistrado Presidente, Dr. Armando Hern\u00e1ndez Cruz, las Magistradas Martha Alejandra Ch\u00e1vez Camarena y Martha Leticia Mercado Ram\u00edrez, as\u00ed como los Magistrados Gustavo Anzaldo Hern\u00e1ndez y Juan Carlos S\u00e1nchez Le\u00f3n, hicieron entrega de la Declaraci\u00f3n de Titular de Jefa de Gobierno Electa a la Dra. Claudia Sheinbaum Pardo.<\/p>\n<p>Durante la Sesi\u00f3n, el Magistrado Presidente enfatiz\u00f3 que, \u201cla legitimidad de la democracia como valor fundamental de la vida pol\u00edtica de la Ciudad de M\u00e9xico, tiene origen en la expresi\u00f3n, respeto y certeza de la voluntad de los ciudadanos. Hoy, en esta Sesi\u00f3n Solmene somos testigos, una vez m\u00e1s de que en la Ciudad de M\u00e9xico las elecciones son un instrumento democr\u00e1tico exitoso para el nombramiento de nuestros gobernantes mediante la participaci\u00f3n de la ciudadan\u00eda. As\u00ed como la interacci\u00f3n entre partidos y grupos pol\u00edticos, siempre bajo el resguardo de las instituciones electorales\u201d.<\/p>\n<p>Por su parte, la Dra. Sheinbaum Pardo destac\u00f3 las 30 acciones torales que realizar\u00e1 durante su gesti\u00f3n en diversos sectores econ\u00f3micos, sociales y pol\u00edticos. \u201cSabemos de nuestra responsabilidad hist\u00f3rica y nos vamos a entregar para construir, con innovaci\u00f3n y esperanza, una sociedad de derechos\u201d, apunt\u00f3. o-O-o<\/p>\n","protected":false},"excerpt":{"rendered":"<p>En Sesi\u00f3n P\u00fablica Solemne, el Magistrado Presidente, Dr. Armando Hern\u00e1ndez Cruz, las Magistradas Martha Alejandra Ch\u00e1vez Camarena y Martha Leticia Mercado Ram\u00edrez, as\u00ed como los Magistrados Gustavo Anzaldo Hern\u00e1ndez y [&hellip;]<\/p>\n","protected":false},"author":13,"featured_media":3208,"comment_status":"open","ping_status":"open","sticky":false,"template":"","format":"standard","meta":{"_acf_changed":false,"_exactmetrics_skip_tracking":false,"_exactmetrics_sitenote_active":false,"_exactmetrics_sitenote_note":"","_exactmetrics_sitenote_category":0,"footnotes":""},"categories":[32],"tags":[],"acf":[],"yoast_head":"<!-- This site is optimized with the Yoast SEO plugin v22.3 - https:\/\/yoast.com\/wordpress\/plugins\/seo\/ -->\n<title>Entrega TECDMX Declaraci\u00f3n de Titular de Jefa de Gobierno Electa a Claudia Sheinbaum - Tribunal Electoral de la Ciudad de M\u00e9xico<\/title>\n<meta name=\"robots\" content=\"index, follow, max-snippet:-1, max-image-preview:large, max-video-preview:-1\" \/>\n<link rel=\"canonical\" href=\"https:\/\/www.tecdmx.org.mx\/index.php\/comunicados\/2018\/09\/25\/entrega-tecdmx-declaracion-de-titular-de-jefa-de-gobierno-electa-a-claudia-sheinbaum\/\" \/>\n<meta property=\"og:locale\" content=\"es_ES\" \/>\n<meta property=\"og:type\" content=\"article\" \/>\n<meta property=\"og:title\" content=\"Entrega TECDMX Declaraci\u00f3n de Titular de Jefa de Gobierno Electa a Claudia Sheinbaum - Tribunal Electoral de la Ciudad de M\u00e9xico\" \/>\n<meta property=\"og:description\" content=\"En Sesi\u00f3n P\u00fablica Solemne, el Magistrado Presidente, Dr. Armando Hern\u00e1ndez Cruz, las Magistradas Martha Alejandra Ch\u00e1vez Camarena y Martha Leticia Mercado Ram\u00edrez, as\u00ed como los Magistrados Gustavo Anzaldo Hern\u00e1ndez y [&hellip;]\" \/>\n<meta property=\"og:url\" content=\"https:\/\/www.tecdmx.org.mx\/index.php\/comunicados\/2018\/09\/25\/entrega-tecdmx-declaracion-de-titular-de-jefa-de-gobierno-electa-a-claudia-sheinbaum\/\" \/>\n<meta property=\"og:site_name\" content=\"Tribunal Electoral de la Ciudad de M\u00e9xico\" \/>\n<meta property=\"article:publisher\" content=\"https:\/\/www.facebook.com\/TECDMX\/\" \/>\n<meta property=\"article:published_time\" content=\"2018-09-25T14:39:13+00:00\" \/>\n<meta property=\"article:modified_time\" content=\"2018-10-05T18:39:25+00:00\" \/>\n<meta property=\"og:image\" content=\"https:\/\/www.tecdmx.org.mx\/wp-content\/uploads\/2018\/07\/COMUNICADO.jpg\" \/>\n\t<meta property=\"og:image:width\" content=\"2247\" \/>\n\t<meta property=\"og:image:height\" content=\"1277\" \/>\n\t<meta property=\"og:image:type\" content=\"image\/jpeg\" \/>\n<meta name=\"author\" content=\"Difusion2025\" \/>\n<meta name=\"twitter:card\" content=\"summary_large_image\" \/>\n<meta name=\"twitter:creator\" content=\"@tecdmx\" \/>\n<meta name=\"twitter:site\" content=\"@tecdmx\" \/>\n<meta name=\"twitter:label1\" content=\"Escrito por\" \/>\n\t<meta name=\"twitter:data1\" content=\"Difusion2025\" \/>\n\t<meta name=\"twitter:label2\" content=\"Tiempo de lectura\" \/>\n\t<meta name=\"twitter:data2\" content=\"1 minuto\" \/>\n<script type=\"application\/ld+json\" class=\"yoast-schema-graph\">{\"@context\":\"https:\/\/schema.org\",\"@graph\":[{\"@type\":\"WebPage\",\"@id\":\"https:\/\/www.tecdmx.org.mx\/index.php\/comunicados\/2018\/09\/25\/entrega-tecdmx-declaracion-de-titular-de-jefa-de-gobierno-electa-a-claudia-sheinbaum\/\",\"url\":\"https:\/\/www.tecdmx.org.mx\/index.php\/comunicados\/2018\/09\/25\/entrega-tecdmx-declaracion-de-titular-de-jefa-de-gobierno-electa-a-claudia-sheinbaum\/\",\"name\":\"Entrega TECDMX Declaraci\u00f3n de Titular de Jefa de Gobierno Electa a Claudia Sheinbaum - Tribunal Electoral de la Ciudad de M\u00e9xico\",\"isPartOf\":{\"@id\":\"https:\/\/www.tecdmx.org.mx\/#website\"},\"primaryImageOfPage\":{\"@id\":\"https:\/\/www.tecdmx.org.mx\/index.php\/comunicados\/2018\/09\/25\/entrega-tecdmx-declaracion-de-titular-de-jefa-de-gobierno-electa-a-claudia-sheinbaum\/#primaryimage\"},\"image\":{\"@id\":\"https:\/\/www.tecdmx.org.mx\/index.php\/comunicados\/2018\/09\/25\/entrega-tecdmx-declaracion-de-titular-de-jefa-de-gobierno-electa-a-claudia-sheinbaum\/#primaryimage\"},\"thumbnailUrl\":\"https:\/\/www.tecdmx.org.mx\/wp-content\/uploads\/2018\/07\/COMUNICADO.jpg\",\"datePublished\":\"2018-09-25T14:39:13+00:00\",\"dateModified\":\"2018-10-05T18:39:25+00:00\",\"author\":{\"@id\":\"https:\/\/www.tecdmx.org.mx\/#\/schema\/person\/208c898199fb3234203823c5f0cf31d6\"},\"breadcrumb\":{\"@id\":\"https:\/\/www.tecdmx.org.mx\/index.php\/comunicados\/2018\/09\/25\/entrega-tecdmx-declaracion-de-titular-de-jefa-de-gobierno-electa-a-claudia-sheinbaum\/#breadcrumb\"},\"inLanguage\":\"es\",\"potentialAction\":[{\"@type\":\"ReadAction\",\"target\":[\"https:\/\/www.tecdmx.org.mx\/index.php\/comunicados\/2018\/09\/25\/entrega-tecdmx-declaracion-de-titular-de-jefa-de-gobierno-electa-a-claudia-sheinbaum\/\"]}]},{\"@type\":\"ImageObject\",\"inLanguage\":\"es\",\"@id\":\"https:\/\/www.tecdmx.org.mx\/index.php\/comunicados\/2018\/09\/25\/entrega-tecdmx-declaracion-de-titular-de-jefa-de-gobierno-electa-a-claudia-sheinbaum\/#primaryimage\",\"url\":\"https:\/\/www.tecdmx.org.mx\/wp-content\/uploads\/2018\/07\/COMUNICADO.jpg\",\"contentUrl\":\"https:\/\/www.tecdmx.org.mx\/wp-content\/uploads\/2018\/07\/COMUNICADO.jpg\",\"width\":2247,\"height\":1277},{\"@type\":\"BreadcrumbList\",\"@id\":\"https:\/\/www.tecdmx.org.mx\/index.php\/comunicados\/2018\/09\/25\/entrega-tecdmx-declaracion-de-titular-de-jefa-de-gobierno-electa-a-claudia-sheinbaum\/#breadcrumb\",\"itemListElement\":[{\"@type\":\"ListItem\",\"position\":1,\"name\":\"Portada\",\"item\":\"https:\/\/www.tecdmx.org.mx\/\"},{\"@type\":\"ListItem\",\"position\":2,\"name\":\"Entrega TECDMX Declaraci\u00f3n de Titular de Jefa de Gobierno Electa a Claudia Sheinbaum\"}]},{\"@type\":\"WebSite\",\"@id\":\"https:\/\/www.tecdmx.org.mx\/#website\",\"url\":\"https:\/\/www.tecdmx.org.mx\/\",\"name\":\"Tribunal Electoral de la Ciudad de M\u00e9xico\",\"description\":\"25 a\u00f1os garantizando justicia en tu elecci\u00f3n\",\"potentialAction\":[{\"@type\":\"SearchAction\",\"target\":{\"@type\":\"EntryPoint\",\"urlTemplate\":\"https:\/\/www.tecdmx.org.mx\/?s={search_term_string}\"},\"query-input\":\"required name=search_term_string\"}],\"inLanguage\":\"es\"},{\"@type\":\"Person\",\"@id\":\"https:\/\/www.tecdmx.org.mx\/#\/schema\/person\/208c898199fb3234203823c5f0cf31d6\",\"name\":\"Difusion2025\",\"image\":{\"@type\":\"ImageObject\",\"inLanguage\":\"es\",\"@id\":\"https:\/\/www.tecdmx.org.mx\/#\/schema\/person\/image\/\",\"url\":\"https:\/\/secure.gravatar.com\/avatar\/6f7a4ba3acb418040e90a2eb99b5df28?s=96&d=mm&r=g\",\"contentUrl\":\"https:\/\/secure.gravatar.com\/avatar\/6f7a4ba3acb418040e90a2eb99b5df28?s=96&d=mm&r=g\",\"caption\":\"Difusion2025\"}}]}<\/script>\n<!-- \/ Yoast SEO plugin. -->","yoast_head_json":{"title":"Entrega TECDMX Declaraci\u00f3n de Titular de Jefa de Gobierno Electa a Claudia Sheinbaum - Tribunal Electoral de la Ciudad de M\u00e9xico","robots":{"index":"index","follow":"follow","max-snippet":"max-snippet:-1","max-image-preview":"max-image-preview:large","max-video-preview":"max-video-preview:-1"},"canonical":"https:\/\/www.tecdmx.org.mx\/index.php\/comunicados\/2018\/09\/25\/entrega-tecdmx-declaracion-de-titular-de-jefa-de-gobierno-electa-a-claudia-sheinbaum\/","og_locale":"es_ES","og_type":"article","og_title":"Entrega TECDMX Declaraci\u00f3n de Titular de Jefa de Gobierno Electa a Claudia Sheinbaum - Tribunal Electoral de la Ciudad de M\u00e9xico","og_description":"En Sesi\u00f3n P\u00fablica Solemne, el Magistrado Presidente, Dr. Armando Hern\u00e1ndez Cruz, las Magistradas Martha Alejandra Ch\u00e1vez Camarena y Martha Leticia Mercado Ram\u00edrez, as\u00ed como los Magistrados Gustavo Anzaldo Hern\u00e1ndez y [&hellip;]","og_url":"https:\/\/www.tecdmx.org.mx\/index.php\/comunicados\/2018\/09\/25\/entrega-tecdmx-declaracion-de-titular-de-jefa-de-gobierno-electa-a-claudia-sheinbaum\/","og_site_name":"Tribunal Electoral de la Ciudad de M\u00e9xico","article_publisher":"https:\/\/www.facebook.com\/TECDMX\/","article_published_time":"2018-09-25T14:39:13+00:00","article_modified_time":"2018-10-05T18:39:25+00:00","og_image":[{"width":2247,"height":1277,"url":"https:\/\/www.tecdmx.org.mx\/wp-content\/uploads\/2018\/07\/COMUNICADO.jpg","type":"image\/jpeg"}],"author":"Difusion2025","twitter_card":"summary_large_image","twitter_creator":"@tecdmx","twitter_site":"@tecdmx","twitter_misc":{"Escrito por":"Difusion2025","Tiempo de lectura":"1 minuto"},"schema":{"@context":"https:\/\/schema.org","@graph":[{"@type":"WebPage","@id":"https:\/\/www.tecdmx.org.mx\/index.php\/comunicados\/2018\/09\/25\/entrega-tecdmx-declaracion-de-titular-de-jefa-de-gobierno-electa-a-claudia-sheinbaum\/","url":"https:\/\/www.tecdmx.org.mx\/index.php\/comunicados\/2018\/09\/25\/entrega-tecdmx-declaracion-de-titular-de-jefa-de-gobierno-electa-a-claudia-sheinbaum\/","name":"Entrega TECDMX Declaraci\u00f3n de Titular de Jefa de Gobierno Electa a Claudia Sheinbaum - Tribunal Electoral de la Ciudad de M\u00e9xico","isPartOf":{"@id":"https:\/\/www.tecdmx.org.mx\/#website"},"primaryImageOfPage":{"@id":"https:\/\/www.tecdmx.org.mx\/index.php\/comunicados\/2018\/09\/25\/entrega-tecdmx-declaracion-de-titular-de-jefa-de-gobierno-electa-a-claudia-sheinbaum\/#primaryimage"},"image":{"@id":"https:\/\/www.tecdmx.org.mx\/index.php\/comunicados\/2018\/09\/25\/entrega-tecdmx-declaracion-de-titular-de-jefa-de-gobierno-electa-a-claudia-sheinbaum\/#primaryimage"},"thumbnailUrl":"https:\/\/www.tecdmx.org.mx\/wp-content\/uploads\/2018\/07\/COMUNICADO.jpg","datePublished":"2018-09-25T14:39:13+00:00","dateModified":"2018-10-05T18:39:25+00:00","author":{"@id":"https:\/\/www.tecdmx.org.mx\/#\/schema\/person\/208c898199fb3234203823c5f0cf31d6"},"breadcrumb":{"@id":"https:\/\/www.tecdmx.org.mx\/index.php\/comunicados\/2018\/09\/25\/entrega-tecdmx-declaracion-de-titular-de-jefa-de-gobierno-electa-a-claudia-sheinbaum\/#breadcrumb"},"inLanguage":"es","potentialAction":[{"@type":"ReadAction","target":["https:\/\/www.tecdmx.org.mx\/index.php\/comunicados\/2018\/09\/25\/entrega-tecdmx-declaracion-de-titular-de-jefa-de-gobierno-electa-a-claudia-sheinbaum\/"]}]},{"@type":"ImageObject","inLanguage":"es","@id":"https:\/\/www.tecdmx.org.mx\/index.php\/comunicados\/2018\/09\/25\/entrega-tecdmx-declaracion-de-titular-de-jefa-de-gobierno-electa-a-claudia-sheinbaum\/#primaryimage","url":"https:\/\/www.tecdmx.org.mx\/wp-content\/uploads\/2018\/07\/COMUNICADO.jpg","contentUrl":"https:\/\/www.tecdmx.org.mx\/wp-content\/uploads\/2018\/07\/COMUNICADO.jpg","width":2247,"height":1277},{"@type":"BreadcrumbList","@id":"https:\/\/www.tecdmx.org.mx\/index.php\/comunicados\/2018\/09\/25\/entrega-tecdmx-declaracion-de-titular-de-jefa-de-gobierno-electa-a-claudia-sheinbaum\/#breadcrumb","itemListElement":[{"@type":"ListItem","position":1,"name":"Portada","item":"https:\/\/www.tecdmx.org.mx\/"},{"@type":"ListItem","position":2,"name":"Entrega TECDMX Declaraci\u00f3n de Titular de Jefa de Gobierno Electa a Claudia Sheinbaum"}]},{"@type":"WebSite","@id":"https:\/\/www.tecdmx.org.mx\/#website","url":"https:\/\/www.tecdmx.org.mx\/","name":"Tribunal Electoral de la Ciudad de M\u00e9xico","description":"25 a\u00f1os garantizando justicia en tu elecci\u00f3n","potentialAction":[{"@type":"SearchAction","target":{"@type":"EntryPoint","urlTemplate":"https:\/\/www.tecdmx.org.mx\/?s={search_term_string}"},"query-input":"required name=search_term_string"}],"inLanguage":"es"},{"@type":"Person","@id":"https:\/\/www.tecdmx.org.mx\/#\/schema\/person\/208c898199fb3234203823c5f0cf31d6","name":"Difusion2025","image":{"@type":"ImageObject","inLanguage":"es","@id":"https:\/\/www.tecdmx.org.mx\/#\/schema\/person\/image\/","url":"https:\/\/secure.gravatar.com\/avatar\/6f7a4ba3acb418040e90a2eb99b5df28?s=96&d=mm&r=g","contentUrl":"https:\/\/secure.gravatar.com\/avatar\/6f7a4ba3acb418040e90a2eb99b5df28?s=96&d=mm&r=g","caption":"Difusion2025"}}]}},"_links":{"self":[{"href":"https:\/\/www.tecdmx.org.mx\/index.php\/wp-json\/wp\/v2\/posts\/4758"}],"collection":[{"href":"https:\/\/www.tecdmx.org.mx\/index.php\/wp-json\/wp\/v2\/posts"}],"about":[{"href":"https:\/\/www.tecdmx.org.mx\/index.php\/wp-json\/wp\/v2\/types\/post"}],"author":[{"embeddable":true,"href":"https:\/\/www.tecdmx.org.mx\/index.php\/wp-json\/wp\/v2\/users\/13"}],"replies":[{"embeddable":true,"href":"https:\/\/www.tecdmx.org.mx\/index.php\/wp-json\/wp\/v2\/comments?post=4758"}],"version-history":[{"count":1,"href":"https:\/\/www.tecdmx.org.mx\/index.php\/wp-json\/wp\/v2\/posts\/4758\/revisions"}],"predecessor-version":[{"id":4760,"href":"https:\/\/www.tecdmx.org.mx\/index.php\/wp-json\/wp\/v2\/posts\/4758\/revisions\/4760"}],"wp:featuredmedia":[{"embeddable":true,"href":"https:\/\/www.tecdmx.org.mx\/index.php\/wp-json\/wp\/v2\/media\/3208"}],"wp:attachment":[{"href":"https:\/\/www.tecdmx.org.mx\/index.php\/wp-json\/wp\/v2\/media?parent=4758"}],"wp:term":[{"taxonomy":"category","embeddable":true,"href":"https:\/\/www.tecdmx.org.mx\/index.php\/wp-json\/wp\/v2\/categories?post=4758"},{"taxonomy":"post_tag","embeddable":true,"href":"https:\/\/www.tecdmx.org.mx\/index.php\/wp-json\/wp\/v2\/tags?post=4758"}],"curies":[{"name":"wp","href":"https:\/\/api.w.org\/{rel}","templated":true}]}}