{"id":4798,"date":"2018-08-23T16:08:49","date_gmt":"2018-08-23T16:08:49","guid":{"rendered":"http:\/\/www2.tecdmx.org.mx\/?p=4798"},"modified":"2018-10-05T18:42:22","modified_gmt":"2018-10-05T18:42:22","slug":"reciben-magistrada-martha-mercado-ramirez-y-magistrado-juan-carlos-sanchez-leon-a-representante-del-centro-de-investigacion-y-aprendizaje-de-la-ifes-b-77-230818-23-de-agosto-de-2018","status":"publish","type":"post","link":"https:\/\/www.tecdmx.org.mx\/index.php\/comunicados\/2018\/08\/23\/reciben-magistrada-martha-mercado-ramirez-y-magistrado-juan-carlos-sanchez-leon-a-representante-del-centro-de-investigacion-y-aprendizaje-de-la-ifes-b-77-230818-23-de-agosto-de-2018\/","title":{"rendered":"Reciben Magistrada Martha Mercado Ram\u00edrez y Magistrado Juan Carlos S\u00e1nchez Le\u00f3n a representante del Centro de Investigaci\u00f3n y Aprendizaje de la IFES. (B-77-230818) 23 de agosto de 2018"},"content":{"rendered":"<p>La Magistrada del Tribunal Electoral de la Ciudad de M\u00e9xico (TECDMX), Martha Mercado Ram\u00edrez y el Magistrado Juan Carlos S\u00e1nchez Le\u00f3n sostuvieron una Reuni\u00f3n de Trabajo con Katherine Ellena, Asesora Legal del Centro de Investigaci\u00f3n y Aprendizaje de la Fundaci\u00f3n Internacional para Sistemas Electorales (IFES, por sus siglas en ingl\u00e9s), con el fin de dar seguimiento al an\u00e1lisis del funcionamiento del sistema electoral mexicano, desde una perspectiva jurisdiccional.<\/p>\n<p>Durante la reuni\u00f3n, realizada en la sede del TECDMX, la Magistrada Martha Mercado Ram\u00edrez y el Magistrado Juan Carlos S\u00e1nchez Le\u00f3n dieron la bienvenida a la especialista y le explicaron c\u00f3mo se desarrollan los Procesos Electorales en la Ciudad de M\u00e9xico y respondieron algunas inquietudes en torno a las sentencias emitidas por este tribunal; los derechos pol\u00edticos de pueblos y comunidades ind\u00edgenas; paridad de g\u00e9nero; la Reforma Pol\u00edtico-Electoral, su aplicaci\u00f3n, y estrategias de capacitaci\u00f3n al personal jurisdiccional.<\/p>\n<p>Durante el c\u00f3nclave, la Magistrada y el Magistrado de este Tribunal informaron de manera precisa los temas que solicit\u00f3 Katherine Ellena, con el fin de contribuir a la realizaci\u00f3n de la Evaluaci\u00f3n 2018, Justicia Electoral en M\u00e9xico, realizada por la IFES, misma que enfoca su trabajo en la promoci\u00f3n de la democracia, los derechos pol\u00edticos de los ciudadanos y la buena gobernanza. &#8212;oOo&#8212;<\/p>\n","protected":false},"excerpt":{"rendered":"<p>La Magistrada del Tribunal Electoral de la Ciudad de M\u00e9xico (TECDMX), Martha Mercado Ram\u00edrez y el Magistrado Juan Carlos S\u00e1nchez Le\u00f3n sostuvieron una Reuni\u00f3n de Trabajo con Katherine Ellena, Asesora [&hellip;]<\/p>\n","protected":false},"author":13,"featured_media":3208,"comment_status":"open","ping_status":"open","sticky":false,"template":"","format":"standard","meta":{"_acf_changed":false,"_exactmetrics_skip_tracking":false,"_exactmetrics_sitenote_active":false,"_exactmetrics_sitenote_note":"","_exactmetrics_sitenote_category":0,"footnotes":""},"categories":[32],"tags":[],"acf":[],"yoast_head":"<!-- This site is optimized with the Yoast SEO plugin v22.3 - https:\/\/yoast.com\/wordpress\/plugins\/seo\/ -->\n<title>Reciben Magistrada Martha Mercado Ram\u00edrez y Magistrado Juan Carlos S\u00e1nchez Le\u00f3n a representante del Centro de Investigaci\u00f3n y Aprendizaje de la IFES. (B-77-230818) 23 de agosto de 2018 - Tribunal Electoral de la Ciudad de M\u00e9xico<\/title>\n<meta name=\"robots\" content=\"index, follow, max-snippet:-1, max-image-preview:large, max-video-preview:-1\" \/>\n<link rel=\"canonical\" href=\"https:\/\/www.tecdmx.org.mx\/index.php\/comunicados\/2018\/08\/23\/reciben-magistrada-martha-mercado-ramirez-y-magistrado-juan-carlos-sanchez-leon-a-representante-del-centro-de-investigacion-y-aprendizaje-de-la-ifes-b-77-230818-23-de-agosto-de-2018\/\" \/>\n<meta property=\"og:locale\" content=\"es_ES\" \/>\n<meta property=\"og:type\" content=\"article\" \/>\n<meta property=\"og:title\" content=\"Reciben Magistrada Martha Mercado Ram\u00edrez y Magistrado Juan Carlos S\u00e1nchez Le\u00f3n a representante del Centro de Investigaci\u00f3n y Aprendizaje de la IFES. (B-77-230818) 23 de agosto de 2018 - Tribunal Electoral de la Ciudad de M\u00e9xico\" \/>\n<meta property=\"og:description\" content=\"La Magistrada del Tribunal Electoral de la Ciudad de M\u00e9xico (TECDMX), Martha Mercado Ram\u00edrez y el Magistrado Juan Carlos S\u00e1nchez Le\u00f3n sostuvieron una Reuni\u00f3n de Trabajo con Katherine Ellena, Asesora [&hellip;]\" \/>\n<meta property=\"og:url\" content=\"https:\/\/www.tecdmx.org.mx\/index.php\/comunicados\/2018\/08\/23\/reciben-magistrada-martha-mercado-ramirez-y-magistrado-juan-carlos-sanchez-leon-a-representante-del-centro-de-investigacion-y-aprendizaje-de-la-ifes-b-77-230818-23-de-agosto-de-2018\/\" \/>\n<meta property=\"og:site_name\" content=\"Tribunal Electoral de la Ciudad de M\u00e9xico\" \/>\n<meta property=\"article:publisher\" content=\"https:\/\/www.facebook.com\/TECDMX\/\" \/>\n<meta property=\"article:published_time\" content=\"2018-08-23T16:08:49+00:00\" \/>\n<meta property=\"article:modified_time\" content=\"2018-10-05T18:42:22+00:00\" \/>\n<meta property=\"og:image\" content=\"https:\/\/www.tecdmx.org.mx\/wp-content\/uploads\/2018\/07\/COMUNICADO.jpg\" \/>\n\t<meta property=\"og:image:width\" content=\"2247\" \/>\n\t<meta property=\"og:image:height\" content=\"1277\" \/>\n\t<meta property=\"og:image:type\" content=\"image\/jpeg\" \/>\n<meta name=\"author\" content=\"Difusion2025\" \/>\n<meta name=\"twitter:card\" content=\"summary_large_image\" \/>\n<meta name=\"twitter:creator\" content=\"@tecdmx\" \/>\n<meta name=\"twitter:site\" content=\"@tecdmx\" \/>\n<meta name=\"twitter:label1\" content=\"Escrito por\" \/>\n\t<meta name=\"twitter:data1\" content=\"Difusion2025\" \/>\n\t<meta name=\"twitter:label2\" content=\"Tiempo de lectura\" \/>\n\t<meta name=\"twitter:data2\" content=\"1 minuto\" \/>\n<script type=\"application\/ld+json\" class=\"yoast-schema-graph\">{\"@context\":\"https:\/\/schema.org\",\"@graph\":[{\"@type\":\"WebPage\",\"@id\":\"https:\/\/www.tecdmx.org.mx\/index.php\/comunicados\/2018\/08\/23\/reciben-magistrada-martha-mercado-ramirez-y-magistrado-juan-carlos-sanchez-leon-a-representante-del-centro-de-investigacion-y-aprendizaje-de-la-ifes-b-77-230818-23-de-agosto-de-2018\/\",\"url\":\"https:\/\/www.tecdmx.org.mx\/index.php\/comunicados\/2018\/08\/23\/reciben-magistrada-martha-mercado-ramirez-y-magistrado-juan-carlos-sanchez-leon-a-representante-del-centro-de-investigacion-y-aprendizaje-de-la-ifes-b-77-230818-23-de-agosto-de-2018\/\",\"name\":\"Reciben Magistrada Martha Mercado Ram\u00edrez y Magistrado Juan Carlos S\u00e1nchez Le\u00f3n a representante del Centro de Investigaci\u00f3n y Aprendizaje de la IFES. (B-77-230818) 23 de agosto de 2018 - Tribunal Electoral de la Ciudad de M\u00e9xico\",\"isPartOf\":{\"@id\":\"https:\/\/www.tecdmx.org.mx\/#website\"},\"primaryImageOfPage\":{\"@id\":\"https:\/\/www.tecdmx.org.mx\/index.php\/comunicados\/2018\/08\/23\/reciben-magistrada-martha-mercado-ramirez-y-magistrado-juan-carlos-sanchez-leon-a-representante-del-centro-de-investigacion-y-aprendizaje-de-la-ifes-b-77-230818-23-de-agosto-de-2018\/#primaryimage\"},\"image\":{\"@id\":\"https:\/\/www.tecdmx.org.mx\/index.php\/comunicados\/2018\/08\/23\/reciben-magistrada-martha-mercado-ramirez-y-magistrado-juan-carlos-sanchez-leon-a-representante-del-centro-de-investigacion-y-aprendizaje-de-la-ifes-b-77-230818-23-de-agosto-de-2018\/#primaryimage\"},\"thumbnailUrl\":\"https:\/\/www.tecdmx.org.mx\/wp-content\/uploads\/2018\/07\/COMUNICADO.jpg\",\"datePublished\":\"2018-08-23T16:08:49+00:00\",\"dateModified\":\"2018-10-05T18:42:22+00:00\",\"author\":{\"@id\":\"https:\/\/www.tecdmx.org.mx\/#\/schema\/person\/208c898199fb3234203823c5f0cf31d6\"},\"breadcrumb\":{\"@id\":\"https:\/\/www.tecdmx.org.mx\/index.php\/comunicados\/2018\/08\/23\/reciben-magistrada-martha-mercado-ramirez-y-magistrado-juan-carlos-sanchez-leon-a-representante-del-centro-de-investigacion-y-aprendizaje-de-la-ifes-b-77-230818-23-de-agosto-de-2018\/#breadcrumb\"},\"inLanguage\":\"es\",\"potentialAction\":[{\"@type\":\"ReadAction\",\"target\":[\"https:\/\/www.tecdmx.org.mx\/index.php\/comunicados\/2018\/08\/23\/reciben-magistrada-martha-mercado-ramirez-y-magistrado-juan-carlos-sanchez-leon-a-representante-del-centro-de-investigacion-y-aprendizaje-de-la-ifes-b-77-230818-23-de-agosto-de-2018\/\"]}]},{\"@type\":\"ImageObject\",\"inLanguage\":\"es\",\"@id\":\"https:\/\/www.tecdmx.org.mx\/index.php\/comunicados\/2018\/08\/23\/reciben-magistrada-martha-mercado-ramirez-y-magistrado-juan-carlos-sanchez-leon-a-representante-del-centro-de-investigacion-y-aprendizaje-de-la-ifes-b-77-230818-23-de-agosto-de-2018\/#primaryimage\",\"url\":\"https:\/\/www.tecdmx.org.mx\/wp-content\/uploads\/2018\/07\/COMUNICADO.jpg\",\"contentUrl\":\"https:\/\/www.tecdmx.org.mx\/wp-content\/uploads\/2018\/07\/COMUNICADO.jpg\",\"width\":2247,\"height\":1277},{\"@type\":\"BreadcrumbList\",\"@id\":\"https:\/\/www.tecdmx.org.mx\/index.php\/comunicados\/2018\/08\/23\/reciben-magistrada-martha-mercado-ramirez-y-magistrado-juan-carlos-sanchez-leon-a-representante-del-centro-de-investigacion-y-aprendizaje-de-la-ifes-b-77-230818-23-de-agosto-de-2018\/#breadcrumb\",\"itemListElement\":[{\"@type\":\"ListItem\",\"position\":1,\"name\":\"Portada\",\"item\":\"https:\/\/www.tecdmx.org.mx\/\"},{\"@type\":\"ListItem\",\"position\":2,\"name\":\"Reciben Magistrada Martha Mercado Ram\u00edrez y Magistrado Juan Carlos S\u00e1nchez Le\u00f3n a representante del Centro de Investigaci\u00f3n y Aprendizaje de la IFES. (B-77-230818) 23 de agosto de 2018\"}]},{\"@type\":\"WebSite\",\"@id\":\"https:\/\/www.tecdmx.org.mx\/#website\",\"url\":\"https:\/\/www.tecdmx.org.mx\/\",\"name\":\"Tribunal Electoral de la Ciudad de M\u00e9xico\",\"description\":\"25 a\u00f1os garantizando justicia en tu elecci\u00f3n\",\"potentialAction\":[{\"@type\":\"SearchAction\",\"target\":{\"@type\":\"EntryPoint\",\"urlTemplate\":\"https:\/\/www.tecdmx.org.mx\/?s={search_term_string}\"},\"query-input\":\"required name=search_term_string\"}],\"inLanguage\":\"es\"},{\"@type\":\"Person\",\"@id\":\"https:\/\/www.tecdmx.org.mx\/#\/schema\/person\/208c898199fb3234203823c5f0cf31d6\",\"name\":\"Difusion2025\",\"image\":{\"@type\":\"ImageObject\",\"inLanguage\":\"es\",\"@id\":\"https:\/\/www.tecdmx.org.mx\/#\/schema\/person\/image\/\",\"url\":\"https:\/\/secure.gravatar.com\/avatar\/6f7a4ba3acb418040e90a2eb99b5df28?s=96&d=mm&r=g\",\"contentUrl\":\"https:\/\/secure.gravatar.com\/avatar\/6f7a4ba3acb418040e90a2eb99b5df28?s=96&d=mm&r=g\",\"caption\":\"Difusion2025\"}}]}<\/script>\n<!-- \/ Yoast SEO plugin. -->","yoast_head_json":{"title":"Reciben Magistrada Martha Mercado Ram\u00edrez y Magistrado Juan Carlos S\u00e1nchez Le\u00f3n a representante del Centro de Investigaci\u00f3n y Aprendizaje de la IFES. (B-77-230818) 23 de agosto de 2018 - Tribunal Electoral de la Ciudad de M\u00e9xico","robots":{"index":"index","follow":"follow","max-snippet":"max-snippet:-1","max-image-preview":"max-image-preview:large","max-video-preview":"max-video-preview:-1"},"canonical":"https:\/\/www.tecdmx.org.mx\/index.php\/comunicados\/2018\/08\/23\/reciben-magistrada-martha-mercado-ramirez-y-magistrado-juan-carlos-sanchez-leon-a-representante-del-centro-de-investigacion-y-aprendizaje-de-la-ifes-b-77-230818-23-de-agosto-de-2018\/","og_locale":"es_ES","og_type":"article","og_title":"Reciben Magistrada Martha Mercado Ram\u00edrez y Magistrado Juan Carlos S\u00e1nchez Le\u00f3n a representante del Centro de Investigaci\u00f3n y Aprendizaje de la IFES. (B-77-230818) 23 de agosto de 2018 - Tribunal Electoral de la Ciudad de M\u00e9xico","og_description":"La Magistrada del Tribunal Electoral de la Ciudad de M\u00e9xico (TECDMX), Martha Mercado Ram\u00edrez y el Magistrado Juan Carlos S\u00e1nchez Le\u00f3n sostuvieron una Reuni\u00f3n de Trabajo con Katherine Ellena, Asesora [&hellip;]","og_url":"https:\/\/www.tecdmx.org.mx\/index.php\/comunicados\/2018\/08\/23\/reciben-magistrada-martha-mercado-ramirez-y-magistrado-juan-carlos-sanchez-leon-a-representante-del-centro-de-investigacion-y-aprendizaje-de-la-ifes-b-77-230818-23-de-agosto-de-2018\/","og_site_name":"Tribunal Electoral de la Ciudad de M\u00e9xico","article_publisher":"https:\/\/www.facebook.com\/TECDMX\/","article_published_time":"2018-08-23T16:08:49+00:00","article_modified_time":"2018-10-05T18:42:22+00:00","og_image":[{"width":2247,"height":1277,"url":"https:\/\/www.tecdmx.org.mx\/wp-content\/uploads\/2018\/07\/COMUNICADO.jpg","type":"image\/jpeg"}],"author":"Difusion2025","twitter_card":"summary_large_image","twitter_creator":"@tecdmx","twitter_site":"@tecdmx","twitter_misc":{"Escrito por":"Difusion2025","Tiempo de lectura":"1 minuto"},"schema":{"@context":"https:\/\/schema.org","@graph":[{"@type":"WebPage","@id":"https:\/\/www.tecdmx.org.mx\/index.php\/comunicados\/2018\/08\/23\/reciben-magistrada-martha-mercado-ramirez-y-magistrado-juan-carlos-sanchez-leon-a-representante-del-centro-de-investigacion-y-aprendizaje-de-la-ifes-b-77-230818-23-de-agosto-de-2018\/","url":"https:\/\/www.tecdmx.org.mx\/index.php\/comunicados\/2018\/08\/23\/reciben-magistrada-martha-mercado-ramirez-y-magistrado-juan-carlos-sanchez-leon-a-representante-del-centro-de-investigacion-y-aprendizaje-de-la-ifes-b-77-230818-23-de-agosto-de-2018\/","name":"Reciben Magistrada Martha Mercado Ram\u00edrez y Magistrado Juan Carlos S\u00e1nchez Le\u00f3n a representante del Centro de Investigaci\u00f3n y Aprendizaje de la IFES. (B-77-230818) 23 de agosto de 2018 - Tribunal Electoral de la Ciudad de M\u00e9xico","isPartOf":{"@id":"https:\/\/www.tecdmx.org.mx\/#website"},"primaryImageOfPage":{"@id":"https:\/\/www.tecdmx.org.mx\/index.php\/comunicados\/2018\/08\/23\/reciben-magistrada-martha-mercado-ramirez-y-magistrado-juan-carlos-sanchez-leon-a-representante-del-centro-de-investigacion-y-aprendizaje-de-la-ifes-b-77-230818-23-de-agosto-de-2018\/#primaryimage"},"image":{"@id":"https:\/\/www.tecdmx.org.mx\/index.php\/comunicados\/2018\/08\/23\/reciben-magistrada-martha-mercado-ramirez-y-magistrado-juan-carlos-sanchez-leon-a-representante-del-centro-de-investigacion-y-aprendizaje-de-la-ifes-b-77-230818-23-de-agosto-de-2018\/#primaryimage"},"thumbnailUrl":"https:\/\/www.tecdmx.org.mx\/wp-content\/uploads\/2018\/07\/COMUNICADO.jpg","datePublished":"2018-08-23T16:08:49+00:00","dateModified":"2018-10-05T18:42:22+00:00","author":{"@id":"https:\/\/www.tecdmx.org.mx\/#\/schema\/person\/208c898199fb3234203823c5f0cf31d6"},"breadcrumb":{"@id":"https:\/\/www.tecdmx.org.mx\/index.php\/comunicados\/2018\/08\/23\/reciben-magistrada-martha-mercado-ramirez-y-magistrado-juan-carlos-sanchez-leon-a-representante-del-centro-de-investigacion-y-aprendizaje-de-la-ifes-b-77-230818-23-de-agosto-de-2018\/#breadcrumb"},"inLanguage":"es","potentialAction":[{"@type":"ReadAction","target":["https:\/\/www.tecdmx.org.mx\/index.php\/comunicados\/2018\/08\/23\/reciben-magistrada-martha-mercado-ramirez-y-magistrado-juan-carlos-sanchez-leon-a-representante-del-centro-de-investigacion-y-aprendizaje-de-la-ifes-b-77-230818-23-de-agosto-de-2018\/"]}]},{"@type":"ImageObject","inLanguage":"es","@id":"https:\/\/www.tecdmx.org.mx\/index.php\/comunicados\/2018\/08\/23\/reciben-magistrada-martha-mercado-ramirez-y-magistrado-juan-carlos-sanchez-leon-a-representante-del-centro-de-investigacion-y-aprendizaje-de-la-ifes-b-77-230818-23-de-agosto-de-2018\/#primaryimage","url":"https:\/\/www.tecdmx.org.mx\/wp-content\/uploads\/2018\/07\/COMUNICADO.jpg","contentUrl":"https:\/\/www.tecdmx.org.mx\/wp-content\/uploads\/2018\/07\/COMUNICADO.jpg","width":2247,"height":1277},{"@type":"BreadcrumbList","@id":"https:\/\/www.tecdmx.org.mx\/index.php\/comunicados\/2018\/08\/23\/reciben-magistrada-martha-mercado-ramirez-y-magistrado-juan-carlos-sanchez-leon-a-representante-del-centro-de-investigacion-y-aprendizaje-de-la-ifes-b-77-230818-23-de-agosto-de-2018\/#breadcrumb","itemListElement":[{"@type":"ListItem","position":1,"name":"Portada","item":"https:\/\/www.tecdmx.org.mx\/"},{"@type":"ListItem","position":2,"name":"Reciben Magistrada Martha Mercado Ram\u00edrez y Magistrado Juan Carlos S\u00e1nchez Le\u00f3n a representante del Centro de Investigaci\u00f3n y Aprendizaje de la IFES. (B-77-230818) 23 de agosto de 2018"}]},{"@type":"WebSite","@id":"https:\/\/www.tecdmx.org.mx\/#website","url":"https:\/\/www.tecdmx.org.mx\/","name":"Tribunal Electoral de la Ciudad de M\u00e9xico","description":"25 a\u00f1os garantizando justicia en tu elecci\u00f3n","potentialAction":[{"@type":"SearchAction","target":{"@type":"EntryPoint","urlTemplate":"https:\/\/www.tecdmx.org.mx\/?s={search_term_string}"},"query-input":"required name=search_term_string"}],"inLanguage":"es"},{"@type":"Person","@id":"https:\/\/www.tecdmx.org.mx\/#\/schema\/person\/208c898199fb3234203823c5f0cf31d6","name":"Difusion2025","image":{"@type":"ImageObject","inLanguage":"es","@id":"https:\/\/www.tecdmx.org.mx\/#\/schema\/person\/image\/","url":"https:\/\/secure.gravatar.com\/avatar\/6f7a4ba3acb418040e90a2eb99b5df28?s=96&d=mm&r=g","contentUrl":"https:\/\/secure.gravatar.com\/avatar\/6f7a4ba3acb418040e90a2eb99b5df28?s=96&d=mm&r=g","caption":"Difusion2025"}}]}},"_links":{"self":[{"href":"https:\/\/www.tecdmx.org.mx\/index.php\/wp-json\/wp\/v2\/posts\/4798"}],"collection":[{"href":"https:\/\/www.tecdmx.org.mx\/index.php\/wp-json\/wp\/v2\/posts"}],"about":[{"href":"https:\/\/www.tecdmx.org.mx\/index.php\/wp-json\/wp\/v2\/types\/post"}],"author":[{"embeddable":true,"href":"https:\/\/www.tecdmx.org.mx\/index.php\/wp-json\/wp\/v2\/users\/13"}],"replies":[{"embeddable":true,"href":"https:\/\/www.tecdmx.org.mx\/index.php\/wp-json\/wp\/v2\/comments?post=4798"}],"version-history":[{"count":1,"href":"https:\/\/www.tecdmx.org.mx\/index.php\/wp-json\/wp\/v2\/posts\/4798\/revisions"}],"predecessor-version":[{"id":4800,"href":"https:\/\/www.tecdmx.org.mx\/index.php\/wp-json\/wp\/v2\/posts\/4798\/revisions\/4800"}],"wp:featuredmedia":[{"embeddable":true,"href":"https:\/\/www.tecdmx.org.mx\/index.php\/wp-json\/wp\/v2\/media\/3208"}],"wp:attachment":[{"href":"https:\/\/www.tecdmx.org.mx\/index.php\/wp-json\/wp\/v2\/media?parent=4798"}],"wp:term":[{"taxonomy":"category","embeddable":true,"href":"https:\/\/www.tecdmx.org.mx\/index.php\/wp-json\/wp\/v2\/categories?post=4798"},{"taxonomy":"post_tag","embeddable":true,"href":"https:\/\/www.tecdmx.org.mx\/index.php\/wp-json\/wp\/v2\/tags?post=4798"}],"curies":[{"name":"wp","href":"https:\/\/api.w.org\/{rel}","templated":true}]}}