{"id":48729,"date":"2024-05-12T13:51:55","date_gmt":"2024-05-12T19:51:55","guid":{"rendered":"https:\/\/www.tecdmx.org.mx\/?p=48729"},"modified":"2024-05-12T13:51:58","modified_gmt":"2024-05-12T19:51:58","slug":"boletin-n-18-con-lengua-de-senas-mexicana-se-transmitira-el-tercer-debate-para-la-jefatura-de-gobierno","status":"publish","type":"post","link":"https:\/\/www.tecdmx.org.mx\/index.php\/destacados\/2024\/05\/12\/boletin-n-18-con-lengua-de-senas-mexicana-se-transmitira-el-tercer-debate-para-la-jefatura-de-gobierno\/","title":{"rendered":"Bolet\u00edn N\u00b0 18 &#8211; Con Lengua de Se\u00f1as Mexicana, se transmitir\u00e1 el Tercer Debate para la Jefatura de Gobierno"},"content":{"rendered":"\n<p class=\"has-text-align-right\"><\/p>\n\n\n<div class=\"wp-block-image\">\n<figure class=\"aligncenter size-full\"><img loading=\"lazy\" decoding=\"async\" width=\"1600\" height=\"1600\" src=\"https:\/\/www.tecdmx.org.mx\/wp-content\/uploads\/2024\/05\/WhatsApp-Image-2024-05-12-at-12.32.14-PM.jpeg\" alt=\"\" class=\"wp-image-48730\" srcset=\"https:\/\/www.tecdmx.org.mx\/wp-content\/uploads\/2024\/05\/WhatsApp-Image-2024-05-12-at-12.32.14-PM-250x250.jpeg 250w, https:\/\/www.tecdmx.org.mx\/wp-content\/uploads\/2024\/05\/WhatsApp-Image-2024-05-12-at-12.32.14-PM-350x350.jpeg 350w, https:\/\/www.tecdmx.org.mx\/wp-content\/uploads\/2024\/05\/WhatsApp-Image-2024-05-12-at-12.32.14-PM-110x110.jpeg 110w, https:\/\/www.tecdmx.org.mx\/wp-content\/uploads\/2024\/05\/WhatsApp-Image-2024-05-12-at-12.32.14-PM-768x768.jpeg 768w, https:\/\/www.tecdmx.org.mx\/wp-content\/uploads\/2024\/05\/WhatsApp-Image-2024-05-12-at-12.32.14-PM-1536x1536.jpeg 1536w, https:\/\/www.tecdmx.org.mx\/wp-content\/uploads\/2024\/05\/WhatsApp-Image-2024-05-12-at-12.32.14-PM.jpeg 1600w\" sizes=\"(max-width: 1600px) 100vw, 1600px\" \/><\/figure><\/div>\n\n\n<p class=\"has-text-align-right\"><strong>Ciudad de M\u00e9xico, 8 de mayo de 2024<\/strong><\/p>\n\n\n\n<p class=\"has-text-align-right\"><strong>Bolet\u00edn de prensa UTCSyD-113<\/strong><\/p>\n\n\n\n<p class=\"has-text-align-center\"><strong>Con Lengua de Se\u00f1as Mexicana, se transmitir\u00e1 el Tercer Debate para la Jefatura de Gobierno<\/strong><\/p>\n\n\n\n<ul>\n<li><em>Este esfuerzo es resultado de la colaboraci\u00f3n interinstitucional entre IECM, CDHCDMX, y TECDMX<\/em><\/li>\n<\/ul>\n\n\n\n<p>Una vez m\u00e1s, el Instituto Electoral, la Comisi\u00f3n de Derechos Humanos y el Tribunal Electoral, todos de la Ciudad de M\u00e9xico, coordinar\u00e1n esfuerzos para la transmisi\u00f3n del tercer Debate entre las personas candidatas a la Jefatura de Gobierno, con una se\u00f1al producida y transmitida, de manera exclusiva, en lengua de se\u00f1as mexicanas.<\/p>\n\n\n\n<p>Las personas con discapacidad auditiva que viven o transitan por la Ciudad de M\u00e9xico podr\u00e1n seguir el debate del pr\u00f3ximo domingo 12 de mayo, a las 20:00 horas, en vivo y en directo a trav\u00e9s de los portales <a href=\"http:\/\/www.cdhcm.org.mx\">www.cdhcm.org.mx<\/a>, <a href=\"http:\/\/www.tecdmx.org.mx\">www.tecdmx.org.mx<\/a>, Facebook y X de la @CDHCMX, as\u00ed como de los canales de YouTube, Facebook y X del @TECDMX.<\/p>\n\n\n\n<p>Con acciones como esta, los organismos aut\u00f3nomos de la capital del pa\u00eds garantizan el derecho a la informaci\u00f3n de la poblaci\u00f3n con discapacidad auditiva, avanzando cada vez m\u00e1s en la inclusi\u00f3n y visibilidad de los diversos sectores de la \u201csociedad chilanga\u201d.<\/p>\n\n\n\n<p>El tercer debate a la Jefatura de Gobierno tendr\u00e1 como temas: \u201cSeguridad y Justicia\u201d y \u201cPlaneaci\u00f3n del Desarrollo Inmobiliario y urbano\u201d, y tendr\u00e1 una duraci\u00f3n de 90 minutos.<\/p>\n\n\n\n<p class=\"has-text-align-center\">-o-<\/p>\n\n\n","protected":false},"excerpt":{"rendered":"<p>Ciudad de M\u00e9xico, 8 de mayo de 2024 Bolet\u00edn de prensa UTCSyD-113 Con Lengua de Se\u00f1as Mexicana, se transmitir\u00e1 el Tercer Debate para la Jefatura de Gobierno Una vez m\u00e1s, [&hellip;]<\/p>\n","protected":false},"author":13,"featured_media":45590,"comment_status":"open","ping_status":"open","sticky":false,"template":"","format":"standard","meta":{"_acf_changed":false,"_exactmetrics_skip_tracking":false,"_exactmetrics_sitenote_active":false,"_exactmetrics_sitenote_note":"","_exactmetrics_sitenote_category":0,"footnotes":""},"categories":[32,47],"tags":[],"acf":[],"yoast_head":"<!-- This site is optimized with the Yoast SEO plugin v22.3 - https:\/\/yoast.com\/wordpress\/plugins\/seo\/ -->\n<title>Bolet\u00edn N\u00b0 18 - Con Lengua de Se\u00f1as Mexicana, se transmitir\u00e1 el Tercer Debate para la Jefatura de Gobierno - Tribunal Electoral de la Ciudad de M\u00e9xico<\/title>\n<meta name=\"robots\" content=\"index, follow, max-snippet:-1, max-image-preview:large, max-video-preview:-1\" \/>\n<link rel=\"canonical\" href=\"https:\/\/www.tecdmx.org.mx\/index.php\/destacados\/2024\/05\/12\/boletin-n-18-con-lengua-de-senas-mexicana-se-transmitira-el-tercer-debate-para-la-jefatura-de-gobierno\/\" \/>\n<meta property=\"og:locale\" content=\"es_ES\" \/>\n<meta property=\"og:type\" content=\"article\" \/>\n<meta property=\"og:title\" content=\"Bolet\u00edn N\u00b0 18 - Con Lengua de Se\u00f1as Mexicana, se transmitir\u00e1 el Tercer Debate para la Jefatura de Gobierno - Tribunal Electoral de la Ciudad de M\u00e9xico\" \/>\n<meta property=\"og:description\" content=\"Ciudad de M\u00e9xico, 8 de mayo de 2024 Bolet\u00edn de prensa UTCSyD-113 Con Lengua de Se\u00f1as Mexicana, se transmitir\u00e1 el Tercer Debate para la Jefatura de Gobierno Una vez m\u00e1s, [&hellip;]\" \/>\n<meta property=\"og:url\" content=\"https:\/\/www.tecdmx.org.mx\/index.php\/destacados\/2024\/05\/12\/boletin-n-18-con-lengua-de-senas-mexicana-se-transmitira-el-tercer-debate-para-la-jefatura-de-gobierno\/\" \/>\n<meta property=\"og:site_name\" content=\"Tribunal Electoral de la Ciudad de M\u00e9xico\" \/>\n<meta property=\"article:publisher\" content=\"https:\/\/www.facebook.com\/TECDMX\/\" \/>\n<meta property=\"article:published_time\" content=\"2024-05-12T19:51:55+00:00\" \/>\n<meta property=\"article:modified_time\" content=\"2024-05-12T19:51:58+00:00\" \/>\n<meta property=\"og:image\" content=\"https:\/\/www.tecdmx.org.mx\/wp-content\/uploads\/2023\/11\/Botones-_Comunicado.png\" \/>\n\t<meta property=\"og:image:width\" content=\"900\" \/>\n\t<meta property=\"og:image:height\" content=\"600\" \/>\n\t<meta property=\"og:image:type\" content=\"image\/png\" \/>\n<meta name=\"author\" content=\"Difusion2025\" \/>\n<meta name=\"twitter:card\" content=\"summary_large_image\" \/>\n<meta name=\"twitter:creator\" content=\"@tecdmx\" \/>\n<meta name=\"twitter:site\" content=\"@tecdmx\" \/>\n<meta name=\"twitter:label1\" content=\"Escrito por\" \/>\n\t<meta name=\"twitter:data1\" content=\"Difusion2025\" \/>\n\t<meta name=\"twitter:label2\" content=\"Tiempo de lectura\" \/>\n\t<meta name=\"twitter:data2\" content=\"2 minutos\" \/>\n<script type=\"application\/ld+json\" class=\"yoast-schema-graph\">{\"@context\":\"https:\/\/schema.org\",\"@graph\":[{\"@type\":\"WebPage\",\"@id\":\"https:\/\/www.tecdmx.org.mx\/index.php\/destacados\/2024\/05\/12\/boletin-n-18-con-lengua-de-senas-mexicana-se-transmitira-el-tercer-debate-para-la-jefatura-de-gobierno\/\",\"url\":\"https:\/\/www.tecdmx.org.mx\/index.php\/destacados\/2024\/05\/12\/boletin-n-18-con-lengua-de-senas-mexicana-se-transmitira-el-tercer-debate-para-la-jefatura-de-gobierno\/\",\"name\":\"Bolet\u00edn N\u00b0 18 - Con Lengua de Se\u00f1as Mexicana, se transmitir\u00e1 el Tercer Debate para la Jefatura de Gobierno - Tribunal Electoral de la Ciudad de M\u00e9xico\",\"isPartOf\":{\"@id\":\"https:\/\/www.tecdmx.org.mx\/#website\"},\"primaryImageOfPage\":{\"@id\":\"https:\/\/www.tecdmx.org.mx\/index.php\/destacados\/2024\/05\/12\/boletin-n-18-con-lengua-de-senas-mexicana-se-transmitira-el-tercer-debate-para-la-jefatura-de-gobierno\/#primaryimage\"},\"image\":{\"@id\":\"https:\/\/www.tecdmx.org.mx\/index.php\/destacados\/2024\/05\/12\/boletin-n-18-con-lengua-de-senas-mexicana-se-transmitira-el-tercer-debate-para-la-jefatura-de-gobierno\/#primaryimage\"},\"thumbnailUrl\":\"https:\/\/www.tecdmx.org.mx\/wp-content\/uploads\/2023\/11\/Botones-_Comunicado.png\",\"datePublished\":\"2024-05-12T19:51:55+00:00\",\"dateModified\":\"2024-05-12T19:51:58+00:00\",\"author\":{\"@id\":\"https:\/\/www.tecdmx.org.mx\/#\/schema\/person\/208c898199fb3234203823c5f0cf31d6\"},\"breadcrumb\":{\"@id\":\"https:\/\/www.tecdmx.org.mx\/index.php\/destacados\/2024\/05\/12\/boletin-n-18-con-lengua-de-senas-mexicana-se-transmitira-el-tercer-debate-para-la-jefatura-de-gobierno\/#breadcrumb\"},\"inLanguage\":\"es\",\"potentialAction\":[{\"@type\":\"ReadAction\",\"target\":[\"https:\/\/www.tecdmx.org.mx\/index.php\/destacados\/2024\/05\/12\/boletin-n-18-con-lengua-de-senas-mexicana-se-transmitira-el-tercer-debate-para-la-jefatura-de-gobierno\/\"]}]},{\"@type\":\"ImageObject\",\"inLanguage\":\"es\",\"@id\":\"https:\/\/www.tecdmx.org.mx\/index.php\/destacados\/2024\/05\/12\/boletin-n-18-con-lengua-de-senas-mexicana-se-transmitira-el-tercer-debate-para-la-jefatura-de-gobierno\/#primaryimage\",\"url\":\"https:\/\/www.tecdmx.org.mx\/wp-content\/uploads\/2023\/11\/Botones-_Comunicado.png\",\"contentUrl\":\"https:\/\/www.tecdmx.org.mx\/wp-content\/uploads\/2023\/11\/Botones-_Comunicado.png\",\"width\":900,\"height\":600},{\"@type\":\"BreadcrumbList\",\"@id\":\"https:\/\/www.tecdmx.org.mx\/index.php\/destacados\/2024\/05\/12\/boletin-n-18-con-lengua-de-senas-mexicana-se-transmitira-el-tercer-debate-para-la-jefatura-de-gobierno\/#breadcrumb\",\"itemListElement\":[{\"@type\":\"ListItem\",\"position\":1,\"name\":\"Portada\",\"item\":\"https:\/\/www.tecdmx.org.mx\/\"},{\"@type\":\"ListItem\",\"position\":2,\"name\":\"Bolet\u00edn N\u00b0 18 &#8211; Con Lengua de Se\u00f1as Mexicana, se transmitir\u00e1 el Tercer Debate para la Jefatura de Gobierno\"}]},{\"@type\":\"WebSite\",\"@id\":\"https:\/\/www.tecdmx.org.mx\/#website\",\"url\":\"https:\/\/www.tecdmx.org.mx\/\",\"name\":\"Tribunal Electoral de la Ciudad de M\u00e9xico\",\"description\":\"25 a\u00f1os garantizando justicia en tu elecci\u00f3n\",\"potentialAction\":[{\"@type\":\"SearchAction\",\"target\":{\"@type\":\"EntryPoint\",\"urlTemplate\":\"https:\/\/www.tecdmx.org.mx\/?s={search_term_string}\"},\"query-input\":\"required name=search_term_string\"}],\"inLanguage\":\"es\"},{\"@type\":\"Person\",\"@id\":\"https:\/\/www.tecdmx.org.mx\/#\/schema\/person\/208c898199fb3234203823c5f0cf31d6\",\"name\":\"Difusion2025\",\"image\":{\"@type\":\"ImageObject\",\"inLanguage\":\"es\",\"@id\":\"https:\/\/www.tecdmx.org.mx\/#\/schema\/person\/image\/\",\"url\":\"https:\/\/secure.gravatar.com\/avatar\/6f7a4ba3acb418040e90a2eb99b5df28?s=96&d=mm&r=g\",\"contentUrl\":\"https:\/\/secure.gravatar.com\/avatar\/6f7a4ba3acb418040e90a2eb99b5df28?s=96&d=mm&r=g\",\"caption\":\"Difusion2025\"}}]}<\/script>\n<!-- \/ Yoast SEO plugin. -->","yoast_head_json":{"title":"Bolet\u00edn N\u00b0 18 - Con Lengua de Se\u00f1as Mexicana, se transmitir\u00e1 el Tercer Debate para la Jefatura de Gobierno - Tribunal Electoral de la Ciudad de M\u00e9xico","robots":{"index":"index","follow":"follow","max-snippet":"max-snippet:-1","max-image-preview":"max-image-preview:large","max-video-preview":"max-video-preview:-1"},"canonical":"https:\/\/www.tecdmx.org.mx\/index.php\/destacados\/2024\/05\/12\/boletin-n-18-con-lengua-de-senas-mexicana-se-transmitira-el-tercer-debate-para-la-jefatura-de-gobierno\/","og_locale":"es_ES","og_type":"article","og_title":"Bolet\u00edn N\u00b0 18 - Con Lengua de Se\u00f1as Mexicana, se transmitir\u00e1 el Tercer Debate para la Jefatura de Gobierno - Tribunal Electoral de la Ciudad de M\u00e9xico","og_description":"Ciudad de M\u00e9xico, 8 de mayo de 2024 Bolet\u00edn de prensa UTCSyD-113 Con Lengua de Se\u00f1as Mexicana, se transmitir\u00e1 el Tercer Debate para la Jefatura de Gobierno Una vez m\u00e1s, [&hellip;]","og_url":"https:\/\/www.tecdmx.org.mx\/index.php\/destacados\/2024\/05\/12\/boletin-n-18-con-lengua-de-senas-mexicana-se-transmitira-el-tercer-debate-para-la-jefatura-de-gobierno\/","og_site_name":"Tribunal Electoral de la Ciudad de M\u00e9xico","article_publisher":"https:\/\/www.facebook.com\/TECDMX\/","article_published_time":"2024-05-12T19:51:55+00:00","article_modified_time":"2024-05-12T19:51:58+00:00","og_image":[{"width":900,"height":600,"url":"https:\/\/www.tecdmx.org.mx\/wp-content\/uploads\/2023\/11\/Botones-_Comunicado.png","type":"image\/png"}],"author":"Difusion2025","twitter_card":"summary_large_image","twitter_creator":"@tecdmx","twitter_site":"@tecdmx","twitter_misc":{"Escrito por":"Difusion2025","Tiempo de lectura":"2 minutos"},"schema":{"@context":"https:\/\/schema.org","@graph":[{"@type":"WebPage","@id":"https:\/\/www.tecdmx.org.mx\/index.php\/destacados\/2024\/05\/12\/boletin-n-18-con-lengua-de-senas-mexicana-se-transmitira-el-tercer-debate-para-la-jefatura-de-gobierno\/","url":"https:\/\/www.tecdmx.org.mx\/index.php\/destacados\/2024\/05\/12\/boletin-n-18-con-lengua-de-senas-mexicana-se-transmitira-el-tercer-debate-para-la-jefatura-de-gobierno\/","name":"Bolet\u00edn N\u00b0 18 - Con Lengua de Se\u00f1as Mexicana, se transmitir\u00e1 el Tercer Debate para la Jefatura de Gobierno - Tribunal Electoral de la Ciudad de M\u00e9xico","isPartOf":{"@id":"https:\/\/www.tecdmx.org.mx\/#website"},"primaryImageOfPage":{"@id":"https:\/\/www.tecdmx.org.mx\/index.php\/destacados\/2024\/05\/12\/boletin-n-18-con-lengua-de-senas-mexicana-se-transmitira-el-tercer-debate-para-la-jefatura-de-gobierno\/#primaryimage"},"image":{"@id":"https:\/\/www.tecdmx.org.mx\/index.php\/destacados\/2024\/05\/12\/boletin-n-18-con-lengua-de-senas-mexicana-se-transmitira-el-tercer-debate-para-la-jefatura-de-gobierno\/#primaryimage"},"thumbnailUrl":"https:\/\/www.tecdmx.org.mx\/wp-content\/uploads\/2023\/11\/Botones-_Comunicado.png","datePublished":"2024-05-12T19:51:55+00:00","dateModified":"2024-05-12T19:51:58+00:00","author":{"@id":"https:\/\/www.tecdmx.org.mx\/#\/schema\/person\/208c898199fb3234203823c5f0cf31d6"},"breadcrumb":{"@id":"https:\/\/www.tecdmx.org.mx\/index.php\/destacados\/2024\/05\/12\/boletin-n-18-con-lengua-de-senas-mexicana-se-transmitira-el-tercer-debate-para-la-jefatura-de-gobierno\/#breadcrumb"},"inLanguage":"es","potentialAction":[{"@type":"ReadAction","target":["https:\/\/www.tecdmx.org.mx\/index.php\/destacados\/2024\/05\/12\/boletin-n-18-con-lengua-de-senas-mexicana-se-transmitira-el-tercer-debate-para-la-jefatura-de-gobierno\/"]}]},{"@type":"ImageObject","inLanguage":"es","@id":"https:\/\/www.tecdmx.org.mx\/index.php\/destacados\/2024\/05\/12\/boletin-n-18-con-lengua-de-senas-mexicana-se-transmitira-el-tercer-debate-para-la-jefatura-de-gobierno\/#primaryimage","url":"https:\/\/www.tecdmx.org.mx\/wp-content\/uploads\/2023\/11\/Botones-_Comunicado.png","contentUrl":"https:\/\/www.tecdmx.org.mx\/wp-content\/uploads\/2023\/11\/Botones-_Comunicado.png","width":900,"height":600},{"@type":"BreadcrumbList","@id":"https:\/\/www.tecdmx.org.mx\/index.php\/destacados\/2024\/05\/12\/boletin-n-18-con-lengua-de-senas-mexicana-se-transmitira-el-tercer-debate-para-la-jefatura-de-gobierno\/#breadcrumb","itemListElement":[{"@type":"ListItem","position":1,"name":"Portada","item":"https:\/\/www.tecdmx.org.mx\/"},{"@type":"ListItem","position":2,"name":"Bolet\u00edn N\u00b0 18 &#8211; Con Lengua de Se\u00f1as Mexicana, se transmitir\u00e1 el Tercer Debate para la Jefatura de Gobierno"}]},{"@type":"WebSite","@id":"https:\/\/www.tecdmx.org.mx\/#website","url":"https:\/\/www.tecdmx.org.mx\/","name":"Tribunal Electoral de la Ciudad de M\u00e9xico","description":"25 a\u00f1os garantizando justicia en tu elecci\u00f3n","potentialAction":[{"@type":"SearchAction","target":{"@type":"EntryPoint","urlTemplate":"https:\/\/www.tecdmx.org.mx\/?s={search_term_string}"},"query-input":"required name=search_term_string"}],"inLanguage":"es"},{"@type":"Person","@id":"https:\/\/www.tecdmx.org.mx\/#\/schema\/person\/208c898199fb3234203823c5f0cf31d6","name":"Difusion2025","image":{"@type":"ImageObject","inLanguage":"es","@id":"https:\/\/www.tecdmx.org.mx\/#\/schema\/person\/image\/","url":"https:\/\/secure.gravatar.com\/avatar\/6f7a4ba3acb418040e90a2eb99b5df28?s=96&d=mm&r=g","contentUrl":"https:\/\/secure.gravatar.com\/avatar\/6f7a4ba3acb418040e90a2eb99b5df28?s=96&d=mm&r=g","caption":"Difusion2025"}}]}},"_links":{"self":[{"href":"https:\/\/www.tecdmx.org.mx\/index.php\/wp-json\/wp\/v2\/posts\/48729"}],"collection":[{"href":"https:\/\/www.tecdmx.org.mx\/index.php\/wp-json\/wp\/v2\/posts"}],"about":[{"href":"https:\/\/www.tecdmx.org.mx\/index.php\/wp-json\/wp\/v2\/types\/post"}],"author":[{"embeddable":true,"href":"https:\/\/www.tecdmx.org.mx\/index.php\/wp-json\/wp\/v2\/users\/13"}],"replies":[{"embeddable":true,"href":"https:\/\/www.tecdmx.org.mx\/index.php\/wp-json\/wp\/v2\/comments?post=48729"}],"version-history":[{"count":1,"href":"https:\/\/www.tecdmx.org.mx\/index.php\/wp-json\/wp\/v2\/posts\/48729\/revisions"}],"predecessor-version":[{"id":48732,"href":"https:\/\/www.tecdmx.org.mx\/index.php\/wp-json\/wp\/v2\/posts\/48729\/revisions\/48732"}],"wp:featuredmedia":[{"embeddable":true,"href":"https:\/\/www.tecdmx.org.mx\/index.php\/wp-json\/wp\/v2\/media\/45590"}],"wp:attachment":[{"href":"https:\/\/www.tecdmx.org.mx\/index.php\/wp-json\/wp\/v2\/media?parent=48729"}],"wp:term":[{"taxonomy":"category","embeddable":true,"href":"https:\/\/www.tecdmx.org.mx\/index.php\/wp-json\/wp\/v2\/categories?post=48729"},{"taxonomy":"post_tag","embeddable":true,"href":"https:\/\/www.tecdmx.org.mx\/index.php\/wp-json\/wp\/v2\/tags?post=48729"}],"curies":[{"name":"wp","href":"https:\/\/api.w.org\/{rel}","templated":true}]}}