{"id":4940,"date":"2018-09-26T12:12:00","date_gmt":"2018-09-26T12:12:00","guid":{"rendered":"http:\/\/www2.tecdmx.org.mx\/?p=4940"},"modified":"2018-10-08T15:14:06","modified_gmt":"2018-10-08T15:14:06","slug":"sesion-publica-solemne-25-de-septiembre-de-2018","status":"publish","type":"post","link":"https:\/\/www.tecdmx.org.mx\/index.php\/eventos\/2018\/09\/26\/sesion-publica-solemne-25-de-septiembre-de-2018\/","title":{"rendered":"Sesi\u00f3n P\u00fablica Solemne. 25 de septiembre de 2018"},"content":{"rendered":"<p>En Sesi\u00f3n P\u00fablica Solemne el Magistrado Presidente Armando Hern\u00e1ndez Cruz, las Magistradas M. Alejandra Ch\u00e1vez Camarena y Martha Leticia Mercado Ram\u00edrez, as\u00ed como los Magistrados Gustavo Anzaldo Hern\u00e1ndez y Juan Carlos S\u00e1nchez Le\u00f3n entregaron la Declaraci\u00f3n de Titular Electa de la Jefatura de Gobierno de la Ciudad de M\u00e9xico a la Doctora Claudia Sheinbaum Pardo.<\/p>\n<p><img loading=\"lazy\" decoding=\"async\" class=\"wp-image-4944 size-large aligncenter\" src=\"https:\/\/www.tecdmx.org.mx\/wp-content\/uploads\/2018\/10\/solemne_1-525x350.jpg\" alt=\"\" width=\"525\" height=\"350\" srcset=\"https:\/\/www.tecdmx.org.mx\/wp-content\/uploads\/2018\/10\/solemne_1-375x250.jpg 375w, https:\/\/www.tecdmx.org.mx\/wp-content\/uploads\/2018\/10\/solemne_1-768x512.jpg 768w, https:\/\/www.tecdmx.org.mx\/wp-content\/uploads\/2018\/10\/solemne_1-525x350.jpg 525w, https:\/\/www.tecdmx.org.mx\/wp-content\/uploads\/2018\/10\/solemne_1.jpg 1200w\" sizes=\"(max-width: 525px) 100vw, 525px\" \/><\/p>\n<p><img loading=\"lazy\" decoding=\"async\" class=\"wp-image-4943 size-large aligncenter\" src=\"https:\/\/www.tecdmx.org.mx\/wp-content\/uploads\/2018\/10\/solemne_2-525x350.jpg\" alt=\"\" width=\"525\" height=\"350\" srcset=\"https:\/\/www.tecdmx.org.mx\/wp-content\/uploads\/2018\/10\/solemne_2-375x250.jpg 375w, https:\/\/www.tecdmx.org.mx\/wp-content\/uploads\/2018\/10\/solemne_2-768x512.jpg 768w, https:\/\/www.tecdmx.org.mx\/wp-content\/uploads\/2018\/10\/solemne_2-525x350.jpg 525w, https:\/\/www.tecdmx.org.mx\/wp-content\/uploads\/2018\/10\/solemne_2.jpg 1200w\" sizes=\"(max-width: 525px) 100vw, 525px\" \/><\/p>\n<p>La Doctora Claudia Sheinbaum agradeci\u00f3 el trabajo de las personas que conforman su equipo, quienes se encontraban presentes en el Sal\u00f3n de Pleno del TECDMX.<\/p>\n<p><img loading=\"lazy\" decoding=\"async\" class=\"wp-image-4942 size-large aligncenter\" src=\"https:\/\/www.tecdmx.org.mx\/wp-content\/uploads\/2018\/10\/solemne_3-691x350.jpg\" alt=\"\" width=\"691\" height=\"350\" srcset=\"https:\/\/www.tecdmx.org.mx\/wp-content\/uploads\/2018\/10\/solemne_3-446x226.jpg 446w, https:\/\/www.tecdmx.org.mx\/wp-content\/uploads\/2018\/10\/solemne_3-768x389.jpg 768w, https:\/\/www.tecdmx.org.mx\/wp-content\/uploads\/2018\/10\/solemne_3-691x350.jpg 691w\" sizes=\"(max-width: 691px) 100vw, 691px\" \/><\/p>\n<p>El Pleno del TECDMX dio cumplimiento con la Declaratoria de Titular Electa de la Jefatura de Gobierno de la Ciudad de M\u00e9xico para el periodo 2018-2024.<\/p>\n<p><img loading=\"lazy\" decoding=\"async\" class=\"aligncenter wp-image-4936 size-large\" src=\"https:\/\/www.tecdmx.org.mx\/wp-content\/uploads\/2018\/10\/solemne_4-525x350.jpg\" alt=\"\" width=\"525\" height=\"350\" srcset=\"https:\/\/www.tecdmx.org.mx\/wp-content\/uploads\/2018\/10\/solemne_4-375x250.jpg 375w, https:\/\/www.tecdmx.org.mx\/wp-content\/uploads\/2018\/10\/solemne_4-525x350.jpg 525w, https:\/\/www.tecdmx.org.mx\/wp-content\/uploads\/2018\/10\/solemne_4.jpg 720w\" sizes=\"(max-width: 525px) 100vw, 525px\" \/><\/p>\n<p>Entre las asistentes a la Sesi\u00f3n P\u00fablica Solemne, la licenciada Rosa Icela Rodr\u00edguez y la escritora Elena Poniatowska.<\/p>\n<p><img loading=\"lazy\" decoding=\"async\" class=\"aligncenter wp-image-4935 size-large\" src=\"https:\/\/www.tecdmx.org.mx\/wp-content\/uploads\/2018\/10\/solemne_6-660x350.jpg\" alt=\"\" width=\"660\" height=\"350\" srcset=\"https:\/\/www.tecdmx.org.mx\/wp-content\/uploads\/2018\/10\/solemne_6-446x237.jpg 446w, https:\/\/www.tecdmx.org.mx\/wp-content\/uploads\/2018\/10\/solemne_6-660x350.jpg 660w, https:\/\/www.tecdmx.org.mx\/wp-content\/uploads\/2018\/10\/solemne_6.jpg 720w\" sizes=\"(max-width: 660px) 100vw, 660px\" \/><\/p>\n<p>El Pleno del TECDMX se reuni\u00f3, previo a la Sesi\u00f3n Solemne, con la doctrora Claudia Sheinbaum, el Jefe de Gobierno de la Ciudad de M\u00e9xico Jos\u00e9 Ram\u00f3n Amieva, y la escritora\u00a0Elena Poniatowska.<\/p>\n<p><img loading=\"lazy\" decoding=\"async\" class=\"aligncenter wp-image-4934 size-large\" src=\"https:\/\/www.tecdmx.org.mx\/wp-content\/uploads\/2018\/10\/solemne_5-525x350.jpg\" alt=\"\" width=\"525\" height=\"350\" srcset=\"https:\/\/www.tecdmx.org.mx\/wp-content\/uploads\/2018\/10\/solemne_5-375x250.jpg 375w, https:\/\/www.tecdmx.org.mx\/wp-content\/uploads\/2018\/10\/solemne_5-525x350.jpg 525w, https:\/\/www.tecdmx.org.mx\/wp-content\/uploads\/2018\/10\/solemne_5.jpg 720w\" sizes=\"(max-width: 525px) 100vw, 525px\" \/><\/p>\n","protected":false},"excerpt":{"rendered":"<p>En Sesi\u00f3n P\u00fablica Solemne el Magistrado Presidente Armando Hern\u00e1ndez Cruz, las Magistradas M. Alejandra Ch\u00e1vez Camarena y Martha Leticia Mercado Ram\u00edrez, as\u00ed como los Magistrados Gustavo Anzaldo Hern\u00e1ndez y Juan [&hellip;]<\/p>\n","protected":false},"author":13,"featured_media":4944,"comment_status":"open","ping_status":"open","sticky":false,"template":"","format":"standard","meta":{"_acf_changed":false,"_exactmetrics_skip_tracking":false,"_exactmetrics_sitenote_active":false,"_exactmetrics_sitenote_note":"","_exactmetrics_sitenote_category":0,"footnotes":""},"categories":[47,40],"tags":[],"acf":[],"yoast_head":"<!-- This site is optimized with the Yoast SEO plugin v22.3 - https:\/\/yoast.com\/wordpress\/plugins\/seo\/ -->\n<title>Sesi\u00f3n P\u00fablica Solemne. 25 de septiembre de 2018 - Tribunal Electoral de la Ciudad de M\u00e9xico<\/title>\n<meta name=\"robots\" content=\"index, follow, max-snippet:-1, max-image-preview:large, max-video-preview:-1\" \/>\n<link rel=\"canonical\" href=\"https:\/\/www.tecdmx.org.mx\/index.php\/eventos\/2018\/09\/26\/sesion-publica-solemne-25-de-septiembre-de-2018\/\" \/>\n<meta property=\"og:locale\" content=\"es_ES\" \/>\n<meta property=\"og:type\" content=\"article\" \/>\n<meta property=\"og:title\" content=\"Sesi\u00f3n P\u00fablica Solemne. 25 de septiembre de 2018 - Tribunal Electoral de la Ciudad de M\u00e9xico\" \/>\n<meta property=\"og:description\" content=\"En Sesi\u00f3n P\u00fablica Solemne el Magistrado Presidente Armando Hern\u00e1ndez Cruz, las Magistradas M. Alejandra Ch\u00e1vez Camarena y Martha Leticia Mercado Ram\u00edrez, as\u00ed como los Magistrados Gustavo Anzaldo Hern\u00e1ndez y Juan [&hellip;]\" \/>\n<meta property=\"og:url\" content=\"https:\/\/www.tecdmx.org.mx\/index.php\/eventos\/2018\/09\/26\/sesion-publica-solemne-25-de-septiembre-de-2018\/\" \/>\n<meta property=\"og:site_name\" content=\"Tribunal Electoral de la Ciudad de M\u00e9xico\" \/>\n<meta property=\"article:publisher\" content=\"https:\/\/www.facebook.com\/TECDMX\/\" \/>\n<meta property=\"article:published_time\" content=\"2018-09-26T12:12:00+00:00\" \/>\n<meta property=\"article:modified_time\" content=\"2018-10-08T15:14:06+00:00\" \/>\n<meta property=\"og:image\" content=\"https:\/\/www.tecdmx.org.mx\/wp-content\/uploads\/2018\/10\/solemne_1.jpg\" \/>\n\t<meta property=\"og:image:width\" content=\"1200\" \/>\n\t<meta property=\"og:image:height\" content=\"800\" \/>\n\t<meta property=\"og:image:type\" content=\"image\/jpeg\" \/>\n<meta name=\"author\" content=\"Difusion2025\" \/>\n<meta name=\"twitter:card\" content=\"summary_large_image\" \/>\n<meta name=\"twitter:creator\" content=\"@tecdmx\" \/>\n<meta name=\"twitter:site\" content=\"@tecdmx\" \/>\n<meta name=\"twitter:label1\" content=\"Escrito por\" \/>\n\t<meta name=\"twitter:data1\" content=\"Difusion2025\" \/>\n\t<meta name=\"twitter:label2\" content=\"Tiempo de lectura\" \/>\n\t<meta name=\"twitter:data2\" content=\"1 minuto\" \/>\n<script type=\"application\/ld+json\" class=\"yoast-schema-graph\">{\"@context\":\"https:\/\/schema.org\",\"@graph\":[{\"@type\":\"WebPage\",\"@id\":\"https:\/\/www.tecdmx.org.mx\/index.php\/eventos\/2018\/09\/26\/sesion-publica-solemne-25-de-septiembre-de-2018\/\",\"url\":\"https:\/\/www.tecdmx.org.mx\/index.php\/eventos\/2018\/09\/26\/sesion-publica-solemne-25-de-septiembre-de-2018\/\",\"name\":\"Sesi\u00f3n P\u00fablica Solemne. 25 de septiembre de 2018 - Tribunal Electoral de la Ciudad de M\u00e9xico\",\"isPartOf\":{\"@id\":\"https:\/\/www.tecdmx.org.mx\/#website\"},\"primaryImageOfPage\":{\"@id\":\"https:\/\/www.tecdmx.org.mx\/index.php\/eventos\/2018\/09\/26\/sesion-publica-solemne-25-de-septiembre-de-2018\/#primaryimage\"},\"image\":{\"@id\":\"https:\/\/www.tecdmx.org.mx\/index.php\/eventos\/2018\/09\/26\/sesion-publica-solemne-25-de-septiembre-de-2018\/#primaryimage\"},\"thumbnailUrl\":\"https:\/\/www.tecdmx.org.mx\/wp-content\/uploads\/2018\/10\/solemne_1.jpg\",\"datePublished\":\"2018-09-26T12:12:00+00:00\",\"dateModified\":\"2018-10-08T15:14:06+00:00\",\"author\":{\"@id\":\"https:\/\/www.tecdmx.org.mx\/#\/schema\/person\/208c898199fb3234203823c5f0cf31d6\"},\"breadcrumb\":{\"@id\":\"https:\/\/www.tecdmx.org.mx\/index.php\/eventos\/2018\/09\/26\/sesion-publica-solemne-25-de-septiembre-de-2018\/#breadcrumb\"},\"inLanguage\":\"es\",\"potentialAction\":[{\"@type\":\"ReadAction\",\"target\":[\"https:\/\/www.tecdmx.org.mx\/index.php\/eventos\/2018\/09\/26\/sesion-publica-solemne-25-de-septiembre-de-2018\/\"]}]},{\"@type\":\"ImageObject\",\"inLanguage\":\"es\",\"@id\":\"https:\/\/www.tecdmx.org.mx\/index.php\/eventos\/2018\/09\/26\/sesion-publica-solemne-25-de-septiembre-de-2018\/#primaryimage\",\"url\":\"https:\/\/www.tecdmx.org.mx\/wp-content\/uploads\/2018\/10\/solemne_1.jpg\",\"contentUrl\":\"https:\/\/www.tecdmx.org.mx\/wp-content\/uploads\/2018\/10\/solemne_1.jpg\",\"width\":1200,\"height\":800},{\"@type\":\"BreadcrumbList\",\"@id\":\"https:\/\/www.tecdmx.org.mx\/index.php\/eventos\/2018\/09\/26\/sesion-publica-solemne-25-de-septiembre-de-2018\/#breadcrumb\",\"itemListElement\":[{\"@type\":\"ListItem\",\"position\":1,\"name\":\"Portada\",\"item\":\"https:\/\/www.tecdmx.org.mx\/\"},{\"@type\":\"ListItem\",\"position\":2,\"name\":\"Sesi\u00f3n P\u00fablica Solemne. 25 de septiembre de 2018\"}]},{\"@type\":\"WebSite\",\"@id\":\"https:\/\/www.tecdmx.org.mx\/#website\",\"url\":\"https:\/\/www.tecdmx.org.mx\/\",\"name\":\"Tribunal Electoral de la Ciudad de M\u00e9xico\",\"description\":\"25 a\u00f1os garantizando justicia en tu elecci\u00f3n\",\"potentialAction\":[{\"@type\":\"SearchAction\",\"target\":{\"@type\":\"EntryPoint\",\"urlTemplate\":\"https:\/\/www.tecdmx.org.mx\/?s={search_term_string}\"},\"query-input\":\"required name=search_term_string\"}],\"inLanguage\":\"es\"},{\"@type\":\"Person\",\"@id\":\"https:\/\/www.tecdmx.org.mx\/#\/schema\/person\/208c898199fb3234203823c5f0cf31d6\",\"name\":\"Difusion2025\",\"image\":{\"@type\":\"ImageObject\",\"inLanguage\":\"es\",\"@id\":\"https:\/\/www.tecdmx.org.mx\/#\/schema\/person\/image\/\",\"url\":\"https:\/\/secure.gravatar.com\/avatar\/6f7a4ba3acb418040e90a2eb99b5df28?s=96&d=mm&r=g\",\"contentUrl\":\"https:\/\/secure.gravatar.com\/avatar\/6f7a4ba3acb418040e90a2eb99b5df28?s=96&d=mm&r=g\",\"caption\":\"Difusion2025\"}}]}<\/script>\n<!-- \/ Yoast SEO plugin. -->","yoast_head_json":{"title":"Sesi\u00f3n P\u00fablica Solemne. 25 de septiembre de 2018 - Tribunal Electoral de la Ciudad de M\u00e9xico","robots":{"index":"index","follow":"follow","max-snippet":"max-snippet:-1","max-image-preview":"max-image-preview:large","max-video-preview":"max-video-preview:-1"},"canonical":"https:\/\/www.tecdmx.org.mx\/index.php\/eventos\/2018\/09\/26\/sesion-publica-solemne-25-de-septiembre-de-2018\/","og_locale":"es_ES","og_type":"article","og_title":"Sesi\u00f3n P\u00fablica Solemne. 25 de septiembre de 2018 - Tribunal Electoral de la Ciudad de M\u00e9xico","og_description":"En Sesi\u00f3n P\u00fablica Solemne el Magistrado Presidente Armando Hern\u00e1ndez Cruz, las Magistradas M. Alejandra Ch\u00e1vez Camarena y Martha Leticia Mercado Ram\u00edrez, as\u00ed como los Magistrados Gustavo Anzaldo Hern\u00e1ndez y Juan [&hellip;]","og_url":"https:\/\/www.tecdmx.org.mx\/index.php\/eventos\/2018\/09\/26\/sesion-publica-solemne-25-de-septiembre-de-2018\/","og_site_name":"Tribunal Electoral de la Ciudad de M\u00e9xico","article_publisher":"https:\/\/www.facebook.com\/TECDMX\/","article_published_time":"2018-09-26T12:12:00+00:00","article_modified_time":"2018-10-08T15:14:06+00:00","og_image":[{"width":1200,"height":800,"url":"https:\/\/www.tecdmx.org.mx\/wp-content\/uploads\/2018\/10\/solemne_1.jpg","type":"image\/jpeg"}],"author":"Difusion2025","twitter_card":"summary_large_image","twitter_creator":"@tecdmx","twitter_site":"@tecdmx","twitter_misc":{"Escrito por":"Difusion2025","Tiempo de lectura":"1 minuto"},"schema":{"@context":"https:\/\/schema.org","@graph":[{"@type":"WebPage","@id":"https:\/\/www.tecdmx.org.mx\/index.php\/eventos\/2018\/09\/26\/sesion-publica-solemne-25-de-septiembre-de-2018\/","url":"https:\/\/www.tecdmx.org.mx\/index.php\/eventos\/2018\/09\/26\/sesion-publica-solemne-25-de-septiembre-de-2018\/","name":"Sesi\u00f3n P\u00fablica Solemne. 25 de septiembre de 2018 - Tribunal Electoral de la Ciudad de M\u00e9xico","isPartOf":{"@id":"https:\/\/www.tecdmx.org.mx\/#website"},"primaryImageOfPage":{"@id":"https:\/\/www.tecdmx.org.mx\/index.php\/eventos\/2018\/09\/26\/sesion-publica-solemne-25-de-septiembre-de-2018\/#primaryimage"},"image":{"@id":"https:\/\/www.tecdmx.org.mx\/index.php\/eventos\/2018\/09\/26\/sesion-publica-solemne-25-de-septiembre-de-2018\/#primaryimage"},"thumbnailUrl":"https:\/\/www.tecdmx.org.mx\/wp-content\/uploads\/2018\/10\/solemne_1.jpg","datePublished":"2018-09-26T12:12:00+00:00","dateModified":"2018-10-08T15:14:06+00:00","author":{"@id":"https:\/\/www.tecdmx.org.mx\/#\/schema\/person\/208c898199fb3234203823c5f0cf31d6"},"breadcrumb":{"@id":"https:\/\/www.tecdmx.org.mx\/index.php\/eventos\/2018\/09\/26\/sesion-publica-solemne-25-de-septiembre-de-2018\/#breadcrumb"},"inLanguage":"es","potentialAction":[{"@type":"ReadAction","target":["https:\/\/www.tecdmx.org.mx\/index.php\/eventos\/2018\/09\/26\/sesion-publica-solemne-25-de-septiembre-de-2018\/"]}]},{"@type":"ImageObject","inLanguage":"es","@id":"https:\/\/www.tecdmx.org.mx\/index.php\/eventos\/2018\/09\/26\/sesion-publica-solemne-25-de-septiembre-de-2018\/#primaryimage","url":"https:\/\/www.tecdmx.org.mx\/wp-content\/uploads\/2018\/10\/solemne_1.jpg","contentUrl":"https:\/\/www.tecdmx.org.mx\/wp-content\/uploads\/2018\/10\/solemne_1.jpg","width":1200,"height":800},{"@type":"BreadcrumbList","@id":"https:\/\/www.tecdmx.org.mx\/index.php\/eventos\/2018\/09\/26\/sesion-publica-solemne-25-de-septiembre-de-2018\/#breadcrumb","itemListElement":[{"@type":"ListItem","position":1,"name":"Portada","item":"https:\/\/www.tecdmx.org.mx\/"},{"@type":"ListItem","position":2,"name":"Sesi\u00f3n P\u00fablica Solemne. 25 de septiembre de 2018"}]},{"@type":"WebSite","@id":"https:\/\/www.tecdmx.org.mx\/#website","url":"https:\/\/www.tecdmx.org.mx\/","name":"Tribunal Electoral de la Ciudad de M\u00e9xico","description":"25 a\u00f1os garantizando justicia en tu elecci\u00f3n","potentialAction":[{"@type":"SearchAction","target":{"@type":"EntryPoint","urlTemplate":"https:\/\/www.tecdmx.org.mx\/?s={search_term_string}"},"query-input":"required name=search_term_string"}],"inLanguage":"es"},{"@type":"Person","@id":"https:\/\/www.tecdmx.org.mx\/#\/schema\/person\/208c898199fb3234203823c5f0cf31d6","name":"Difusion2025","image":{"@type":"ImageObject","inLanguage":"es","@id":"https:\/\/www.tecdmx.org.mx\/#\/schema\/person\/image\/","url":"https:\/\/secure.gravatar.com\/avatar\/6f7a4ba3acb418040e90a2eb99b5df28?s=96&d=mm&r=g","contentUrl":"https:\/\/secure.gravatar.com\/avatar\/6f7a4ba3acb418040e90a2eb99b5df28?s=96&d=mm&r=g","caption":"Difusion2025"}}]}},"_links":{"self":[{"href":"https:\/\/www.tecdmx.org.mx\/index.php\/wp-json\/wp\/v2\/posts\/4940"}],"collection":[{"href":"https:\/\/www.tecdmx.org.mx\/index.php\/wp-json\/wp\/v2\/posts"}],"about":[{"href":"https:\/\/www.tecdmx.org.mx\/index.php\/wp-json\/wp\/v2\/types\/post"}],"author":[{"embeddable":true,"href":"https:\/\/www.tecdmx.org.mx\/index.php\/wp-json\/wp\/v2\/users\/13"}],"replies":[{"embeddable":true,"href":"https:\/\/www.tecdmx.org.mx\/index.php\/wp-json\/wp\/v2\/comments?post=4940"}],"version-history":[{"count":3,"href":"https:\/\/www.tecdmx.org.mx\/index.php\/wp-json\/wp\/v2\/posts\/4940\/revisions"}],"predecessor-version":[{"id":4947,"href":"https:\/\/www.tecdmx.org.mx\/index.php\/wp-json\/wp\/v2\/posts\/4940\/revisions\/4947"}],"wp:featuredmedia":[{"embeddable":true,"href":"https:\/\/www.tecdmx.org.mx\/index.php\/wp-json\/wp\/v2\/media\/4944"}],"wp:attachment":[{"href":"https:\/\/www.tecdmx.org.mx\/index.php\/wp-json\/wp\/v2\/media?parent=4940"}],"wp:term":[{"taxonomy":"category","embeddable":true,"href":"https:\/\/www.tecdmx.org.mx\/index.php\/wp-json\/wp\/v2\/categories?post=4940"},{"taxonomy":"post_tag","embeddable":true,"href":"https:\/\/www.tecdmx.org.mx\/index.php\/wp-json\/wp\/v2\/tags?post=4940"}],"curies":[{"name":"wp","href":"https:\/\/api.w.org\/{rel}","templated":true}]}}