{"id":5074,"date":"2018-11-21T15:33:00","date_gmt":"2018-11-21T15:33:00","guid":{"rendered":"http:\/\/www2.tecdmx.org.mx\/?p=5074"},"modified":"2018-11-22T15:38:42","modified_gmt":"2018-11-22T15:38:42","slug":"conferencia-magistral-los-dilemas-en-torno-al-acoso","status":"publish","type":"post","link":"https:\/\/www.tecdmx.org.mx\/index.php\/eventos\/2018\/11\/21\/conferencia-magistral-los-dilemas-en-torno-al-acoso\/","title":{"rendered":"Conferencia Magistral &#8220;Los dilemas en torno al acoso&#8221;."},"content":{"rendered":"<p>La Magistrada M. Alejandra Ch\u00e1vez Camarena, asisti\u00f3 a la Conferencia Magistral \u201cLos dilemas en torno al acoso\u201d ofrecida por Marta Lamas con motivo del D\u00eda Internacional de la Eliminaci\u00f3n de la Violencia contra la Mujer, celebrada en el Tribunal de Justicia Administrativa de la Ciudad de M\u00e9xico.<\/p>\n<p><img loading=\"lazy\" decoding=\"async\" class=\"aligncenter wp-image-5077 size-large\" src=\"https:\/\/www.tecdmx.org.mx\/wp-content\/uploads\/2018\/11\/conferencia_magistral_los-dilemas_torno_al_-acoso_03-524x350.jpg\" alt=\"\" width=\"524\" height=\"350\" srcset=\"https:\/\/www.tecdmx.org.mx\/wp-content\/uploads\/2018\/11\/conferencia_magistral_los-dilemas_torno_al_-acoso_03-375x250.jpg 375w, https:\/\/www.tecdmx.org.mx\/wp-content\/uploads\/2018\/11\/conferencia_magistral_los-dilemas_torno_al_-acoso_03-768x513.jpg 768w, https:\/\/www.tecdmx.org.mx\/wp-content\/uploads\/2018\/11\/conferencia_magistral_los-dilemas_torno_al_-acoso_03-524x350.jpg 524w, https:\/\/www.tecdmx.org.mx\/wp-content\/uploads\/2018\/11\/conferencia_magistral_los-dilemas_torno_al_-acoso_03.jpg 1200w\" sizes=\"(max-width: 524px) 100vw, 524px\" \/><\/p>\n<p><img loading=\"lazy\" decoding=\"async\" class=\"aligncenter wp-image-5076 size-large\" src=\"https:\/\/www.tecdmx.org.mx\/wp-content\/uploads\/2018\/11\/conferencia_magistral_los-dilemas_torno_al_-acoso_02-524x350.jpg\" alt=\"\" width=\"524\" height=\"350\" srcset=\"https:\/\/www.tecdmx.org.mx\/wp-content\/uploads\/2018\/11\/conferencia_magistral_los-dilemas_torno_al_-acoso_02-375x250.jpg 375w, https:\/\/www.tecdmx.org.mx\/wp-content\/uploads\/2018\/11\/conferencia_magistral_los-dilemas_torno_al_-acoso_02-768x513.jpg 768w, https:\/\/www.tecdmx.org.mx\/wp-content\/uploads\/2018\/11\/conferencia_magistral_los-dilemas_torno_al_-acoso_02-524x350.jpg 524w, https:\/\/www.tecdmx.org.mx\/wp-content\/uploads\/2018\/11\/conferencia_magistral_los-dilemas_torno_al_-acoso_02.jpg 1200w\" sizes=\"(max-width: 524px) 100vw, 524px\" \/><\/p>\n<p><img loading=\"lazy\" decoding=\"async\" class=\"aligncenter wp-image-5075 size-large\" src=\"https:\/\/www.tecdmx.org.mx\/wp-content\/uploads\/2018\/11\/conferencia_magistral_los-dilemas_torno_al_-acoso_01-525x350.jpg\" alt=\"\" width=\"525\" height=\"350\" srcset=\"https:\/\/www.tecdmx.org.mx\/wp-content\/uploads\/2018\/11\/conferencia_magistral_los-dilemas_torno_al_-acoso_01-375x250.jpg 375w, https:\/\/www.tecdmx.org.mx\/wp-content\/uploads\/2018\/11\/conferencia_magistral_los-dilemas_torno_al_-acoso_01-768x512.jpg 768w, https:\/\/www.tecdmx.org.mx\/wp-content\/uploads\/2018\/11\/conferencia_magistral_los-dilemas_torno_al_-acoso_01-525x350.jpg 525w, https:\/\/www.tecdmx.org.mx\/wp-content\/uploads\/2018\/11\/conferencia_magistral_los-dilemas_torno_al_-acoso_01.jpg 1200w\" sizes=\"(max-width: 525px) 100vw, 525px\" \/><\/p>\n","protected":false},"excerpt":{"rendered":"<p>La Magistrada M. Alejandra Ch\u00e1vez Camarena, asisti\u00f3 a la Conferencia Magistral \u201cLos dilemas en torno al acoso\u201d ofrecida por Marta Lamas con motivo del D\u00eda Internacional de la Eliminaci\u00f3n de la Violencia contra la Mujer, celebrada en el Tribunal de Justicia Administrativa de la Ciudad de M\u00e9xico.<\/p>\n","protected":false},"author":13,"featured_media":5077,"comment_status":"open","ping_status":"open","sticky":false,"template":"","format":"standard","meta":{"_acf_changed":false,"_exactmetrics_skip_tracking":false,"_exactmetrics_sitenote_active":false,"_exactmetrics_sitenote_note":"","_exactmetrics_sitenote_category":0,"footnotes":""},"categories":[47,40],"tags":[],"acf":[],"yoast_head":"<!-- This site is optimized with the Yoast SEO plugin v22.3 - https:\/\/yoast.com\/wordpress\/plugins\/seo\/ -->\n<title>Conferencia Magistral &quot;Los dilemas en torno al acoso&quot;. - Tribunal Electoral de la Ciudad de M\u00e9xico<\/title>\n<meta name=\"robots\" content=\"index, follow, max-snippet:-1, max-image-preview:large, max-video-preview:-1\" \/>\n<link rel=\"canonical\" href=\"https:\/\/www.tecdmx.org.mx\/index.php\/eventos\/2018\/11\/21\/conferencia-magistral-los-dilemas-en-torno-al-acoso\/\" \/>\n<meta property=\"og:locale\" content=\"es_ES\" \/>\n<meta property=\"og:type\" content=\"article\" \/>\n<meta property=\"og:title\" content=\"Conferencia Magistral &quot;Los dilemas en torno al acoso&quot;. - Tribunal Electoral de la Ciudad de M\u00e9xico\" \/>\n<meta property=\"og:description\" content=\"La Magistrada M. Alejandra Ch\u00e1vez Camarena, asisti\u00f3 a la Conferencia Magistral \u201cLos dilemas en torno al acoso\u201d ofrecida por Marta Lamas con motivo del D\u00eda Internacional de la Eliminaci\u00f3n de la Violencia contra la Mujer, celebrada en el Tribunal de Justicia Administrativa de la Ciudad de M\u00e9xico.\" \/>\n<meta property=\"og:url\" content=\"https:\/\/www.tecdmx.org.mx\/index.php\/eventos\/2018\/11\/21\/conferencia-magistral-los-dilemas-en-torno-al-acoso\/\" \/>\n<meta property=\"og:site_name\" content=\"Tribunal Electoral de la Ciudad de M\u00e9xico\" \/>\n<meta property=\"article:publisher\" content=\"https:\/\/www.facebook.com\/TECDMX\/\" \/>\n<meta property=\"article:published_time\" content=\"2018-11-21T15:33:00+00:00\" \/>\n<meta property=\"article:modified_time\" content=\"2018-11-22T15:38:42+00:00\" \/>\n<meta property=\"og:image\" content=\"https:\/\/www.tecdmx.org.mx\/wp-content\/uploads\/2018\/11\/conferencia_magistral_los-dilemas_torno_al_-acoso_03.jpg\" \/>\n\t<meta property=\"og:image:width\" content=\"1200\" \/>\n\t<meta property=\"og:image:height\" content=\"801\" \/>\n\t<meta property=\"og:image:type\" content=\"image\/jpeg\" \/>\n<meta name=\"author\" content=\"Difusion2025\" \/>\n<meta name=\"twitter:card\" content=\"summary_large_image\" \/>\n<meta name=\"twitter:creator\" content=\"@tecdmx\" \/>\n<meta name=\"twitter:site\" content=\"@tecdmx\" \/>\n<meta name=\"twitter:label1\" content=\"Escrito por\" \/>\n\t<meta name=\"twitter:data1\" content=\"Difusion2025\" \/>\n<script type=\"application\/ld+json\" class=\"yoast-schema-graph\">{\"@context\":\"https:\/\/schema.org\",\"@graph\":[{\"@type\":\"WebPage\",\"@id\":\"https:\/\/www.tecdmx.org.mx\/index.php\/eventos\/2018\/11\/21\/conferencia-magistral-los-dilemas-en-torno-al-acoso\/\",\"url\":\"https:\/\/www.tecdmx.org.mx\/index.php\/eventos\/2018\/11\/21\/conferencia-magistral-los-dilemas-en-torno-al-acoso\/\",\"name\":\"Conferencia Magistral \\\"Los dilemas en torno al acoso\\\". - Tribunal Electoral de la Ciudad de M\u00e9xico\",\"isPartOf\":{\"@id\":\"https:\/\/www.tecdmx.org.mx\/#website\"},\"primaryImageOfPage\":{\"@id\":\"https:\/\/www.tecdmx.org.mx\/index.php\/eventos\/2018\/11\/21\/conferencia-magistral-los-dilemas-en-torno-al-acoso\/#primaryimage\"},\"image\":{\"@id\":\"https:\/\/www.tecdmx.org.mx\/index.php\/eventos\/2018\/11\/21\/conferencia-magistral-los-dilemas-en-torno-al-acoso\/#primaryimage\"},\"thumbnailUrl\":\"https:\/\/www.tecdmx.org.mx\/wp-content\/uploads\/2018\/11\/conferencia_magistral_los-dilemas_torno_al_-acoso_03.jpg\",\"datePublished\":\"2018-11-21T15:33:00+00:00\",\"dateModified\":\"2018-11-22T15:38:42+00:00\",\"author\":{\"@id\":\"https:\/\/www.tecdmx.org.mx\/#\/schema\/person\/208c898199fb3234203823c5f0cf31d6\"},\"breadcrumb\":{\"@id\":\"https:\/\/www.tecdmx.org.mx\/index.php\/eventos\/2018\/11\/21\/conferencia-magistral-los-dilemas-en-torno-al-acoso\/#breadcrumb\"},\"inLanguage\":\"es\",\"potentialAction\":[{\"@type\":\"ReadAction\",\"target\":[\"https:\/\/www.tecdmx.org.mx\/index.php\/eventos\/2018\/11\/21\/conferencia-magistral-los-dilemas-en-torno-al-acoso\/\"]}]},{\"@type\":\"ImageObject\",\"inLanguage\":\"es\",\"@id\":\"https:\/\/www.tecdmx.org.mx\/index.php\/eventos\/2018\/11\/21\/conferencia-magistral-los-dilemas-en-torno-al-acoso\/#primaryimage\",\"url\":\"https:\/\/www.tecdmx.org.mx\/wp-content\/uploads\/2018\/11\/conferencia_magistral_los-dilemas_torno_al_-acoso_03.jpg\",\"contentUrl\":\"https:\/\/www.tecdmx.org.mx\/wp-content\/uploads\/2018\/11\/conferencia_magistral_los-dilemas_torno_al_-acoso_03.jpg\",\"width\":1200,\"height\":801},{\"@type\":\"BreadcrumbList\",\"@id\":\"https:\/\/www.tecdmx.org.mx\/index.php\/eventos\/2018\/11\/21\/conferencia-magistral-los-dilemas-en-torno-al-acoso\/#breadcrumb\",\"itemListElement\":[{\"@type\":\"ListItem\",\"position\":1,\"name\":\"Portada\",\"item\":\"https:\/\/www.tecdmx.org.mx\/\"},{\"@type\":\"ListItem\",\"position\":2,\"name\":\"Conferencia Magistral &#8220;Los dilemas en torno al acoso&#8221;.\"}]},{\"@type\":\"WebSite\",\"@id\":\"https:\/\/www.tecdmx.org.mx\/#website\",\"url\":\"https:\/\/www.tecdmx.org.mx\/\",\"name\":\"Tribunal Electoral de la Ciudad de M\u00e9xico\",\"description\":\"25 a\u00f1os garantizando justicia en tu elecci\u00f3n\",\"potentialAction\":[{\"@type\":\"SearchAction\",\"target\":{\"@type\":\"EntryPoint\",\"urlTemplate\":\"https:\/\/www.tecdmx.org.mx\/?s={search_term_string}\"},\"query-input\":\"required name=search_term_string\"}],\"inLanguage\":\"es\"},{\"@type\":\"Person\",\"@id\":\"https:\/\/www.tecdmx.org.mx\/#\/schema\/person\/208c898199fb3234203823c5f0cf31d6\",\"name\":\"Difusion2025\",\"image\":{\"@type\":\"ImageObject\",\"inLanguage\":\"es\",\"@id\":\"https:\/\/www.tecdmx.org.mx\/#\/schema\/person\/image\/\",\"url\":\"https:\/\/secure.gravatar.com\/avatar\/6f7a4ba3acb418040e90a2eb99b5df28?s=96&d=mm&r=g\",\"contentUrl\":\"https:\/\/secure.gravatar.com\/avatar\/6f7a4ba3acb418040e90a2eb99b5df28?s=96&d=mm&r=g\",\"caption\":\"Difusion2025\"}}]}<\/script>\n<!-- \/ Yoast SEO plugin. -->","yoast_head_json":{"title":"Conferencia Magistral \"Los dilemas en torno al acoso\". - Tribunal Electoral de la Ciudad de M\u00e9xico","robots":{"index":"index","follow":"follow","max-snippet":"max-snippet:-1","max-image-preview":"max-image-preview:large","max-video-preview":"max-video-preview:-1"},"canonical":"https:\/\/www.tecdmx.org.mx\/index.php\/eventos\/2018\/11\/21\/conferencia-magistral-los-dilemas-en-torno-al-acoso\/","og_locale":"es_ES","og_type":"article","og_title":"Conferencia Magistral \"Los dilemas en torno al acoso\". - Tribunal Electoral de la Ciudad de M\u00e9xico","og_description":"La Magistrada M. Alejandra Ch\u00e1vez Camarena, asisti\u00f3 a la Conferencia Magistral \u201cLos dilemas en torno al acoso\u201d ofrecida por Marta Lamas con motivo del D\u00eda Internacional de la Eliminaci\u00f3n de la Violencia contra la Mujer, celebrada en el Tribunal de Justicia Administrativa de la Ciudad de M\u00e9xico.","og_url":"https:\/\/www.tecdmx.org.mx\/index.php\/eventos\/2018\/11\/21\/conferencia-magistral-los-dilemas-en-torno-al-acoso\/","og_site_name":"Tribunal Electoral de la Ciudad de M\u00e9xico","article_publisher":"https:\/\/www.facebook.com\/TECDMX\/","article_published_time":"2018-11-21T15:33:00+00:00","article_modified_time":"2018-11-22T15:38:42+00:00","og_image":[{"width":1200,"height":801,"url":"https:\/\/www.tecdmx.org.mx\/wp-content\/uploads\/2018\/11\/conferencia_magistral_los-dilemas_torno_al_-acoso_03.jpg","type":"image\/jpeg"}],"author":"Difusion2025","twitter_card":"summary_large_image","twitter_creator":"@tecdmx","twitter_site":"@tecdmx","twitter_misc":{"Escrito por":"Difusion2025"},"schema":{"@context":"https:\/\/schema.org","@graph":[{"@type":"WebPage","@id":"https:\/\/www.tecdmx.org.mx\/index.php\/eventos\/2018\/11\/21\/conferencia-magistral-los-dilemas-en-torno-al-acoso\/","url":"https:\/\/www.tecdmx.org.mx\/index.php\/eventos\/2018\/11\/21\/conferencia-magistral-los-dilemas-en-torno-al-acoso\/","name":"Conferencia Magistral \"Los dilemas en torno al acoso\". - Tribunal Electoral de la Ciudad de M\u00e9xico","isPartOf":{"@id":"https:\/\/www.tecdmx.org.mx\/#website"},"primaryImageOfPage":{"@id":"https:\/\/www.tecdmx.org.mx\/index.php\/eventos\/2018\/11\/21\/conferencia-magistral-los-dilemas-en-torno-al-acoso\/#primaryimage"},"image":{"@id":"https:\/\/www.tecdmx.org.mx\/index.php\/eventos\/2018\/11\/21\/conferencia-magistral-los-dilemas-en-torno-al-acoso\/#primaryimage"},"thumbnailUrl":"https:\/\/www.tecdmx.org.mx\/wp-content\/uploads\/2018\/11\/conferencia_magistral_los-dilemas_torno_al_-acoso_03.jpg","datePublished":"2018-11-21T15:33:00+00:00","dateModified":"2018-11-22T15:38:42+00:00","author":{"@id":"https:\/\/www.tecdmx.org.mx\/#\/schema\/person\/208c898199fb3234203823c5f0cf31d6"},"breadcrumb":{"@id":"https:\/\/www.tecdmx.org.mx\/index.php\/eventos\/2018\/11\/21\/conferencia-magistral-los-dilemas-en-torno-al-acoso\/#breadcrumb"},"inLanguage":"es","potentialAction":[{"@type":"ReadAction","target":["https:\/\/www.tecdmx.org.mx\/index.php\/eventos\/2018\/11\/21\/conferencia-magistral-los-dilemas-en-torno-al-acoso\/"]}]},{"@type":"ImageObject","inLanguage":"es","@id":"https:\/\/www.tecdmx.org.mx\/index.php\/eventos\/2018\/11\/21\/conferencia-magistral-los-dilemas-en-torno-al-acoso\/#primaryimage","url":"https:\/\/www.tecdmx.org.mx\/wp-content\/uploads\/2018\/11\/conferencia_magistral_los-dilemas_torno_al_-acoso_03.jpg","contentUrl":"https:\/\/www.tecdmx.org.mx\/wp-content\/uploads\/2018\/11\/conferencia_magistral_los-dilemas_torno_al_-acoso_03.jpg","width":1200,"height":801},{"@type":"BreadcrumbList","@id":"https:\/\/www.tecdmx.org.mx\/index.php\/eventos\/2018\/11\/21\/conferencia-magistral-los-dilemas-en-torno-al-acoso\/#breadcrumb","itemListElement":[{"@type":"ListItem","position":1,"name":"Portada","item":"https:\/\/www.tecdmx.org.mx\/"},{"@type":"ListItem","position":2,"name":"Conferencia Magistral &#8220;Los dilemas en torno al acoso&#8221;."}]},{"@type":"WebSite","@id":"https:\/\/www.tecdmx.org.mx\/#website","url":"https:\/\/www.tecdmx.org.mx\/","name":"Tribunal Electoral de la Ciudad de M\u00e9xico","description":"25 a\u00f1os garantizando justicia en tu elecci\u00f3n","potentialAction":[{"@type":"SearchAction","target":{"@type":"EntryPoint","urlTemplate":"https:\/\/www.tecdmx.org.mx\/?s={search_term_string}"},"query-input":"required name=search_term_string"}],"inLanguage":"es"},{"@type":"Person","@id":"https:\/\/www.tecdmx.org.mx\/#\/schema\/person\/208c898199fb3234203823c5f0cf31d6","name":"Difusion2025","image":{"@type":"ImageObject","inLanguage":"es","@id":"https:\/\/www.tecdmx.org.mx\/#\/schema\/person\/image\/","url":"https:\/\/secure.gravatar.com\/avatar\/6f7a4ba3acb418040e90a2eb99b5df28?s=96&d=mm&r=g","contentUrl":"https:\/\/secure.gravatar.com\/avatar\/6f7a4ba3acb418040e90a2eb99b5df28?s=96&d=mm&r=g","caption":"Difusion2025"}}]}},"_links":{"self":[{"href":"https:\/\/www.tecdmx.org.mx\/index.php\/wp-json\/wp\/v2\/posts\/5074"}],"collection":[{"href":"https:\/\/www.tecdmx.org.mx\/index.php\/wp-json\/wp\/v2\/posts"}],"about":[{"href":"https:\/\/www.tecdmx.org.mx\/index.php\/wp-json\/wp\/v2\/types\/post"}],"author":[{"embeddable":true,"href":"https:\/\/www.tecdmx.org.mx\/index.php\/wp-json\/wp\/v2\/users\/13"}],"replies":[{"embeddable":true,"href":"https:\/\/www.tecdmx.org.mx\/index.php\/wp-json\/wp\/v2\/comments?post=5074"}],"version-history":[{"count":1,"href":"https:\/\/www.tecdmx.org.mx\/index.php\/wp-json\/wp\/v2\/posts\/5074\/revisions"}],"predecessor-version":[{"id":5078,"href":"https:\/\/www.tecdmx.org.mx\/index.php\/wp-json\/wp\/v2\/posts\/5074\/revisions\/5078"}],"wp:featuredmedia":[{"embeddable":true,"href":"https:\/\/www.tecdmx.org.mx\/index.php\/wp-json\/wp\/v2\/media\/5077"}],"wp:attachment":[{"href":"https:\/\/www.tecdmx.org.mx\/index.php\/wp-json\/wp\/v2\/media?parent=5074"}],"wp:term":[{"taxonomy":"category","embeddable":true,"href":"https:\/\/www.tecdmx.org.mx\/index.php\/wp-json\/wp\/v2\/categories?post=5074"},{"taxonomy":"post_tag","embeddable":true,"href":"https:\/\/www.tecdmx.org.mx\/index.php\/wp-json\/wp\/v2\/tags?post=5074"}],"curies":[{"name":"wp","href":"https:\/\/api.w.org\/{rel}","templated":true}]}}