{"id":5080,"date":"2018-11-22T16:12:50","date_gmt":"2018-11-22T16:12:50","guid":{"rendered":"http:\/\/www2.tecdmx.org.mx\/?p=5080"},"modified":"2018-11-22T16:12:50","modified_gmt":"2018-11-22T16:12:50","slug":"informe-sobre-cultura-civica-en-la-ciudad-de-mexico-2017-iecm","status":"publish","type":"post","link":"https:\/\/www.tecdmx.org.mx\/index.php\/eventos\/2018\/11\/22\/informe-sobre-cultura-civica-en-la-ciudad-de-mexico-2017-iecm\/","title":{"rendered":"Informe sobre Cultura C\u00edvica en la Ciudad de M\u00e9xico 2017. IECM"},"content":{"rendered":"<p>El Magistrado Presidente, Gustavo Anzaldo Hern\u00e1ndez, asisti\u00f3 a la presentaci\u00f3n del informe sobre Cultura C\u00edvica en la Ciudad de M\u00e9xico 2017 presentado por el Instituto Electoral del la Ciudad de M\u00e9xico.<\/p>\n<p><img loading=\"lazy\" decoding=\"async\" class=\"aligncenter wp-image-5084 size-large\" src=\"https:\/\/www.tecdmx.org.mx\/wp-content\/uploads\/2018\/11\/Informe_sobre_Cultura_Civica_en_la_Ciudad_IECM-538x350.jpg\" alt=\"\" width=\"538\" height=\"350\" srcset=\"https:\/\/www.tecdmx.org.mx\/wp-content\/uploads\/2018\/11\/Informe_sobre_Cultura_Civica_en_la_Ciudad_IECM-384x250.jpg 384w, https:\/\/www.tecdmx.org.mx\/wp-content\/uploads\/2018\/11\/Informe_sobre_Cultura_Civica_en_la_Ciudad_IECM-768x500.jpg 768w, https:\/\/www.tecdmx.org.mx\/wp-content\/uploads\/2018\/11\/Informe_sobre_Cultura_Civica_en_la_Ciudad_IECM-538x350.jpg 538w, https:\/\/www.tecdmx.org.mx\/wp-content\/uploads\/2018\/11\/Informe_sobre_Cultura_Civica_en_la_Ciudad_IECM.jpg 1077w\" sizes=\"(max-width: 538px) 100vw, 538px\" \/><\/p>\n<p><img loading=\"lazy\" decoding=\"async\" class=\"aligncenter wp-image-5082 size-large\" src=\"https:\/\/www.tecdmx.org.mx\/wp-content\/uploads\/2018\/11\/Informe_sobre_Cultura_Civica_en_la_Ciudad_IECM_03-569x350.jpg\" alt=\"\" width=\"569\" height=\"350\" srcset=\"https:\/\/www.tecdmx.org.mx\/wp-content\/uploads\/2018\/11\/Informe_sobre_Cultura_Civica_en_la_Ciudad_IECM_03-406x250.jpg 406w, https:\/\/www.tecdmx.org.mx\/wp-content\/uploads\/2018\/11\/Informe_sobre_Cultura_Civica_en_la_Ciudad_IECM_03-768x473.jpg 768w, https:\/\/www.tecdmx.org.mx\/wp-content\/uploads\/2018\/11\/Informe_sobre_Cultura_Civica_en_la_Ciudad_IECM_03-569x350.jpg 569w, https:\/\/www.tecdmx.org.mx\/wp-content\/uploads\/2018\/11\/Informe_sobre_Cultura_Civica_en_la_Ciudad_IECM_03.jpg 1199w\" sizes=\"(max-width: 569px) 100vw, 569px\" \/><\/p>\n<p><img loading=\"lazy\" decoding=\"async\" class=\"aligncenter wp-image-5081 size-large\" src=\"https:\/\/www.tecdmx.org.mx\/wp-content\/uploads\/2018\/11\/Informe_sobre_Cultura_Civica_en_la_Ciudad_IECM_02-610x350.jpg\" alt=\"\" width=\"610\" height=\"350\" srcset=\"https:\/\/www.tecdmx.org.mx\/wp-content\/uploads\/2018\/11\/Informe_sobre_Cultura_Civica_en_la_Ciudad_IECM_02-436x250.jpg 436w, https:\/\/www.tecdmx.org.mx\/wp-content\/uploads\/2018\/11\/Informe_sobre_Cultura_Civica_en_la_Ciudad_IECM_02-768x440.jpg 768w, https:\/\/www.tecdmx.org.mx\/wp-content\/uploads\/2018\/11\/Informe_sobre_Cultura_Civica_en_la_Ciudad_IECM_02-610x350.jpg 610w, https:\/\/www.tecdmx.org.mx\/wp-content\/uploads\/2018\/11\/Informe_sobre_Cultura_Civica_en_la_Ciudad_IECM_02.jpg 1062w\" sizes=\"(max-width: 610px) 100vw, 610px\" \/><\/p>\n","protected":false},"excerpt":{"rendered":"<p>El Magistrado Presidente, Gustavo Anzaldo Hern\u00e1ndez, asisti\u00f3 a la presentaci\u00f3n del informe sobre Cultura C\u00edvica en la Ciudad de M\u00e9xico 2017 presentado por el Instituto Electoral del la Ciudad de M\u00e9xico.<\/p>\n","protected":false},"author":13,"featured_media":5083,"comment_status":"open","ping_status":"open","sticky":false,"template":"","format":"standard","meta":{"_acf_changed":false,"_exactmetrics_skip_tracking":false,"_exactmetrics_sitenote_active":false,"_exactmetrics_sitenote_note":"","_exactmetrics_sitenote_category":0,"footnotes":""},"categories":[47,40],"tags":[],"acf":[],"yoast_head":"<!-- This site is optimized with the Yoast SEO plugin v22.3 - https:\/\/yoast.com\/wordpress\/plugins\/seo\/ -->\n<title>Informe sobre Cultura C\u00edvica en la Ciudad de M\u00e9xico 2017. IECM - Tribunal Electoral de la Ciudad de M\u00e9xico<\/title>\n<meta name=\"robots\" content=\"index, follow, max-snippet:-1, max-image-preview:large, max-video-preview:-1\" \/>\n<link rel=\"canonical\" href=\"https:\/\/www.tecdmx.org.mx\/index.php\/eventos\/2018\/11\/22\/informe-sobre-cultura-civica-en-la-ciudad-de-mexico-2017-iecm\/\" \/>\n<meta property=\"og:locale\" content=\"es_ES\" \/>\n<meta property=\"og:type\" content=\"article\" \/>\n<meta property=\"og:title\" content=\"Informe sobre Cultura C\u00edvica en la Ciudad de M\u00e9xico 2017. IECM - Tribunal Electoral de la Ciudad de M\u00e9xico\" \/>\n<meta property=\"og:description\" content=\"El Magistrado Presidente, Gustavo Anzaldo Hern\u00e1ndez, asisti\u00f3 a la presentaci\u00f3n del informe sobre Cultura C\u00edvica en la Ciudad de M\u00e9xico 2017 presentado por el Instituto Electoral del la Ciudad de M\u00e9xico.\" \/>\n<meta property=\"og:url\" content=\"https:\/\/www.tecdmx.org.mx\/index.php\/eventos\/2018\/11\/22\/informe-sobre-cultura-civica-en-la-ciudad-de-mexico-2017-iecm\/\" \/>\n<meta property=\"og:site_name\" content=\"Tribunal Electoral de la Ciudad de M\u00e9xico\" \/>\n<meta property=\"article:publisher\" content=\"https:\/\/www.facebook.com\/TECDMX\/\" \/>\n<meta property=\"article:published_time\" content=\"2018-11-22T16:12:50+00:00\" \/>\n<meta property=\"og:image\" content=\"https:\/\/www.tecdmx.org.mx\/wp-content\/uploads\/2018\/11\/Informe_sobre_Cultura_Civica_en_la_Ciudad_IECM_PORTADA2.jpg\" \/>\n\t<meta property=\"og:image:width\" content=\"1467\" \/>\n\t<meta property=\"og:image:height\" content=\"799\" \/>\n\t<meta property=\"og:image:type\" content=\"image\/jpeg\" \/>\n<meta name=\"author\" content=\"Difusion2025\" \/>\n<meta name=\"twitter:card\" content=\"summary_large_image\" \/>\n<meta name=\"twitter:creator\" content=\"@tecdmx\" \/>\n<meta name=\"twitter:site\" content=\"@tecdmx\" \/>\n<meta name=\"twitter:label1\" content=\"Escrito por\" \/>\n\t<meta name=\"twitter:data1\" content=\"Difusion2025\" \/>\n<script type=\"application\/ld+json\" class=\"yoast-schema-graph\">{\"@context\":\"https:\/\/schema.org\",\"@graph\":[{\"@type\":\"WebPage\",\"@id\":\"https:\/\/www.tecdmx.org.mx\/index.php\/eventos\/2018\/11\/22\/informe-sobre-cultura-civica-en-la-ciudad-de-mexico-2017-iecm\/\",\"url\":\"https:\/\/www.tecdmx.org.mx\/index.php\/eventos\/2018\/11\/22\/informe-sobre-cultura-civica-en-la-ciudad-de-mexico-2017-iecm\/\",\"name\":\"Informe sobre Cultura C\u00edvica en la Ciudad de M\u00e9xico 2017. IECM - Tribunal Electoral de la Ciudad de M\u00e9xico\",\"isPartOf\":{\"@id\":\"https:\/\/www.tecdmx.org.mx\/#website\"},\"primaryImageOfPage\":{\"@id\":\"https:\/\/www.tecdmx.org.mx\/index.php\/eventos\/2018\/11\/22\/informe-sobre-cultura-civica-en-la-ciudad-de-mexico-2017-iecm\/#primaryimage\"},\"image\":{\"@id\":\"https:\/\/www.tecdmx.org.mx\/index.php\/eventos\/2018\/11\/22\/informe-sobre-cultura-civica-en-la-ciudad-de-mexico-2017-iecm\/#primaryimage\"},\"thumbnailUrl\":\"https:\/\/www.tecdmx.org.mx\/wp-content\/uploads\/2018\/11\/Informe_sobre_Cultura_Civica_en_la_Ciudad_IECM_PORTADA2.jpg\",\"datePublished\":\"2018-11-22T16:12:50+00:00\",\"dateModified\":\"2018-11-22T16:12:50+00:00\",\"author\":{\"@id\":\"https:\/\/www.tecdmx.org.mx\/#\/schema\/person\/208c898199fb3234203823c5f0cf31d6\"},\"breadcrumb\":{\"@id\":\"https:\/\/www.tecdmx.org.mx\/index.php\/eventos\/2018\/11\/22\/informe-sobre-cultura-civica-en-la-ciudad-de-mexico-2017-iecm\/#breadcrumb\"},\"inLanguage\":\"es\",\"potentialAction\":[{\"@type\":\"ReadAction\",\"target\":[\"https:\/\/www.tecdmx.org.mx\/index.php\/eventos\/2018\/11\/22\/informe-sobre-cultura-civica-en-la-ciudad-de-mexico-2017-iecm\/\"]}]},{\"@type\":\"ImageObject\",\"inLanguage\":\"es\",\"@id\":\"https:\/\/www.tecdmx.org.mx\/index.php\/eventos\/2018\/11\/22\/informe-sobre-cultura-civica-en-la-ciudad-de-mexico-2017-iecm\/#primaryimage\",\"url\":\"https:\/\/www.tecdmx.org.mx\/wp-content\/uploads\/2018\/11\/Informe_sobre_Cultura_Civica_en_la_Ciudad_IECM_PORTADA2.jpg\",\"contentUrl\":\"https:\/\/www.tecdmx.org.mx\/wp-content\/uploads\/2018\/11\/Informe_sobre_Cultura_Civica_en_la_Ciudad_IECM_PORTADA2.jpg\",\"width\":1467,\"height\":799},{\"@type\":\"BreadcrumbList\",\"@id\":\"https:\/\/www.tecdmx.org.mx\/index.php\/eventos\/2018\/11\/22\/informe-sobre-cultura-civica-en-la-ciudad-de-mexico-2017-iecm\/#breadcrumb\",\"itemListElement\":[{\"@type\":\"ListItem\",\"position\":1,\"name\":\"Portada\",\"item\":\"https:\/\/www.tecdmx.org.mx\/\"},{\"@type\":\"ListItem\",\"position\":2,\"name\":\"Informe sobre Cultura C\u00edvica en la Ciudad de M\u00e9xico 2017. IECM\"}]},{\"@type\":\"WebSite\",\"@id\":\"https:\/\/www.tecdmx.org.mx\/#website\",\"url\":\"https:\/\/www.tecdmx.org.mx\/\",\"name\":\"Tribunal Electoral de la Ciudad de M\u00e9xico\",\"description\":\"25 a\u00f1os garantizando justicia en tu elecci\u00f3n\",\"potentialAction\":[{\"@type\":\"SearchAction\",\"target\":{\"@type\":\"EntryPoint\",\"urlTemplate\":\"https:\/\/www.tecdmx.org.mx\/?s={search_term_string}\"},\"query-input\":\"required name=search_term_string\"}],\"inLanguage\":\"es\"},{\"@type\":\"Person\",\"@id\":\"https:\/\/www.tecdmx.org.mx\/#\/schema\/person\/208c898199fb3234203823c5f0cf31d6\",\"name\":\"Difusion2025\",\"image\":{\"@type\":\"ImageObject\",\"inLanguage\":\"es\",\"@id\":\"https:\/\/www.tecdmx.org.mx\/#\/schema\/person\/image\/\",\"url\":\"https:\/\/secure.gravatar.com\/avatar\/6f7a4ba3acb418040e90a2eb99b5df28?s=96&d=mm&r=g\",\"contentUrl\":\"https:\/\/secure.gravatar.com\/avatar\/6f7a4ba3acb418040e90a2eb99b5df28?s=96&d=mm&r=g\",\"caption\":\"Difusion2025\"}}]}<\/script>\n<!-- \/ Yoast SEO plugin. -->","yoast_head_json":{"title":"Informe sobre Cultura C\u00edvica en la Ciudad de M\u00e9xico 2017. IECM - Tribunal Electoral de la Ciudad de M\u00e9xico","robots":{"index":"index","follow":"follow","max-snippet":"max-snippet:-1","max-image-preview":"max-image-preview:large","max-video-preview":"max-video-preview:-1"},"canonical":"https:\/\/www.tecdmx.org.mx\/index.php\/eventos\/2018\/11\/22\/informe-sobre-cultura-civica-en-la-ciudad-de-mexico-2017-iecm\/","og_locale":"es_ES","og_type":"article","og_title":"Informe sobre Cultura C\u00edvica en la Ciudad de M\u00e9xico 2017. IECM - Tribunal Electoral de la Ciudad de M\u00e9xico","og_description":"El Magistrado Presidente, Gustavo Anzaldo Hern\u00e1ndez, asisti\u00f3 a la presentaci\u00f3n del informe sobre Cultura C\u00edvica en la Ciudad de M\u00e9xico 2017 presentado por el Instituto Electoral del la Ciudad de M\u00e9xico.","og_url":"https:\/\/www.tecdmx.org.mx\/index.php\/eventos\/2018\/11\/22\/informe-sobre-cultura-civica-en-la-ciudad-de-mexico-2017-iecm\/","og_site_name":"Tribunal Electoral de la Ciudad de M\u00e9xico","article_publisher":"https:\/\/www.facebook.com\/TECDMX\/","article_published_time":"2018-11-22T16:12:50+00:00","og_image":[{"width":1467,"height":799,"url":"https:\/\/www.tecdmx.org.mx\/wp-content\/uploads\/2018\/11\/Informe_sobre_Cultura_Civica_en_la_Ciudad_IECM_PORTADA2.jpg","type":"image\/jpeg"}],"author":"Difusion2025","twitter_card":"summary_large_image","twitter_creator":"@tecdmx","twitter_site":"@tecdmx","twitter_misc":{"Escrito por":"Difusion2025"},"schema":{"@context":"https:\/\/schema.org","@graph":[{"@type":"WebPage","@id":"https:\/\/www.tecdmx.org.mx\/index.php\/eventos\/2018\/11\/22\/informe-sobre-cultura-civica-en-la-ciudad-de-mexico-2017-iecm\/","url":"https:\/\/www.tecdmx.org.mx\/index.php\/eventos\/2018\/11\/22\/informe-sobre-cultura-civica-en-la-ciudad-de-mexico-2017-iecm\/","name":"Informe sobre Cultura C\u00edvica en la Ciudad de M\u00e9xico 2017. IECM - Tribunal Electoral de la Ciudad de M\u00e9xico","isPartOf":{"@id":"https:\/\/www.tecdmx.org.mx\/#website"},"primaryImageOfPage":{"@id":"https:\/\/www.tecdmx.org.mx\/index.php\/eventos\/2018\/11\/22\/informe-sobre-cultura-civica-en-la-ciudad-de-mexico-2017-iecm\/#primaryimage"},"image":{"@id":"https:\/\/www.tecdmx.org.mx\/index.php\/eventos\/2018\/11\/22\/informe-sobre-cultura-civica-en-la-ciudad-de-mexico-2017-iecm\/#primaryimage"},"thumbnailUrl":"https:\/\/www.tecdmx.org.mx\/wp-content\/uploads\/2018\/11\/Informe_sobre_Cultura_Civica_en_la_Ciudad_IECM_PORTADA2.jpg","datePublished":"2018-11-22T16:12:50+00:00","dateModified":"2018-11-22T16:12:50+00:00","author":{"@id":"https:\/\/www.tecdmx.org.mx\/#\/schema\/person\/208c898199fb3234203823c5f0cf31d6"},"breadcrumb":{"@id":"https:\/\/www.tecdmx.org.mx\/index.php\/eventos\/2018\/11\/22\/informe-sobre-cultura-civica-en-la-ciudad-de-mexico-2017-iecm\/#breadcrumb"},"inLanguage":"es","potentialAction":[{"@type":"ReadAction","target":["https:\/\/www.tecdmx.org.mx\/index.php\/eventos\/2018\/11\/22\/informe-sobre-cultura-civica-en-la-ciudad-de-mexico-2017-iecm\/"]}]},{"@type":"ImageObject","inLanguage":"es","@id":"https:\/\/www.tecdmx.org.mx\/index.php\/eventos\/2018\/11\/22\/informe-sobre-cultura-civica-en-la-ciudad-de-mexico-2017-iecm\/#primaryimage","url":"https:\/\/www.tecdmx.org.mx\/wp-content\/uploads\/2018\/11\/Informe_sobre_Cultura_Civica_en_la_Ciudad_IECM_PORTADA2.jpg","contentUrl":"https:\/\/www.tecdmx.org.mx\/wp-content\/uploads\/2018\/11\/Informe_sobre_Cultura_Civica_en_la_Ciudad_IECM_PORTADA2.jpg","width":1467,"height":799},{"@type":"BreadcrumbList","@id":"https:\/\/www.tecdmx.org.mx\/index.php\/eventos\/2018\/11\/22\/informe-sobre-cultura-civica-en-la-ciudad-de-mexico-2017-iecm\/#breadcrumb","itemListElement":[{"@type":"ListItem","position":1,"name":"Portada","item":"https:\/\/www.tecdmx.org.mx\/"},{"@type":"ListItem","position":2,"name":"Informe sobre Cultura C\u00edvica en la Ciudad de M\u00e9xico 2017. IECM"}]},{"@type":"WebSite","@id":"https:\/\/www.tecdmx.org.mx\/#website","url":"https:\/\/www.tecdmx.org.mx\/","name":"Tribunal Electoral de la Ciudad de M\u00e9xico","description":"25 a\u00f1os garantizando justicia en tu elecci\u00f3n","potentialAction":[{"@type":"SearchAction","target":{"@type":"EntryPoint","urlTemplate":"https:\/\/www.tecdmx.org.mx\/?s={search_term_string}"},"query-input":"required name=search_term_string"}],"inLanguage":"es"},{"@type":"Person","@id":"https:\/\/www.tecdmx.org.mx\/#\/schema\/person\/208c898199fb3234203823c5f0cf31d6","name":"Difusion2025","image":{"@type":"ImageObject","inLanguage":"es","@id":"https:\/\/www.tecdmx.org.mx\/#\/schema\/person\/image\/","url":"https:\/\/secure.gravatar.com\/avatar\/6f7a4ba3acb418040e90a2eb99b5df28?s=96&d=mm&r=g","contentUrl":"https:\/\/secure.gravatar.com\/avatar\/6f7a4ba3acb418040e90a2eb99b5df28?s=96&d=mm&r=g","caption":"Difusion2025"}}]}},"_links":{"self":[{"href":"https:\/\/www.tecdmx.org.mx\/index.php\/wp-json\/wp\/v2\/posts\/5080"}],"collection":[{"href":"https:\/\/www.tecdmx.org.mx\/index.php\/wp-json\/wp\/v2\/posts"}],"about":[{"href":"https:\/\/www.tecdmx.org.mx\/index.php\/wp-json\/wp\/v2\/types\/post"}],"author":[{"embeddable":true,"href":"https:\/\/www.tecdmx.org.mx\/index.php\/wp-json\/wp\/v2\/users\/13"}],"replies":[{"embeddable":true,"href":"https:\/\/www.tecdmx.org.mx\/index.php\/wp-json\/wp\/v2\/comments?post=5080"}],"version-history":[{"count":1,"href":"https:\/\/www.tecdmx.org.mx\/index.php\/wp-json\/wp\/v2\/posts\/5080\/revisions"}],"predecessor-version":[{"id":5085,"href":"https:\/\/www.tecdmx.org.mx\/index.php\/wp-json\/wp\/v2\/posts\/5080\/revisions\/5085"}],"wp:featuredmedia":[{"embeddable":true,"href":"https:\/\/www.tecdmx.org.mx\/index.php\/wp-json\/wp\/v2\/media\/5083"}],"wp:attachment":[{"href":"https:\/\/www.tecdmx.org.mx\/index.php\/wp-json\/wp\/v2\/media?parent=5080"}],"wp:term":[{"taxonomy":"category","embeddable":true,"href":"https:\/\/www.tecdmx.org.mx\/index.php\/wp-json\/wp\/v2\/categories?post=5080"},{"taxonomy":"post_tag","embeddable":true,"href":"https:\/\/www.tecdmx.org.mx\/index.php\/wp-json\/wp\/v2\/tags?post=5080"}],"curies":[{"name":"wp","href":"https:\/\/api.w.org\/{rel}","templated":true}]}}