{"id":5099,"date":"2018-11-16T16:39:36","date_gmt":"2018-11-16T16:39:36","guid":{"rendered":"http:\/\/www2.tecdmx.org.mx\/?p=5099"},"modified":"2018-11-22T16:52:34","modified_gmt":"2018-11-22T16:52:34","slug":"taller-nacional-de-profesionalizacion-de-los-servicios-de-interpretacion-en-lengua-de-senas-en-el-ambito-juridico","status":"publish","type":"post","link":"https:\/\/www.tecdmx.org.mx\/index.php\/eventos\/2018\/11\/16\/taller-nacional-de-profesionalizacion-de-los-servicios-de-interpretacion-en-lengua-de-senas-en-el-ambito-juridico\/","title":{"rendered":"Taller Nacional de Profesionalizaci\u00f3n de los Servicios de Interpretaci\u00f3n en Lengua de Se\u00f1as en el \u00c1mbito Jur\u00eddico"},"content":{"rendered":"<p>El Magistrado Presidente Gustavo Anzaldo Hern\u00e1ndez, la Magistrada Martha Leticia Mercado Ram\u00edrez y el Doctor Clicerio Coello Garc\u00e9s, Visitador Judicial del Tribunal Electoral del Poder Judicial de la Federaci\u00f3n, dieron inicio a las actividades del Tercer Taller Nacional de Profesionalizaci\u00f3n de los Servicios de Interpretaci\u00f3n en Lengua de Se\u00f1as Mexicana en el \u00c1mbito Jur\u00eddico, el evento se llev\u00f3 a cabo en las instalaciones del Tribunal Electoral de la Ciudad de M\u00e9xico.<\/p>\n<p><img loading=\"lazy\" decoding=\"async\" class=\"aligncenter wp-image-5100 size-large\" src=\"https:\/\/www.tecdmx.org.mx\/wp-content\/uploads\/2018\/11\/Taller_Nacional_de_Profesionalizacion_de_los_Servicios_de_Interpretacion_en_Lengua_de_Senas_en_el_ambito_Juridico_01-673x350.jpg\" alt=\"\" width=\"673\" height=\"350\" srcset=\"https:\/\/www.tecdmx.org.mx\/wp-content\/uploads\/2018\/11\/Taller_Nacional_de_Profesionalizacion_de_los_Servicios_de_Interpretacion_en_Lengua_de_Senas_en_el_ambito_Juridico_01-446x232.jpg 446w, https:\/\/www.tecdmx.org.mx\/wp-content\/uploads\/2018\/11\/Taller_Nacional_de_Profesionalizacion_de_los_Servicios_de_Interpretacion_en_Lengua_de_Senas_en_el_ambito_Juridico_01-768x399.jpg 768w, https:\/\/www.tecdmx.org.mx\/wp-content\/uploads\/2018\/11\/Taller_Nacional_de_Profesionalizacion_de_los_Servicios_de_Interpretacion_en_Lengua_de_Senas_en_el_ambito_Juridico_01-673x350.jpg 673w, https:\/\/www.tecdmx.org.mx\/wp-content\/uploads\/2018\/11\/Taller_Nacional_de_Profesionalizacion_de_los_Servicios_de_Interpretacion_en_Lengua_de_Senas_en_el_ambito_Juridico_01.jpg 1079w\" sizes=\"(max-width: 673px) 100vw, 673px\" \/><\/p>\n<p><img loading=\"lazy\" decoding=\"async\" class=\"aligncenter wp-image-5101 size-large\" src=\"https:\/\/www.tecdmx.org.mx\/wp-content\/uploads\/2018\/11\/Taller_Nacional_de_Profesionalizacion_de_los_Servicios_de_Interpretacion_en_Lengua_de_Senas_en_el_ambito_Juridico_02-559x350.jpg\" alt=\"\" width=\"559\" height=\"350\" srcset=\"https:\/\/www.tecdmx.org.mx\/wp-content\/uploads\/2018\/11\/Taller_Nacional_de_Profesionalizacion_de_los_Servicios_de_Interpretacion_en_Lengua_de_Senas_en_el_ambito_Juridico_02-399x250.jpg 399w, https:\/\/www.tecdmx.org.mx\/wp-content\/uploads\/2018\/11\/Taller_Nacional_de_Profesionalizacion_de_los_Servicios_de_Interpretacion_en_Lengua_de_Senas_en_el_ambito_Juridico_02-768x481.jpg 768w, https:\/\/www.tecdmx.org.mx\/wp-content\/uploads\/2018\/11\/Taller_Nacional_de_Profesionalizacion_de_los_Servicios_de_Interpretacion_en_Lengua_de_Senas_en_el_ambito_Juridico_02-559x350.jpg 559w, https:\/\/www.tecdmx.org.mx\/wp-content\/uploads\/2018\/11\/Taller_Nacional_de_Profesionalizacion_de_los_Servicios_de_Interpretacion_en_Lengua_de_Senas_en_el_ambito_Juridico_02.jpg 1041w\" sizes=\"(max-width: 559px) 100vw, 559px\" \/><\/p>\n<p>Durante su participaci\u00f3n el Magistrado Presidente Gustavo Anzaldo, destac\u00f3 el esfuerzo que se ha hecho en el TECDMX al incluir en todas las Sesiones P\u00fablicas la traducci\u00f3n de lengua de se\u00f1as, para que m\u00e1s personas puedan conocer de las actividades jurisdiccionales de \u00e9ste \u00f3rgano.<\/p>\n<p><img loading=\"lazy\" decoding=\"async\" class=\"aligncenter wp-image-5102 size-large\" src=\"https:\/\/www.tecdmx.org.mx\/wp-content\/uploads\/2018\/11\/Taller_Nacional_de_Profesionalizacion_de_los_Servicios_de_Interpretacion_en_Lengua_de_Senas_en_el_ambito_Juridico_04a-487x350.jpg\" alt=\"\" width=\"487\" height=\"350\" srcset=\"https:\/\/www.tecdmx.org.mx\/wp-content\/uploads\/2018\/11\/Taller_Nacional_de_Profesionalizacion_de_los_Servicios_de_Interpretacion_en_Lengua_de_Senas_en_el_ambito_Juridico_04a-348x250.jpg 348w, https:\/\/www.tecdmx.org.mx\/wp-content\/uploads\/2018\/11\/Taller_Nacional_de_Profesionalizacion_de_los_Servicios_de_Interpretacion_en_Lengua_de_Senas_en_el_ambito_Juridico_04a-768x551.jpg 768w, https:\/\/www.tecdmx.org.mx\/wp-content\/uploads\/2018\/11\/Taller_Nacional_de_Profesionalizacion_de_los_Servicios_de_Interpretacion_en_Lengua_de_Senas_en_el_ambito_Juridico_04a-487x350.jpg 487w, https:\/\/www.tecdmx.org.mx\/wp-content\/uploads\/2018\/11\/Taller_Nacional_de_Profesionalizacion_de_los_Servicios_de_Interpretacion_en_Lengua_de_Senas_en_el_ambito_Juridico_04a.jpg 1000w\" sizes=\"(max-width: 487px) 100vw, 487px\" \/><\/p>\n<p><img loading=\"lazy\" decoding=\"async\" class=\"aligncenter wp-image-5103 size-large\" src=\"https:\/\/www.tecdmx.org.mx\/wp-content\/uploads\/2018\/11\/Taller_Nacional_de_Profesionalizacion_de_los_Servicios_de_Interpretacion_en_Lengua_de_Senas_en_el_ambito_Juridico_05a-530x350.jpg\" alt=\"\" width=\"530\" height=\"350\" srcset=\"https:\/\/www.tecdmx.org.mx\/wp-content\/uploads\/2018\/11\/Taller_Nacional_de_Profesionalizacion_de_los_Servicios_de_Interpretacion_en_Lengua_de_Senas_en_el_ambito_Juridico_05a-379x250.jpg 379w, https:\/\/www.tecdmx.org.mx\/wp-content\/uploads\/2018\/11\/Taller_Nacional_de_Profesionalizacion_de_los_Servicios_de_Interpretacion_en_Lengua_de_Senas_en_el_ambito_Juridico_05a-768x507.jpg 768w, https:\/\/www.tecdmx.org.mx\/wp-content\/uploads\/2018\/11\/Taller_Nacional_de_Profesionalizacion_de_los_Servicios_de_Interpretacion_en_Lengua_de_Senas_en_el_ambito_Juridico_05a-530x350.jpg 530w, https:\/\/www.tecdmx.org.mx\/wp-content\/uploads\/2018\/11\/Taller_Nacional_de_Profesionalizacion_de_los_Servicios_de_Interpretacion_en_Lengua_de_Senas_en_el_ambito_Juridico_05a.jpg 1000w\" sizes=\"(max-width: 530px) 100vw, 530px\" \/><\/p>\n<p>El Dr. Clicerio Coello subray\u00f3 la importancia de que las instituciones generen v\u00edas de comunicaci\u00f3n universales para incluir a toda la ciudadan\u00eda.<\/p>\n<p><img loading=\"lazy\" decoding=\"async\" class=\"aligncenter wp-image-5104 size-large\" src=\"https:\/\/www.tecdmx.org.mx\/wp-content\/uploads\/2018\/11\/Taller_Nacional_de_Profesionalizacion_de_los_Servicios_de_Interpretacion_en_Lengua_de_Senas_en_el_ambito_Juridico_06a-526x350.jpg\" alt=\"\" width=\"526\" height=\"350\" srcset=\"https:\/\/www.tecdmx.org.mx\/wp-content\/uploads\/2018\/11\/Taller_Nacional_de_Profesionalizacion_de_los_Servicios_de_Interpretacion_en_Lengua_de_Senas_en_el_ambito_Juridico_06a-375x250.jpg 375w, https:\/\/www.tecdmx.org.mx\/wp-content\/uploads\/2018\/11\/Taller_Nacional_de_Profesionalizacion_de_los_Servicios_de_Interpretacion_en_Lengua_de_Senas_en_el_ambito_Juridico_06a-768x511.jpg 768w, https:\/\/www.tecdmx.org.mx\/wp-content\/uploads\/2018\/11\/Taller_Nacional_de_Profesionalizacion_de_los_Servicios_de_Interpretacion_en_Lengua_de_Senas_en_el_ambito_Juridico_06a-526x350.jpg 526w, https:\/\/www.tecdmx.org.mx\/wp-content\/uploads\/2018\/11\/Taller_Nacional_de_Profesionalizacion_de_los_Servicios_de_Interpretacion_en_Lengua_de_Senas_en_el_ambito_Juridico_06a.jpg 1000w\" sizes=\"(max-width: 526px) 100vw, 526px\" \/><\/p>\n<p>La maestra Laura Garc\u00eda Velasco, Directora de Promoci\u00f3n y Difusi\u00f3n de los Derechos Humanos en la Suprema Corte de Justicia de la Naci\u00f3n durante su conferencia\u00a0\u201cDerechos Humanos y la interpretaci\u00f3n\u201d<\/p>\n<p><img loading=\"lazy\" decoding=\"async\" class=\"aligncenter wp-image-5105 size-medium\" src=\"https:\/\/www.tecdmx.org.mx\/wp-content\/uploads\/2018\/11\/Taller_Nacional_de_Profesionalizacion_de_los_Servicios_de_Interpretacion_en_Lengua_de_Senas_en_el_ambito_Juridico_07a-446x190.jpg\" alt=\"\" width=\"446\" height=\"190\" srcset=\"https:\/\/www.tecdmx.org.mx\/wp-content\/uploads\/2018\/11\/Taller_Nacional_de_Profesionalizacion_de_los_Servicios_de_Interpretacion_en_Lengua_de_Senas_en_el_ambito_Juridico_07a-446x190.jpg 446w, https:\/\/www.tecdmx.org.mx\/wp-content\/uploads\/2018\/11\/Taller_Nacional_de_Profesionalizacion_de_los_Servicios_de_Interpretacion_en_Lengua_de_Senas_en_el_ambito_Juridico_07a-768x326.jpg 768w, https:\/\/www.tecdmx.org.mx\/wp-content\/uploads\/2018\/11\/Taller_Nacional_de_Profesionalizacion_de_los_Servicios_de_Interpretacion_en_Lengua_de_Senas_en_el_ambito_Juridico_07a-824x350.jpg 824w, https:\/\/www.tecdmx.org.mx\/wp-content\/uploads\/2018\/11\/Taller_Nacional_de_Profesionalizacion_de_los_Servicios_de_Interpretacion_en_Lengua_de_Senas_en_el_ambito_Juridico_07a.jpg 1000w\" sizes=\"(max-width: 446px) 100vw, 446px\" \/><\/p>\n<p><img loading=\"lazy\" decoding=\"async\" class=\"aligncenter wp-image-5106 size-large\" src=\"https:\/\/www.tecdmx.org.mx\/wp-content\/uploads\/2018\/11\/Taller_Nacional_de_Profesionalizacion_de_los_Servicios_de_Interpretacion_en_Lengua_de_Senas_en_el_ambito_Juridico_9a-623x350.jpg\" alt=\"\" width=\"623\" height=\"350\" srcset=\"https:\/\/www.tecdmx.org.mx\/wp-content\/uploads\/2018\/11\/Taller_Nacional_de_Profesionalizacion_de_los_Servicios_de_Interpretacion_en_Lengua_de_Senas_en_el_ambito_Juridico_9a-768x431.jpg 768w, https:\/\/www.tecdmx.org.mx\/wp-content\/uploads\/2018\/11\/Taller_Nacional_de_Profesionalizacion_de_los_Servicios_de_Interpretacion_en_Lengua_de_Senas_en_el_ambito_Juridico_9a-623x350.jpg 623w, https:\/\/www.tecdmx.org.mx\/wp-content\/uploads\/2018\/11\/Taller_Nacional_de_Profesionalizacion_de_los_Servicios_de_Interpretacion_en_Lengua_de_Senas_en_el_ambito_Juridico_9a.jpg 1280w\" sizes=\"(max-width: 623px) 100vw, 623px\" \/><\/p>\n<p>La Magistrada Martha Leticia Mercado Ram\u00edrez entreg\u00f3 el reconocimiento a\u00a0Georganne Weller,\u00a0Enrique Nava L\u00f3pez y Tony Rosado integrantes del panel &#8220;Diferencias, similitudes entre las y los int\u00e9rpretes de lenguas nacionales, as\u00ed como de lenguas extranjeras en los procesos judiciales&#8221;.<\/p>\n","protected":false},"excerpt":{"rendered":"<p>El Magistrado Presidente Gustavo Anzaldo Hern\u00e1ndez, la Magistrada Martha Leticia Mercado Ram\u00edrez  y el Doctor Clicerio Coello Garc\u00e9s, Visitador Judicial del Tribunal Electoral del Poder Judicial de la Federaci\u00f3n, dieron inicio a las actividades del Tercer Taller Nacional de Profesionalizaci\u00f3n de los Servicios de Interpretaci\u00f3n en Lengua de Se\u00f1as Mexicana en el \u00c1mbito Jur\u00eddico.<\/p>\n","protected":false},"author":13,"featured_media":5100,"comment_status":"open","ping_status":"open","sticky":false,"template":"","format":"standard","meta":{"_acf_changed":false,"_exactmetrics_skip_tracking":false,"_exactmetrics_sitenote_active":false,"_exactmetrics_sitenote_note":"","_exactmetrics_sitenote_category":0,"footnotes":""},"categories":[47,40],"tags":[],"acf":[],"yoast_head":"<!-- This site is optimized with the Yoast SEO plugin v22.3 - https:\/\/yoast.com\/wordpress\/plugins\/seo\/ -->\n<title>Taller Nacional de Profesionalizaci\u00f3n de los Servicios de Interpretaci\u00f3n en Lengua de Se\u00f1as en el \u00c1mbito Jur\u00eddico - Tribunal Electoral de la Ciudad de M\u00e9xico<\/title>\n<meta name=\"robots\" content=\"index, follow, max-snippet:-1, max-image-preview:large, max-video-preview:-1\" \/>\n<link rel=\"canonical\" href=\"https:\/\/www.tecdmx.org.mx\/index.php\/eventos\/2018\/11\/16\/taller-nacional-de-profesionalizacion-de-los-servicios-de-interpretacion-en-lengua-de-senas-en-el-ambito-juridico\/\" \/>\n<meta property=\"og:locale\" content=\"es_ES\" \/>\n<meta property=\"og:type\" content=\"article\" \/>\n<meta property=\"og:title\" content=\"Taller Nacional de Profesionalizaci\u00f3n de los Servicios de Interpretaci\u00f3n en Lengua de Se\u00f1as en el \u00c1mbito Jur\u00eddico - Tribunal Electoral de la Ciudad de M\u00e9xico\" \/>\n<meta property=\"og:description\" content=\"El Magistrado Presidente Gustavo Anzaldo Hern\u00e1ndez, la Magistrada Martha Leticia Mercado Ram\u00edrez y el Doctor Clicerio Coello Garc\u00e9s, Visitador Judicial del Tribunal Electoral del Poder Judicial de la Federaci\u00f3n, dieron inicio a las actividades del Tercer Taller Nacional de Profesionalizaci\u00f3n de los Servicios de Interpretaci\u00f3n en Lengua de Se\u00f1as Mexicana en el \u00c1mbito Jur\u00eddico.\" \/>\n<meta property=\"og:url\" content=\"https:\/\/www.tecdmx.org.mx\/index.php\/eventos\/2018\/11\/16\/taller-nacional-de-profesionalizacion-de-los-servicios-de-interpretacion-en-lengua-de-senas-en-el-ambito-juridico\/\" \/>\n<meta property=\"og:site_name\" content=\"Tribunal Electoral de la Ciudad de M\u00e9xico\" \/>\n<meta property=\"article:publisher\" content=\"https:\/\/www.facebook.com\/TECDMX\/\" \/>\n<meta property=\"article:published_time\" content=\"2018-11-16T16:39:36+00:00\" \/>\n<meta property=\"article:modified_time\" content=\"2018-11-22T16:52:34+00:00\" \/>\n<meta property=\"og:image\" content=\"https:\/\/www.tecdmx.org.mx\/wp-content\/uploads\/2018\/11\/Taller_Nacional_de_Profesionalizacion_de_los_Servicios_de_Interpretacion_en_Lengua_de_Senas_en_el_ambito_Juridico_01.jpg\" \/>\n\t<meta property=\"og:image:width\" content=\"1079\" \/>\n\t<meta property=\"og:image:height\" content=\"561\" \/>\n\t<meta property=\"og:image:type\" content=\"image\/jpeg\" \/>\n<meta name=\"author\" content=\"Difusion2025\" \/>\n<meta name=\"twitter:card\" content=\"summary_large_image\" \/>\n<meta name=\"twitter:creator\" content=\"@tecdmx\" \/>\n<meta name=\"twitter:site\" content=\"@tecdmx\" \/>\n<meta name=\"twitter:label1\" content=\"Escrito por\" \/>\n\t<meta name=\"twitter:data1\" content=\"Difusion2025\" \/>\n\t<meta name=\"twitter:label2\" content=\"Tiempo de lectura\" \/>\n\t<meta name=\"twitter:data2\" content=\"1 minuto\" \/>\n<script type=\"application\/ld+json\" class=\"yoast-schema-graph\">{\"@context\":\"https:\/\/schema.org\",\"@graph\":[{\"@type\":\"WebPage\",\"@id\":\"https:\/\/www.tecdmx.org.mx\/index.php\/eventos\/2018\/11\/16\/taller-nacional-de-profesionalizacion-de-los-servicios-de-interpretacion-en-lengua-de-senas-en-el-ambito-juridico\/\",\"url\":\"https:\/\/www.tecdmx.org.mx\/index.php\/eventos\/2018\/11\/16\/taller-nacional-de-profesionalizacion-de-los-servicios-de-interpretacion-en-lengua-de-senas-en-el-ambito-juridico\/\",\"name\":\"Taller Nacional de Profesionalizaci\u00f3n de los Servicios de Interpretaci\u00f3n en Lengua de Se\u00f1as en el \u00c1mbito Jur\u00eddico - Tribunal Electoral de la Ciudad de M\u00e9xico\",\"isPartOf\":{\"@id\":\"https:\/\/www.tecdmx.org.mx\/#website\"},\"primaryImageOfPage\":{\"@id\":\"https:\/\/www.tecdmx.org.mx\/index.php\/eventos\/2018\/11\/16\/taller-nacional-de-profesionalizacion-de-los-servicios-de-interpretacion-en-lengua-de-senas-en-el-ambito-juridico\/#primaryimage\"},\"image\":{\"@id\":\"https:\/\/www.tecdmx.org.mx\/index.php\/eventos\/2018\/11\/16\/taller-nacional-de-profesionalizacion-de-los-servicios-de-interpretacion-en-lengua-de-senas-en-el-ambito-juridico\/#primaryimage\"},\"thumbnailUrl\":\"https:\/\/www.tecdmx.org.mx\/wp-content\/uploads\/2018\/11\/Taller_Nacional_de_Profesionalizacion_de_los_Servicios_de_Interpretacion_en_Lengua_de_Senas_en_el_ambito_Juridico_01.jpg\",\"datePublished\":\"2018-11-16T16:39:36+00:00\",\"dateModified\":\"2018-11-22T16:52:34+00:00\",\"author\":{\"@id\":\"https:\/\/www.tecdmx.org.mx\/#\/schema\/person\/208c898199fb3234203823c5f0cf31d6\"},\"breadcrumb\":{\"@id\":\"https:\/\/www.tecdmx.org.mx\/index.php\/eventos\/2018\/11\/16\/taller-nacional-de-profesionalizacion-de-los-servicios-de-interpretacion-en-lengua-de-senas-en-el-ambito-juridico\/#breadcrumb\"},\"inLanguage\":\"es\",\"potentialAction\":[{\"@type\":\"ReadAction\",\"target\":[\"https:\/\/www.tecdmx.org.mx\/index.php\/eventos\/2018\/11\/16\/taller-nacional-de-profesionalizacion-de-los-servicios-de-interpretacion-en-lengua-de-senas-en-el-ambito-juridico\/\"]}]},{\"@type\":\"ImageObject\",\"inLanguage\":\"es\",\"@id\":\"https:\/\/www.tecdmx.org.mx\/index.php\/eventos\/2018\/11\/16\/taller-nacional-de-profesionalizacion-de-los-servicios-de-interpretacion-en-lengua-de-senas-en-el-ambito-juridico\/#primaryimage\",\"url\":\"https:\/\/www.tecdmx.org.mx\/wp-content\/uploads\/2018\/11\/Taller_Nacional_de_Profesionalizacion_de_los_Servicios_de_Interpretacion_en_Lengua_de_Senas_en_el_ambito_Juridico_01.jpg\",\"contentUrl\":\"https:\/\/www.tecdmx.org.mx\/wp-content\/uploads\/2018\/11\/Taller_Nacional_de_Profesionalizacion_de_los_Servicios_de_Interpretacion_en_Lengua_de_Senas_en_el_ambito_Juridico_01.jpg\",\"width\":1079,\"height\":561},{\"@type\":\"BreadcrumbList\",\"@id\":\"https:\/\/www.tecdmx.org.mx\/index.php\/eventos\/2018\/11\/16\/taller-nacional-de-profesionalizacion-de-los-servicios-de-interpretacion-en-lengua-de-senas-en-el-ambito-juridico\/#breadcrumb\",\"itemListElement\":[{\"@type\":\"ListItem\",\"position\":1,\"name\":\"Portada\",\"item\":\"https:\/\/www.tecdmx.org.mx\/\"},{\"@type\":\"ListItem\",\"position\":2,\"name\":\"Taller Nacional de Profesionalizaci\u00f3n de los Servicios de Interpretaci\u00f3n en Lengua de Se\u00f1as en el \u00c1mbito Jur\u00eddico\"}]},{\"@type\":\"WebSite\",\"@id\":\"https:\/\/www.tecdmx.org.mx\/#website\",\"url\":\"https:\/\/www.tecdmx.org.mx\/\",\"name\":\"Tribunal Electoral de la Ciudad de M\u00e9xico\",\"description\":\"25 a\u00f1os garantizando justicia en tu elecci\u00f3n\",\"potentialAction\":[{\"@type\":\"SearchAction\",\"target\":{\"@type\":\"EntryPoint\",\"urlTemplate\":\"https:\/\/www.tecdmx.org.mx\/?s={search_term_string}\"},\"query-input\":\"required name=search_term_string\"}],\"inLanguage\":\"es\"},{\"@type\":\"Person\",\"@id\":\"https:\/\/www.tecdmx.org.mx\/#\/schema\/person\/208c898199fb3234203823c5f0cf31d6\",\"name\":\"Difusion2025\",\"image\":{\"@type\":\"ImageObject\",\"inLanguage\":\"es\",\"@id\":\"https:\/\/www.tecdmx.org.mx\/#\/schema\/person\/image\/\",\"url\":\"https:\/\/secure.gravatar.com\/avatar\/6f7a4ba3acb418040e90a2eb99b5df28?s=96&d=mm&r=g\",\"contentUrl\":\"https:\/\/secure.gravatar.com\/avatar\/6f7a4ba3acb418040e90a2eb99b5df28?s=96&d=mm&r=g\",\"caption\":\"Difusion2025\"}}]}<\/script>\n<!-- \/ Yoast SEO plugin. -->","yoast_head_json":{"title":"Taller Nacional de Profesionalizaci\u00f3n de los Servicios de Interpretaci\u00f3n en Lengua de Se\u00f1as en el \u00c1mbito Jur\u00eddico - Tribunal Electoral de la Ciudad de M\u00e9xico","robots":{"index":"index","follow":"follow","max-snippet":"max-snippet:-1","max-image-preview":"max-image-preview:large","max-video-preview":"max-video-preview:-1"},"canonical":"https:\/\/www.tecdmx.org.mx\/index.php\/eventos\/2018\/11\/16\/taller-nacional-de-profesionalizacion-de-los-servicios-de-interpretacion-en-lengua-de-senas-en-el-ambito-juridico\/","og_locale":"es_ES","og_type":"article","og_title":"Taller Nacional de Profesionalizaci\u00f3n de los Servicios de Interpretaci\u00f3n en Lengua de Se\u00f1as en el \u00c1mbito Jur\u00eddico - Tribunal Electoral de la Ciudad de M\u00e9xico","og_description":"El Magistrado Presidente Gustavo Anzaldo Hern\u00e1ndez, la Magistrada Martha Leticia Mercado Ram\u00edrez y el Doctor Clicerio Coello Garc\u00e9s, Visitador Judicial del Tribunal Electoral del Poder Judicial de la Federaci\u00f3n, dieron inicio a las actividades del Tercer Taller Nacional de Profesionalizaci\u00f3n de los Servicios de Interpretaci\u00f3n en Lengua de Se\u00f1as Mexicana en el \u00c1mbito Jur\u00eddico.","og_url":"https:\/\/www.tecdmx.org.mx\/index.php\/eventos\/2018\/11\/16\/taller-nacional-de-profesionalizacion-de-los-servicios-de-interpretacion-en-lengua-de-senas-en-el-ambito-juridico\/","og_site_name":"Tribunal Electoral de la Ciudad de M\u00e9xico","article_publisher":"https:\/\/www.facebook.com\/TECDMX\/","article_published_time":"2018-11-16T16:39:36+00:00","article_modified_time":"2018-11-22T16:52:34+00:00","og_image":[{"width":1079,"height":561,"url":"https:\/\/www.tecdmx.org.mx\/wp-content\/uploads\/2018\/11\/Taller_Nacional_de_Profesionalizacion_de_los_Servicios_de_Interpretacion_en_Lengua_de_Senas_en_el_ambito_Juridico_01.jpg","type":"image\/jpeg"}],"author":"Difusion2025","twitter_card":"summary_large_image","twitter_creator":"@tecdmx","twitter_site":"@tecdmx","twitter_misc":{"Escrito por":"Difusion2025","Tiempo de lectura":"1 minuto"},"schema":{"@context":"https:\/\/schema.org","@graph":[{"@type":"WebPage","@id":"https:\/\/www.tecdmx.org.mx\/index.php\/eventos\/2018\/11\/16\/taller-nacional-de-profesionalizacion-de-los-servicios-de-interpretacion-en-lengua-de-senas-en-el-ambito-juridico\/","url":"https:\/\/www.tecdmx.org.mx\/index.php\/eventos\/2018\/11\/16\/taller-nacional-de-profesionalizacion-de-los-servicios-de-interpretacion-en-lengua-de-senas-en-el-ambito-juridico\/","name":"Taller Nacional de Profesionalizaci\u00f3n de los Servicios de Interpretaci\u00f3n en Lengua de Se\u00f1as en el \u00c1mbito Jur\u00eddico - Tribunal Electoral de la Ciudad de M\u00e9xico","isPartOf":{"@id":"https:\/\/www.tecdmx.org.mx\/#website"},"primaryImageOfPage":{"@id":"https:\/\/www.tecdmx.org.mx\/index.php\/eventos\/2018\/11\/16\/taller-nacional-de-profesionalizacion-de-los-servicios-de-interpretacion-en-lengua-de-senas-en-el-ambito-juridico\/#primaryimage"},"image":{"@id":"https:\/\/www.tecdmx.org.mx\/index.php\/eventos\/2018\/11\/16\/taller-nacional-de-profesionalizacion-de-los-servicios-de-interpretacion-en-lengua-de-senas-en-el-ambito-juridico\/#primaryimage"},"thumbnailUrl":"https:\/\/www.tecdmx.org.mx\/wp-content\/uploads\/2018\/11\/Taller_Nacional_de_Profesionalizacion_de_los_Servicios_de_Interpretacion_en_Lengua_de_Senas_en_el_ambito_Juridico_01.jpg","datePublished":"2018-11-16T16:39:36+00:00","dateModified":"2018-11-22T16:52:34+00:00","author":{"@id":"https:\/\/www.tecdmx.org.mx\/#\/schema\/person\/208c898199fb3234203823c5f0cf31d6"},"breadcrumb":{"@id":"https:\/\/www.tecdmx.org.mx\/index.php\/eventos\/2018\/11\/16\/taller-nacional-de-profesionalizacion-de-los-servicios-de-interpretacion-en-lengua-de-senas-en-el-ambito-juridico\/#breadcrumb"},"inLanguage":"es","potentialAction":[{"@type":"ReadAction","target":["https:\/\/www.tecdmx.org.mx\/index.php\/eventos\/2018\/11\/16\/taller-nacional-de-profesionalizacion-de-los-servicios-de-interpretacion-en-lengua-de-senas-en-el-ambito-juridico\/"]}]},{"@type":"ImageObject","inLanguage":"es","@id":"https:\/\/www.tecdmx.org.mx\/index.php\/eventos\/2018\/11\/16\/taller-nacional-de-profesionalizacion-de-los-servicios-de-interpretacion-en-lengua-de-senas-en-el-ambito-juridico\/#primaryimage","url":"https:\/\/www.tecdmx.org.mx\/wp-content\/uploads\/2018\/11\/Taller_Nacional_de_Profesionalizacion_de_los_Servicios_de_Interpretacion_en_Lengua_de_Senas_en_el_ambito_Juridico_01.jpg","contentUrl":"https:\/\/www.tecdmx.org.mx\/wp-content\/uploads\/2018\/11\/Taller_Nacional_de_Profesionalizacion_de_los_Servicios_de_Interpretacion_en_Lengua_de_Senas_en_el_ambito_Juridico_01.jpg","width":1079,"height":561},{"@type":"BreadcrumbList","@id":"https:\/\/www.tecdmx.org.mx\/index.php\/eventos\/2018\/11\/16\/taller-nacional-de-profesionalizacion-de-los-servicios-de-interpretacion-en-lengua-de-senas-en-el-ambito-juridico\/#breadcrumb","itemListElement":[{"@type":"ListItem","position":1,"name":"Portada","item":"https:\/\/www.tecdmx.org.mx\/"},{"@type":"ListItem","position":2,"name":"Taller Nacional de Profesionalizaci\u00f3n de los Servicios de Interpretaci\u00f3n en Lengua de Se\u00f1as en el \u00c1mbito Jur\u00eddico"}]},{"@type":"WebSite","@id":"https:\/\/www.tecdmx.org.mx\/#website","url":"https:\/\/www.tecdmx.org.mx\/","name":"Tribunal Electoral de la Ciudad de M\u00e9xico","description":"25 a\u00f1os garantizando justicia en tu elecci\u00f3n","potentialAction":[{"@type":"SearchAction","target":{"@type":"EntryPoint","urlTemplate":"https:\/\/www.tecdmx.org.mx\/?s={search_term_string}"},"query-input":"required name=search_term_string"}],"inLanguage":"es"},{"@type":"Person","@id":"https:\/\/www.tecdmx.org.mx\/#\/schema\/person\/208c898199fb3234203823c5f0cf31d6","name":"Difusion2025","image":{"@type":"ImageObject","inLanguage":"es","@id":"https:\/\/www.tecdmx.org.mx\/#\/schema\/person\/image\/","url":"https:\/\/secure.gravatar.com\/avatar\/6f7a4ba3acb418040e90a2eb99b5df28?s=96&d=mm&r=g","contentUrl":"https:\/\/secure.gravatar.com\/avatar\/6f7a4ba3acb418040e90a2eb99b5df28?s=96&d=mm&r=g","caption":"Difusion2025"}}]}},"_links":{"self":[{"href":"https:\/\/www.tecdmx.org.mx\/index.php\/wp-json\/wp\/v2\/posts\/5099"}],"collection":[{"href":"https:\/\/www.tecdmx.org.mx\/index.php\/wp-json\/wp\/v2\/posts"}],"about":[{"href":"https:\/\/www.tecdmx.org.mx\/index.php\/wp-json\/wp\/v2\/types\/post"}],"author":[{"embeddable":true,"href":"https:\/\/www.tecdmx.org.mx\/index.php\/wp-json\/wp\/v2\/users\/13"}],"replies":[{"embeddable":true,"href":"https:\/\/www.tecdmx.org.mx\/index.php\/wp-json\/wp\/v2\/comments?post=5099"}],"version-history":[{"count":2,"href":"https:\/\/www.tecdmx.org.mx\/index.php\/wp-json\/wp\/v2\/posts\/5099\/revisions"}],"predecessor-version":[{"id":5108,"href":"https:\/\/www.tecdmx.org.mx\/index.php\/wp-json\/wp\/v2\/posts\/5099\/revisions\/5108"}],"wp:featuredmedia":[{"embeddable":true,"href":"https:\/\/www.tecdmx.org.mx\/index.php\/wp-json\/wp\/v2\/media\/5100"}],"wp:attachment":[{"href":"https:\/\/www.tecdmx.org.mx\/index.php\/wp-json\/wp\/v2\/media?parent=5099"}],"wp:term":[{"taxonomy":"category","embeddable":true,"href":"https:\/\/www.tecdmx.org.mx\/index.php\/wp-json\/wp\/v2\/categories?post=5099"},{"taxonomy":"post_tag","embeddable":true,"href":"https:\/\/www.tecdmx.org.mx\/index.php\/wp-json\/wp\/v2\/tags?post=5099"}],"curies":[{"name":"wp","href":"https:\/\/api.w.org\/{rel}","templated":true}]}}