{"id":5109,"date":"2018-11-14T17:01:28","date_gmt":"2018-11-14T17:01:28","guid":{"rendered":"http:\/\/www2.tecdmx.org.mx\/?p=5109"},"modified":"2018-11-22T17:01:43","modified_gmt":"2018-11-22T17:01:43","slug":"instalacion-del-consejo-editorial-del-tecdmx","status":"publish","type":"post","link":"https:\/\/www.tecdmx.org.mx\/index.php\/eventos\/2018\/11\/14\/instalacion-del-consejo-editorial-del-tecdmx\/","title":{"rendered":"Instalaci\u00f3n del Consejo Editorial del TECDMX"},"content":{"rendered":"<p>El Magistrado Presidente Gustavo Anzaldo Hern\u00e1ndez, la Magistrada Martha Leticia Mercado Ram\u00edrez y los Magistrados Armando Hern\u00e1ndez Cruz y Juan Carlos S\u00e1nchez Le\u00f3n, as\u00ed como el Maestro Joaqu\u00edn D\u00edez-Canedo, Director General de Fomento Editorial de la Universidad Nacional Aut\u00f3noma de M\u00e9xico (UNAM) presentaron el Consejo Editorial del TECDMX,\u00a0\u00f3rgano consultivo cuya principal funci\u00f3n ser\u00e1 procurar que las publicaciones del \u00d3rgano Jurisdiccional tengan la m\u00e1s alta calidad en sus contenidos y forma.<\/p>\n<p><img loading=\"lazy\" decoding=\"async\" class=\"aligncenter wp-image-5112 size-large\" src=\"https:\/\/www.tecdmx.org.mx\/wp-content\/uploads\/2018\/11\/Instalacion_del_Consejo_Editorial_del_TECDMX_3-622x350.jpg\" alt=\"\" width=\"622\" height=\"350\" srcset=\"https:\/\/www.tecdmx.org.mx\/wp-content\/uploads\/2018\/11\/Instalacion_del_Consejo_Editorial_del_TECDMX_3-444x250.jpg 444w, https:\/\/www.tecdmx.org.mx\/wp-content\/uploads\/2018\/11\/Instalacion_del_Consejo_Editorial_del_TECDMX_3-768x432.jpg 768w, https:\/\/www.tecdmx.org.mx\/wp-content\/uploads\/2018\/11\/Instalacion_del_Consejo_Editorial_del_TECDMX_3-622x350.jpg 622w, https:\/\/www.tecdmx.org.mx\/wp-content\/uploads\/2018\/11\/Instalacion_del_Consejo_Editorial_del_TECDMX_3.jpg 1280w\" sizes=\"(max-width: 622px) 100vw, 622px\" \/><\/p>\n<p>La producci\u00f3n editorial del TECDMX se fortalecer\u00e1 con las propuestas que haga el Consejo.<\/p>\n<p><img loading=\"lazy\" decoding=\"async\" class=\"aligncenter wp-image-5115 size-large\" src=\"https:\/\/www.tecdmx.org.mx\/wp-content\/uploads\/2018\/11\/Instalacion_del_Consejo_Editorial_del_TECDMX_7-506x350.jpg\" alt=\"\" width=\"506\" height=\"350\" srcset=\"https:\/\/www.tecdmx.org.mx\/wp-content\/uploads\/2018\/11\/Instalacion_del_Consejo_Editorial_del_TECDMX_7-362x250.jpg 362w, https:\/\/www.tecdmx.org.mx\/wp-content\/uploads\/2018\/11\/Instalacion_del_Consejo_Editorial_del_TECDMX_7-768x531.jpg 768w, https:\/\/www.tecdmx.org.mx\/wp-content\/uploads\/2018\/11\/Instalacion_del_Consejo_Editorial_del_TECDMX_7-506x350.jpg 506w, https:\/\/www.tecdmx.org.mx\/wp-content\/uploads\/2018\/11\/Instalacion_del_Consejo_Editorial_del_TECDMX_7.jpg 1280w\" sizes=\"(max-width: 506px) 100vw, 506px\" \/><\/p>\n<p>El Maestro Joaqu\u00edn D\u00edez-Canedo Flores acept\u00f3 la invitaci\u00f3n para ser nombrado Consejero Honorario del Consejo Editorial del TECDMX.<\/p>\n<p><img loading=\"lazy\" decoding=\"async\" class=\"aligncenter wp-image-5111 size-large\" src=\"https:\/\/www.tecdmx.org.mx\/wp-content\/uploads\/2018\/11\/Instalacion_del_Consejo_Editorial_del_TECDMX_2-525x350.jpg\" alt=\"\" width=\"525\" height=\"350\" srcset=\"https:\/\/www.tecdmx.org.mx\/wp-content\/uploads\/2018\/11\/Instalacion_del_Consejo_Editorial_del_TECDMX_2-375x250.jpg 375w, https:\/\/www.tecdmx.org.mx\/wp-content\/uploads\/2018\/11\/Instalacion_del_Consejo_Editorial_del_TECDMX_2-768x512.jpg 768w, https:\/\/www.tecdmx.org.mx\/wp-content\/uploads\/2018\/11\/Instalacion_del_Consejo_Editorial_del_TECDMX_2-525x350.jpg 525w, https:\/\/www.tecdmx.org.mx\/wp-content\/uploads\/2018\/11\/Instalacion_del_Consejo_Editorial_del_TECDMX_2.jpg 1280w\" sizes=\"(max-width: 525px) 100vw, 525px\" \/><\/p>\n<p>El Magistrado Presidente del TECDMX y del Consejo Editorial, Gustavo Anzaldo, record\u00f3 que la Pol\u00edtica Editorial del Tribunal se\u00f1ala el deber de publicar trabajos que contribuyan al desarrollo de la cultura democr\u00e1tica en la Ciudad de M\u00e9xico.<\/p>\n<p><img loading=\"lazy\" decoding=\"async\" class=\"aligncenter wp-image-5116 size-large\" src=\"https:\/\/www.tecdmx.org.mx\/wp-content\/uploads\/2018\/11\/Instalacion_del_Consejo_Editorial_del_TECDMX_8-525x350.jpg\" alt=\"\" width=\"525\" height=\"350\" srcset=\"https:\/\/www.tecdmx.org.mx\/wp-content\/uploads\/2018\/11\/Instalacion_del_Consejo_Editorial_del_TECDMX_8-375x250.jpg 375w, https:\/\/www.tecdmx.org.mx\/wp-content\/uploads\/2018\/11\/Instalacion_del_Consejo_Editorial_del_TECDMX_8-768x512.jpg 768w, https:\/\/www.tecdmx.org.mx\/wp-content\/uploads\/2018\/11\/Instalacion_del_Consejo_Editorial_del_TECDMX_8-525x350.jpg 525w, https:\/\/www.tecdmx.org.mx\/wp-content\/uploads\/2018\/11\/Instalacion_del_Consejo_Editorial_del_TECDMX_8.jpg 1280w\" sizes=\"(max-width: 525px) 100vw, 525px\" \/><\/p>\n<p>El Magistrado Armando Hern\u00e1ndez Cruz es integrante del Consejo Editorial del TECDMX.<\/p>\n<p><img loading=\"lazy\" decoding=\"async\" class=\"aligncenter wp-image-5113 size-large\" src=\"https:\/\/www.tecdmx.org.mx\/wp-content\/uploads\/2018\/11\/Instalacion_del_Consejo_Editorial_del_TECDMX_5-525x350.jpg\" alt=\"\" width=\"525\" height=\"350\" srcset=\"https:\/\/www.tecdmx.org.mx\/wp-content\/uploads\/2018\/11\/Instalacion_del_Consejo_Editorial_del_TECDMX_5-375x250.jpg 375w, https:\/\/www.tecdmx.org.mx\/wp-content\/uploads\/2018\/11\/Instalacion_del_Consejo_Editorial_del_TECDMX_5-768x512.jpg 768w, https:\/\/www.tecdmx.org.mx\/wp-content\/uploads\/2018\/11\/Instalacion_del_Consejo_Editorial_del_TECDMX_5-525x350.jpg 525w, https:\/\/www.tecdmx.org.mx\/wp-content\/uploads\/2018\/11\/Instalacion_del_Consejo_Editorial_del_TECDMX_5.jpg 1280w\" sizes=\"(max-width: 525px) 100vw, 525px\" \/><\/p>\n<p>La Magistrada Martha Leticia Mercado tambi\u00e9n forma parte del Consejo Editorial.<\/p>\n<p><img loading=\"lazy\" decoding=\"async\" class=\"aligncenter wp-image-5114 size-large\" src=\"https:\/\/www.tecdmx.org.mx\/wp-content\/uploads\/2018\/11\/Instalacion_del_Consejo_Editorial_del_TECDMX_6-525x350.jpg\" alt=\"\" width=\"525\" height=\"350\" srcset=\"https:\/\/www.tecdmx.org.mx\/wp-content\/uploads\/2018\/11\/Instalacion_del_Consejo_Editorial_del_TECDMX_6-375x250.jpg 375w, https:\/\/www.tecdmx.org.mx\/wp-content\/uploads\/2018\/11\/Instalacion_del_Consejo_Editorial_del_TECDMX_6-768x512.jpg 768w, https:\/\/www.tecdmx.org.mx\/wp-content\/uploads\/2018\/11\/Instalacion_del_Consejo_Editorial_del_TECDMX_6-525x350.jpg 525w, https:\/\/www.tecdmx.org.mx\/wp-content\/uploads\/2018\/11\/Instalacion_del_Consejo_Editorial_del_TECDMX_6.jpg 1280w\" sizes=\"(max-width: 525px) 100vw, 525px\" \/><\/p>\n<p>El Magistrado Juan Carlos S\u00e1nchez Le\u00f3n estuvo presente en la Instalaci\u00f3n del Consejo Editorial.<\/p>\n<p><img loading=\"lazy\" decoding=\"async\" class=\"aligncenter wp-image-5110 size-large\" src=\"https:\/\/www.tecdmx.org.mx\/wp-content\/uploads\/2018\/11\/Instalacion_del_Consejo_Editorial_del_TECDMX_1-588x350.jpg\" alt=\"\" width=\"588\" height=\"350\" srcset=\"https:\/\/www.tecdmx.org.mx\/wp-content\/uploads\/2018\/11\/Instalacion_del_Consejo_Editorial_del_TECDMX_1-420x250.jpg 420w, https:\/\/www.tecdmx.org.mx\/wp-content\/uploads\/2018\/11\/Instalacion_del_Consejo_Editorial_del_TECDMX_1-768x457.jpg 768w, https:\/\/www.tecdmx.org.mx\/wp-content\/uploads\/2018\/11\/Instalacion_del_Consejo_Editorial_del_TECDMX_1-588x350.jpg 588w, https:\/\/www.tecdmx.org.mx\/wp-content\/uploads\/2018\/11\/Instalacion_del_Consejo_Editorial_del_TECDMX_1.jpg 1280w\" sizes=\"(max-width: 588px) 100vw, 588px\" \/><\/p>\n<p>En la Instalaci\u00f3n y Primera Sesi\u00f3n del Consejo Editorial estuvieron presentes sus integrantes, Magistrado Presidente Gustavo Anzaldo, Magistrado Armando Hern\u00e1ndez, Magistrada Martha Mercado, Consejero Honorario Joaqu\u00edn D\u00edez-Canedo, las Coordinadoras de Difusi\u00f3n y Publicaci\u00f3n, Ver\u00f3nica Alejo, as\u00ed como de Derechos Humanos y G\u00e9nero, Iris Gonz\u00e1lez; la Directora del Instituto de Formaci\u00f3n y Capacitaci\u00f3n, Anabell Arellano, y como invitado el Magistrado Juan Carlos S\u00e1nchez.<\/p>\n<p>&nbsp;<\/p>\n","protected":false},"excerpt":{"rendered":"<p>El Magistrado Presidente Gustavo Anzaldo Hern\u00e1ndez, la Magistrada Martha Leticia Mercado Ram\u00edrez y los Magistrados Armando Hern\u00e1ndez Cruz y Juan Carlos S\u00e1nchez Le\u00f3n, as\u00ed como el Maestro Joaqu\u00edn D\u00edez-Canedo, Director General de Fomento Editorial de la Universidad Nacional Aut\u00f3noma de M\u00e9xico (UNAM) presentaron el Consejo Editorial del TECDMX, \u00f3rgano consultivo cuya principal funci\u00f3n ser\u00e1 procurar que las publicaciones del \u00d3rgano Jurisdiccional tengan la m\u00e1s alta calidad en sus contenidos y forma. <\/p>\n","protected":false},"author":13,"featured_media":5112,"comment_status":"open","ping_status":"open","sticky":false,"template":"","format":"standard","meta":{"_acf_changed":false,"_exactmetrics_skip_tracking":false,"_exactmetrics_sitenote_active":false,"_exactmetrics_sitenote_note":"","_exactmetrics_sitenote_category":0,"footnotes":""},"categories":[47,40],"tags":[],"acf":[],"yoast_head":"<!-- This site is optimized with the Yoast SEO plugin v22.3 - https:\/\/yoast.com\/wordpress\/plugins\/seo\/ -->\n<title>Instalaci\u00f3n del Consejo Editorial del TECDMX - Tribunal Electoral de la Ciudad de M\u00e9xico<\/title>\n<meta name=\"robots\" content=\"index, follow, max-snippet:-1, max-image-preview:large, max-video-preview:-1\" \/>\n<link rel=\"canonical\" href=\"https:\/\/www.tecdmx.org.mx\/index.php\/eventos\/2018\/11\/14\/instalacion-del-consejo-editorial-del-tecdmx\/\" \/>\n<meta property=\"og:locale\" content=\"es_ES\" \/>\n<meta property=\"og:type\" content=\"article\" \/>\n<meta property=\"og:title\" content=\"Instalaci\u00f3n del Consejo Editorial del TECDMX - Tribunal Electoral de la Ciudad de M\u00e9xico\" \/>\n<meta property=\"og:description\" content=\"El Magistrado Presidente Gustavo Anzaldo Hern\u00e1ndez, la Magistrada Martha Leticia Mercado Ram\u00edrez y los Magistrados Armando Hern\u00e1ndez Cruz y Juan Carlos S\u00e1nchez Le\u00f3n, as\u00ed como el Maestro Joaqu\u00edn D\u00edez-Canedo, Director General de Fomento Editorial de la Universidad Nacional Aut\u00f3noma de M\u00e9xico (UNAM) presentaron el Consejo Editorial del TECDMX, \u00f3rgano consultivo cuya principal funci\u00f3n ser\u00e1 procurar que las publicaciones del \u00d3rgano Jurisdiccional tengan la m\u00e1s alta calidad en sus contenidos y forma.\" \/>\n<meta property=\"og:url\" content=\"https:\/\/www.tecdmx.org.mx\/index.php\/eventos\/2018\/11\/14\/instalacion-del-consejo-editorial-del-tecdmx\/\" \/>\n<meta property=\"og:site_name\" content=\"Tribunal Electoral de la Ciudad de M\u00e9xico\" \/>\n<meta property=\"article:publisher\" content=\"https:\/\/www.facebook.com\/TECDMX\/\" \/>\n<meta property=\"article:published_time\" content=\"2018-11-14T17:01:28+00:00\" \/>\n<meta property=\"article:modified_time\" content=\"2018-11-22T17:01:43+00:00\" \/>\n<meta property=\"og:image\" content=\"https:\/\/www.tecdmx.org.mx\/wp-content\/uploads\/2018\/11\/Instalacion_del_Consejo_Editorial_del_TECDMX_3.jpg\" \/>\n\t<meta property=\"og:image:width\" content=\"1280\" \/>\n\t<meta property=\"og:image:height\" content=\"720\" \/>\n\t<meta property=\"og:image:type\" content=\"image\/jpeg\" \/>\n<meta name=\"author\" content=\"Difusion2025\" \/>\n<meta name=\"twitter:card\" content=\"summary_large_image\" \/>\n<meta name=\"twitter:creator\" content=\"@tecdmx\" \/>\n<meta name=\"twitter:site\" content=\"@tecdmx\" \/>\n<meta name=\"twitter:label1\" content=\"Escrito por\" \/>\n\t<meta name=\"twitter:data1\" content=\"Difusion2025\" \/>\n\t<meta name=\"twitter:label2\" content=\"Tiempo de lectura\" \/>\n\t<meta name=\"twitter:data2\" content=\"1 minuto\" \/>\n<script type=\"application\/ld+json\" class=\"yoast-schema-graph\">{\"@context\":\"https:\/\/schema.org\",\"@graph\":[{\"@type\":\"WebPage\",\"@id\":\"https:\/\/www.tecdmx.org.mx\/index.php\/eventos\/2018\/11\/14\/instalacion-del-consejo-editorial-del-tecdmx\/\",\"url\":\"https:\/\/www.tecdmx.org.mx\/index.php\/eventos\/2018\/11\/14\/instalacion-del-consejo-editorial-del-tecdmx\/\",\"name\":\"Instalaci\u00f3n del Consejo Editorial del TECDMX - Tribunal Electoral de la Ciudad de M\u00e9xico\",\"isPartOf\":{\"@id\":\"https:\/\/www.tecdmx.org.mx\/#website\"},\"primaryImageOfPage\":{\"@id\":\"https:\/\/www.tecdmx.org.mx\/index.php\/eventos\/2018\/11\/14\/instalacion-del-consejo-editorial-del-tecdmx\/#primaryimage\"},\"image\":{\"@id\":\"https:\/\/www.tecdmx.org.mx\/index.php\/eventos\/2018\/11\/14\/instalacion-del-consejo-editorial-del-tecdmx\/#primaryimage\"},\"thumbnailUrl\":\"https:\/\/www.tecdmx.org.mx\/wp-content\/uploads\/2018\/11\/Instalacion_del_Consejo_Editorial_del_TECDMX_3.jpg\",\"datePublished\":\"2018-11-14T17:01:28+00:00\",\"dateModified\":\"2018-11-22T17:01:43+00:00\",\"author\":{\"@id\":\"https:\/\/www.tecdmx.org.mx\/#\/schema\/person\/208c898199fb3234203823c5f0cf31d6\"},\"breadcrumb\":{\"@id\":\"https:\/\/www.tecdmx.org.mx\/index.php\/eventos\/2018\/11\/14\/instalacion-del-consejo-editorial-del-tecdmx\/#breadcrumb\"},\"inLanguage\":\"es\",\"potentialAction\":[{\"@type\":\"ReadAction\",\"target\":[\"https:\/\/www.tecdmx.org.mx\/index.php\/eventos\/2018\/11\/14\/instalacion-del-consejo-editorial-del-tecdmx\/\"]}]},{\"@type\":\"ImageObject\",\"inLanguage\":\"es\",\"@id\":\"https:\/\/www.tecdmx.org.mx\/index.php\/eventos\/2018\/11\/14\/instalacion-del-consejo-editorial-del-tecdmx\/#primaryimage\",\"url\":\"https:\/\/www.tecdmx.org.mx\/wp-content\/uploads\/2018\/11\/Instalacion_del_Consejo_Editorial_del_TECDMX_3.jpg\",\"contentUrl\":\"https:\/\/www.tecdmx.org.mx\/wp-content\/uploads\/2018\/11\/Instalacion_del_Consejo_Editorial_del_TECDMX_3.jpg\",\"width\":1280,\"height\":720},{\"@type\":\"BreadcrumbList\",\"@id\":\"https:\/\/www.tecdmx.org.mx\/index.php\/eventos\/2018\/11\/14\/instalacion-del-consejo-editorial-del-tecdmx\/#breadcrumb\",\"itemListElement\":[{\"@type\":\"ListItem\",\"position\":1,\"name\":\"Portada\",\"item\":\"https:\/\/www.tecdmx.org.mx\/\"},{\"@type\":\"ListItem\",\"position\":2,\"name\":\"Instalaci\u00f3n del Consejo Editorial del TECDMX\"}]},{\"@type\":\"WebSite\",\"@id\":\"https:\/\/www.tecdmx.org.mx\/#website\",\"url\":\"https:\/\/www.tecdmx.org.mx\/\",\"name\":\"Tribunal Electoral de la Ciudad de M\u00e9xico\",\"description\":\"25 a\u00f1os garantizando justicia en tu elecci\u00f3n\",\"potentialAction\":[{\"@type\":\"SearchAction\",\"target\":{\"@type\":\"EntryPoint\",\"urlTemplate\":\"https:\/\/www.tecdmx.org.mx\/?s={search_term_string}\"},\"query-input\":\"required name=search_term_string\"}],\"inLanguage\":\"es\"},{\"@type\":\"Person\",\"@id\":\"https:\/\/www.tecdmx.org.mx\/#\/schema\/person\/208c898199fb3234203823c5f0cf31d6\",\"name\":\"Difusion2025\",\"image\":{\"@type\":\"ImageObject\",\"inLanguage\":\"es\",\"@id\":\"https:\/\/www.tecdmx.org.mx\/#\/schema\/person\/image\/\",\"url\":\"https:\/\/secure.gravatar.com\/avatar\/6f7a4ba3acb418040e90a2eb99b5df28?s=96&d=mm&r=g\",\"contentUrl\":\"https:\/\/secure.gravatar.com\/avatar\/6f7a4ba3acb418040e90a2eb99b5df28?s=96&d=mm&r=g\",\"caption\":\"Difusion2025\"}}]}<\/script>\n<!-- \/ Yoast SEO plugin. -->","yoast_head_json":{"title":"Instalaci\u00f3n del Consejo Editorial del TECDMX - Tribunal Electoral de la Ciudad de M\u00e9xico","robots":{"index":"index","follow":"follow","max-snippet":"max-snippet:-1","max-image-preview":"max-image-preview:large","max-video-preview":"max-video-preview:-1"},"canonical":"https:\/\/www.tecdmx.org.mx\/index.php\/eventos\/2018\/11\/14\/instalacion-del-consejo-editorial-del-tecdmx\/","og_locale":"es_ES","og_type":"article","og_title":"Instalaci\u00f3n del Consejo Editorial del TECDMX - Tribunal Electoral de la Ciudad de M\u00e9xico","og_description":"El Magistrado Presidente Gustavo Anzaldo Hern\u00e1ndez, la Magistrada Martha Leticia Mercado Ram\u00edrez y los Magistrados Armando Hern\u00e1ndez Cruz y Juan Carlos S\u00e1nchez Le\u00f3n, as\u00ed como el Maestro Joaqu\u00edn D\u00edez-Canedo, Director General de Fomento Editorial de la Universidad Nacional Aut\u00f3noma de M\u00e9xico (UNAM) presentaron el Consejo Editorial del TECDMX, \u00f3rgano consultivo cuya principal funci\u00f3n ser\u00e1 procurar que las publicaciones del \u00d3rgano Jurisdiccional tengan la m\u00e1s alta calidad en sus contenidos y forma.","og_url":"https:\/\/www.tecdmx.org.mx\/index.php\/eventos\/2018\/11\/14\/instalacion-del-consejo-editorial-del-tecdmx\/","og_site_name":"Tribunal Electoral de la Ciudad de M\u00e9xico","article_publisher":"https:\/\/www.facebook.com\/TECDMX\/","article_published_time":"2018-11-14T17:01:28+00:00","article_modified_time":"2018-11-22T17:01:43+00:00","og_image":[{"width":1280,"height":720,"url":"https:\/\/www.tecdmx.org.mx\/wp-content\/uploads\/2018\/11\/Instalacion_del_Consejo_Editorial_del_TECDMX_3.jpg","type":"image\/jpeg"}],"author":"Difusion2025","twitter_card":"summary_large_image","twitter_creator":"@tecdmx","twitter_site":"@tecdmx","twitter_misc":{"Escrito por":"Difusion2025","Tiempo de lectura":"1 minuto"},"schema":{"@context":"https:\/\/schema.org","@graph":[{"@type":"WebPage","@id":"https:\/\/www.tecdmx.org.mx\/index.php\/eventos\/2018\/11\/14\/instalacion-del-consejo-editorial-del-tecdmx\/","url":"https:\/\/www.tecdmx.org.mx\/index.php\/eventos\/2018\/11\/14\/instalacion-del-consejo-editorial-del-tecdmx\/","name":"Instalaci\u00f3n del Consejo Editorial del TECDMX - Tribunal Electoral de la Ciudad de M\u00e9xico","isPartOf":{"@id":"https:\/\/www.tecdmx.org.mx\/#website"},"primaryImageOfPage":{"@id":"https:\/\/www.tecdmx.org.mx\/index.php\/eventos\/2018\/11\/14\/instalacion-del-consejo-editorial-del-tecdmx\/#primaryimage"},"image":{"@id":"https:\/\/www.tecdmx.org.mx\/index.php\/eventos\/2018\/11\/14\/instalacion-del-consejo-editorial-del-tecdmx\/#primaryimage"},"thumbnailUrl":"https:\/\/www.tecdmx.org.mx\/wp-content\/uploads\/2018\/11\/Instalacion_del_Consejo_Editorial_del_TECDMX_3.jpg","datePublished":"2018-11-14T17:01:28+00:00","dateModified":"2018-11-22T17:01:43+00:00","author":{"@id":"https:\/\/www.tecdmx.org.mx\/#\/schema\/person\/208c898199fb3234203823c5f0cf31d6"},"breadcrumb":{"@id":"https:\/\/www.tecdmx.org.mx\/index.php\/eventos\/2018\/11\/14\/instalacion-del-consejo-editorial-del-tecdmx\/#breadcrumb"},"inLanguage":"es","potentialAction":[{"@type":"ReadAction","target":["https:\/\/www.tecdmx.org.mx\/index.php\/eventos\/2018\/11\/14\/instalacion-del-consejo-editorial-del-tecdmx\/"]}]},{"@type":"ImageObject","inLanguage":"es","@id":"https:\/\/www.tecdmx.org.mx\/index.php\/eventos\/2018\/11\/14\/instalacion-del-consejo-editorial-del-tecdmx\/#primaryimage","url":"https:\/\/www.tecdmx.org.mx\/wp-content\/uploads\/2018\/11\/Instalacion_del_Consejo_Editorial_del_TECDMX_3.jpg","contentUrl":"https:\/\/www.tecdmx.org.mx\/wp-content\/uploads\/2018\/11\/Instalacion_del_Consejo_Editorial_del_TECDMX_3.jpg","width":1280,"height":720},{"@type":"BreadcrumbList","@id":"https:\/\/www.tecdmx.org.mx\/index.php\/eventos\/2018\/11\/14\/instalacion-del-consejo-editorial-del-tecdmx\/#breadcrumb","itemListElement":[{"@type":"ListItem","position":1,"name":"Portada","item":"https:\/\/www.tecdmx.org.mx\/"},{"@type":"ListItem","position":2,"name":"Instalaci\u00f3n del Consejo Editorial del TECDMX"}]},{"@type":"WebSite","@id":"https:\/\/www.tecdmx.org.mx\/#website","url":"https:\/\/www.tecdmx.org.mx\/","name":"Tribunal Electoral de la Ciudad de M\u00e9xico","description":"25 a\u00f1os garantizando justicia en tu elecci\u00f3n","potentialAction":[{"@type":"SearchAction","target":{"@type":"EntryPoint","urlTemplate":"https:\/\/www.tecdmx.org.mx\/?s={search_term_string}"},"query-input":"required name=search_term_string"}],"inLanguage":"es"},{"@type":"Person","@id":"https:\/\/www.tecdmx.org.mx\/#\/schema\/person\/208c898199fb3234203823c5f0cf31d6","name":"Difusion2025","image":{"@type":"ImageObject","inLanguage":"es","@id":"https:\/\/www.tecdmx.org.mx\/#\/schema\/person\/image\/","url":"https:\/\/secure.gravatar.com\/avatar\/6f7a4ba3acb418040e90a2eb99b5df28?s=96&d=mm&r=g","contentUrl":"https:\/\/secure.gravatar.com\/avatar\/6f7a4ba3acb418040e90a2eb99b5df28?s=96&d=mm&r=g","caption":"Difusion2025"}}]}},"_links":{"self":[{"href":"https:\/\/www.tecdmx.org.mx\/index.php\/wp-json\/wp\/v2\/posts\/5109"}],"collection":[{"href":"https:\/\/www.tecdmx.org.mx\/index.php\/wp-json\/wp\/v2\/posts"}],"about":[{"href":"https:\/\/www.tecdmx.org.mx\/index.php\/wp-json\/wp\/v2\/types\/post"}],"author":[{"embeddable":true,"href":"https:\/\/www.tecdmx.org.mx\/index.php\/wp-json\/wp\/v2\/users\/13"}],"replies":[{"embeddable":true,"href":"https:\/\/www.tecdmx.org.mx\/index.php\/wp-json\/wp\/v2\/comments?post=5109"}],"version-history":[{"count":1,"href":"https:\/\/www.tecdmx.org.mx\/index.php\/wp-json\/wp\/v2\/posts\/5109\/revisions"}],"predecessor-version":[{"id":5117,"href":"https:\/\/www.tecdmx.org.mx\/index.php\/wp-json\/wp\/v2\/posts\/5109\/revisions\/5117"}],"wp:featuredmedia":[{"embeddable":true,"href":"https:\/\/www.tecdmx.org.mx\/index.php\/wp-json\/wp\/v2\/media\/5112"}],"wp:attachment":[{"href":"https:\/\/www.tecdmx.org.mx\/index.php\/wp-json\/wp\/v2\/media?parent=5109"}],"wp:term":[{"taxonomy":"category","embeddable":true,"href":"https:\/\/www.tecdmx.org.mx\/index.php\/wp-json\/wp\/v2\/categories?post=5109"},{"taxonomy":"post_tag","embeddable":true,"href":"https:\/\/www.tecdmx.org.mx\/index.php\/wp-json\/wp\/v2\/tags?post=5109"}],"curies":[{"name":"wp","href":"https:\/\/api.w.org\/{rel}","templated":true}]}}