{"id":5124,"date":"2018-11-12T17:42:24","date_gmt":"2018-11-12T17:42:24","guid":{"rendered":"http:\/\/www2.tecdmx.org.mx\/?p=5124"},"modified":"2018-11-22T17:51:01","modified_gmt":"2018-11-22T17:51:01","slug":"inauguracion-exposicion-fotografica-itinerante-a-todos-nos-puede-pasar","status":"publish","type":"post","link":"https:\/\/www.tecdmx.org.mx\/index.php\/eventos\/2018\/11\/12\/inauguracion-exposicion-fotografica-itinerante-a-todos-nos-puede-pasar\/","title":{"rendered":"Inauguraci\u00f3n: Exposici\u00f3n fotogr\u00e1fica itinerante &#8220;A todos nos puede pasar&#8221;"},"content":{"rendered":"<p>El Magistrado Presidente Gustavo Anzaldo Hern\u00e1ndez, las Magistradas M. Alejandra Ch\u00e1vez Camarena y Martha Leticia Mercado Ram\u00edrez estuvieron presentes en la inauguraci\u00f3n de la Exposici\u00f3n fotogr\u00e1fica itinerante de la campa\u00f1a &#8220;A todos nos puede pasar&#8221;, que se exhibe en la estaci\u00f3n Tacubaya de la L\u00ednea 1 del Sistema de Transporte Colectivo Metro.<\/p>\n<p><img loading=\"lazy\" decoding=\"async\" class=\"aligncenter wp-image-5125 size-large\" src=\"https:\/\/www.tecdmx.org.mx\/wp-content\/uploads\/2018\/11\/Inauguracion_exposicion_fotografica_itinerante_a_todos_nos_puede_pasar_1-525x350.jpg\" alt=\"\" width=\"525\" height=\"350\" srcset=\"https:\/\/www.tecdmx.org.mx\/wp-content\/uploads\/2018\/11\/Inauguracion_exposicion_fotografica_itinerante_a_todos_nos_puede_pasar_1-375x250.jpg 375w, https:\/\/www.tecdmx.org.mx\/wp-content\/uploads\/2018\/11\/Inauguracion_exposicion_fotografica_itinerante_a_todos_nos_puede_pasar_1-768x512.jpg 768w, https:\/\/www.tecdmx.org.mx\/wp-content\/uploads\/2018\/11\/Inauguracion_exposicion_fotografica_itinerante_a_todos_nos_puede_pasar_1-525x350.jpg 525w, https:\/\/www.tecdmx.org.mx\/wp-content\/uploads\/2018\/11\/Inauguracion_exposicion_fotografica_itinerante_a_todos_nos_puede_pasar_1.jpg 1024w\" sizes=\"(max-width: 525px) 100vw, 525px\" \/><\/p>\n<p>La campa\u00f1a &#8220;A todos nos puede pasar&#8221; tiene el objetivo de crear conciencia sobre el c\u00e1ncer de mama. Fue creada por el TECDMX y las fundaciones DIME, A. C. y ALMA, IAP.<\/p>\n<p><img loading=\"lazy\" decoding=\"async\" class=\"aligncenter wp-image-5126 size-large\" src=\"https:\/\/www.tecdmx.org.mx\/wp-content\/uploads\/2018\/11\/Inauguracion_exposicion_fotografica_itinerante_a_todos_nos_puede_pasar_2a-499x350.jpg\" alt=\"\" width=\"499\" height=\"350\" srcset=\"https:\/\/www.tecdmx.org.mx\/wp-content\/uploads\/2018\/11\/Inauguracion_exposicion_fotografica_itinerante_a_todos_nos_puede_pasar_2a-356x250.jpg 356w, https:\/\/www.tecdmx.org.mx\/wp-content\/uploads\/2018\/11\/Inauguracion_exposicion_fotografica_itinerante_a_todos_nos_puede_pasar_2a-768x539.jpg 768w, https:\/\/www.tecdmx.org.mx\/wp-content\/uploads\/2018\/11\/Inauguracion_exposicion_fotografica_itinerante_a_todos_nos_puede_pasar_2a-499x350.jpg 499w, https:\/\/www.tecdmx.org.mx\/wp-content\/uploads\/2018\/11\/Inauguracion_exposicion_fotografica_itinerante_a_todos_nos_puede_pasar_2a.jpg 891w\" sizes=\"(max-width: 499px) 100vw, 499px\" \/><\/p>\n<p>El Magistrado Presidente Gustavo Anzaldo durante la inauguraci\u00f3n de la exposici\u00f3n fotogr\u00e1fica itinerante.<\/p>\n<figure id=\"attachment_5129\" aria-describedby=\"caption-attachment-5129\" style=\"width: 234px\" class=\"wp-caption aligncenter\"><img loading=\"lazy\" decoding=\"async\" class=\"wp-image-5129 size-large\" src=\"https:\/\/www.tecdmx.org.mx\/wp-content\/uploads\/2018\/11\/Inauguracion_exposicion_fotografica_itinerante_a_todos_nos_puede_pasar_5-234x350.jpg\" alt=\"\" width=\"234\" height=\"350\" srcset=\"https:\/\/www.tecdmx.org.mx\/wp-content\/uploads\/2018\/11\/Inauguracion_exposicion_fotografica_itinerante_a_todos_nos_puede_pasar_5-167x250.jpg 167w, https:\/\/www.tecdmx.org.mx\/wp-content\/uploads\/2018\/11\/Inauguracion_exposicion_fotografica_itinerante_a_todos_nos_puede_pasar_5-768x1151.jpg 768w, https:\/\/www.tecdmx.org.mx\/wp-content\/uploads\/2018\/11\/Inauguracion_exposicion_fotografica_itinerante_a_todos_nos_puede_pasar_5-234x350.jpg 234w, https:\/\/www.tecdmx.org.mx\/wp-content\/uploads\/2018\/11\/Inauguracion_exposicion_fotografica_itinerante_a_todos_nos_puede_pasar_5.jpg 854w\" sizes=\"(max-width: 234px) 100vw, 234px\" \/><figcaption id=\"caption-attachment-5129\" class=\"wp-caption-text\">La Magistrada M. Alejandra Ch\u00e1vez Camarena.\u00a0<\/figcaption><\/figure>\n<figure id=\"attachment_5128\" aria-describedby=\"caption-attachment-5128\" style=\"width: 325px\" class=\"wp-caption aligncenter\"><img loading=\"lazy\" decoding=\"async\" class=\"wp-image-5128 size-large\" src=\"https:\/\/www.tecdmx.org.mx\/wp-content\/uploads\/2018\/11\/Inauguracion_exposicion_fotografica_itinerante_a_todos_nos_puede_pasar_4-325x350.jpg\" alt=\"\" width=\"325\" height=\"350\" srcset=\"https:\/\/www.tecdmx.org.mx\/wp-content\/uploads\/2018\/11\/Inauguracion_exposicion_fotografica_itinerante_a_todos_nos_puede_pasar_4-232x250.jpg 232w, https:\/\/www.tecdmx.org.mx\/wp-content\/uploads\/2018\/11\/Inauguracion_exposicion_fotografica_itinerante_a_todos_nos_puede_pasar_4-768x826.jpg 768w, https:\/\/www.tecdmx.org.mx\/wp-content\/uploads\/2018\/11\/Inauguracion_exposicion_fotografica_itinerante_a_todos_nos_puede_pasar_4-325x350.jpg 325w, https:\/\/www.tecdmx.org.mx\/wp-content\/uploads\/2018\/11\/Inauguracion_exposicion_fotografica_itinerante_a_todos_nos_puede_pasar_4.jpg 792w\" sizes=\"(max-width: 325px) 100vw, 325px\" \/><figcaption id=\"caption-attachment-5128\" class=\"wp-caption-text\">La Magistrada Martha Leticia Mercado Ram\u00edrez.<\/figcaption><\/figure>\n<p><img loading=\"lazy\" decoding=\"async\" class=\"aligncenter wp-image-5127 size-large\" src=\"https:\/\/www.tecdmx.org.mx\/wp-content\/uploads\/2018\/11\/Inauguracion_exposicion_fotografica_itinerante_a_todos_nos_puede_pasar_3-670x350.jpg\" alt=\"\" width=\"670\" height=\"350\" srcset=\"https:\/\/www.tecdmx.org.mx\/wp-content\/uploads\/2018\/11\/Inauguracion_exposicion_fotografica_itinerante_a_todos_nos_puede_pasar_3-446x233.jpg 446w, https:\/\/www.tecdmx.org.mx\/wp-content\/uploads\/2018\/11\/Inauguracion_exposicion_fotografica_itinerante_a_todos_nos_puede_pasar_3-768x401.jpg 768w, https:\/\/www.tecdmx.org.mx\/wp-content\/uploads\/2018\/11\/Inauguracion_exposicion_fotografica_itinerante_a_todos_nos_puede_pasar_3-670x350.jpg 670w, https:\/\/www.tecdmx.org.mx\/wp-content\/uploads\/2018\/11\/Inauguracion_exposicion_fotografica_itinerante_a_todos_nos_puede_pasar_3.jpg 1024w\" sizes=\"(max-width: 670px) 100vw, 670px\" \/><\/p>\n","protected":false},"excerpt":{"rendered":"<p>El Magistrado Presidente Gustavo Anzaldo Hern\u00e1ndez, las Magistradas M. Alejandra Ch\u00e1vez Camarena y Martha Leticia Mercado Ram\u00edrez estuvieron presentes en la inauguraci\u00f3n de la Exposici\u00f3n fotogr\u00e1fica itinerante de la campa\u00f1a &#8220;A todos nos puede pasar&#8221;, que se exhibe en la estaci\u00f3n Tacubaya de la L\u00ednea 1 del Sistema de Transporte Colectivo Metro.  <\/p>\n","protected":false},"author":13,"featured_media":5125,"comment_status":"open","ping_status":"open","sticky":false,"template":"","format":"standard","meta":{"_acf_changed":false,"_exactmetrics_skip_tracking":false,"_exactmetrics_sitenote_active":false,"_exactmetrics_sitenote_note":"","_exactmetrics_sitenote_category":0,"footnotes":""},"categories":[47,40],"tags":[],"acf":[],"yoast_head":"<!-- This site is optimized with the Yoast SEO plugin v22.3 - https:\/\/yoast.com\/wordpress\/plugins\/seo\/ -->\n<title>Inauguraci\u00f3n: Exposici\u00f3n fotogr\u00e1fica itinerante &quot;A todos nos puede pasar&quot; - Tribunal Electoral de la Ciudad de M\u00e9xico<\/title>\n<meta name=\"robots\" content=\"index, follow, max-snippet:-1, max-image-preview:large, max-video-preview:-1\" \/>\n<link rel=\"canonical\" href=\"https:\/\/www.tecdmx.org.mx\/index.php\/eventos\/2018\/11\/12\/inauguracion-exposicion-fotografica-itinerante-a-todos-nos-puede-pasar\/\" \/>\n<meta property=\"og:locale\" content=\"es_ES\" \/>\n<meta property=\"og:type\" content=\"article\" \/>\n<meta property=\"og:title\" content=\"Inauguraci\u00f3n: Exposici\u00f3n fotogr\u00e1fica itinerante &quot;A todos nos puede pasar&quot; - Tribunal Electoral de la Ciudad de M\u00e9xico\" \/>\n<meta property=\"og:description\" content=\"El Magistrado Presidente Gustavo Anzaldo Hern\u00e1ndez, las Magistradas M. Alejandra Ch\u00e1vez Camarena y Martha Leticia Mercado Ram\u00edrez estuvieron presentes en la inauguraci\u00f3n de la Exposici\u00f3n fotogr\u00e1fica itinerante de la campa\u00f1a &quot;A todos nos puede pasar&quot;, que se exhibe en la estaci\u00f3n Tacubaya de la L\u00ednea 1 del Sistema de Transporte Colectivo Metro.\" \/>\n<meta property=\"og:url\" content=\"https:\/\/www.tecdmx.org.mx\/index.php\/eventos\/2018\/11\/12\/inauguracion-exposicion-fotografica-itinerante-a-todos-nos-puede-pasar\/\" \/>\n<meta property=\"og:site_name\" content=\"Tribunal Electoral de la Ciudad de M\u00e9xico\" \/>\n<meta property=\"article:publisher\" content=\"https:\/\/www.facebook.com\/TECDMX\/\" \/>\n<meta property=\"article:published_time\" content=\"2018-11-12T17:42:24+00:00\" \/>\n<meta property=\"article:modified_time\" content=\"2018-11-22T17:51:01+00:00\" \/>\n<meta property=\"og:image\" content=\"https:\/\/www.tecdmx.org.mx\/wp-content\/uploads\/2018\/11\/Inauguracion_exposicion_fotografica_itinerante_a_todos_nos_puede_pasar_1.jpg\" \/>\n\t<meta property=\"og:image:width\" content=\"1024\" \/>\n\t<meta property=\"og:image:height\" content=\"683\" \/>\n\t<meta property=\"og:image:type\" content=\"image\/jpeg\" \/>\n<meta name=\"author\" content=\"Difusion2025\" \/>\n<meta name=\"twitter:card\" content=\"summary_large_image\" \/>\n<meta name=\"twitter:creator\" content=\"@tecdmx\" \/>\n<meta name=\"twitter:site\" content=\"@tecdmx\" \/>\n<meta name=\"twitter:label1\" content=\"Escrito por\" \/>\n\t<meta name=\"twitter:data1\" content=\"Difusion2025\" \/>\n\t<meta name=\"twitter:label2\" content=\"Tiempo de lectura\" \/>\n\t<meta name=\"twitter:data2\" content=\"1 minuto\" \/>\n<script type=\"application\/ld+json\" class=\"yoast-schema-graph\">{\"@context\":\"https:\/\/schema.org\",\"@graph\":[{\"@type\":\"WebPage\",\"@id\":\"https:\/\/www.tecdmx.org.mx\/index.php\/eventos\/2018\/11\/12\/inauguracion-exposicion-fotografica-itinerante-a-todos-nos-puede-pasar\/\",\"url\":\"https:\/\/www.tecdmx.org.mx\/index.php\/eventos\/2018\/11\/12\/inauguracion-exposicion-fotografica-itinerante-a-todos-nos-puede-pasar\/\",\"name\":\"Inauguraci\u00f3n: Exposici\u00f3n fotogr\u00e1fica itinerante \\\"A todos nos puede pasar\\\" - Tribunal Electoral de la Ciudad de M\u00e9xico\",\"isPartOf\":{\"@id\":\"https:\/\/www.tecdmx.org.mx\/#website\"},\"primaryImageOfPage\":{\"@id\":\"https:\/\/www.tecdmx.org.mx\/index.php\/eventos\/2018\/11\/12\/inauguracion-exposicion-fotografica-itinerante-a-todos-nos-puede-pasar\/#primaryimage\"},\"image\":{\"@id\":\"https:\/\/www.tecdmx.org.mx\/index.php\/eventos\/2018\/11\/12\/inauguracion-exposicion-fotografica-itinerante-a-todos-nos-puede-pasar\/#primaryimage\"},\"thumbnailUrl\":\"https:\/\/www.tecdmx.org.mx\/wp-content\/uploads\/2018\/11\/Inauguracion_exposicion_fotografica_itinerante_a_todos_nos_puede_pasar_1.jpg\",\"datePublished\":\"2018-11-12T17:42:24+00:00\",\"dateModified\":\"2018-11-22T17:51:01+00:00\",\"author\":{\"@id\":\"https:\/\/www.tecdmx.org.mx\/#\/schema\/person\/208c898199fb3234203823c5f0cf31d6\"},\"breadcrumb\":{\"@id\":\"https:\/\/www.tecdmx.org.mx\/index.php\/eventos\/2018\/11\/12\/inauguracion-exposicion-fotografica-itinerante-a-todos-nos-puede-pasar\/#breadcrumb\"},\"inLanguage\":\"es\",\"potentialAction\":[{\"@type\":\"ReadAction\",\"target\":[\"https:\/\/www.tecdmx.org.mx\/index.php\/eventos\/2018\/11\/12\/inauguracion-exposicion-fotografica-itinerante-a-todos-nos-puede-pasar\/\"]}]},{\"@type\":\"ImageObject\",\"inLanguage\":\"es\",\"@id\":\"https:\/\/www.tecdmx.org.mx\/index.php\/eventos\/2018\/11\/12\/inauguracion-exposicion-fotografica-itinerante-a-todos-nos-puede-pasar\/#primaryimage\",\"url\":\"https:\/\/www.tecdmx.org.mx\/wp-content\/uploads\/2018\/11\/Inauguracion_exposicion_fotografica_itinerante_a_todos_nos_puede_pasar_1.jpg\",\"contentUrl\":\"https:\/\/www.tecdmx.org.mx\/wp-content\/uploads\/2018\/11\/Inauguracion_exposicion_fotografica_itinerante_a_todos_nos_puede_pasar_1.jpg\",\"width\":1024,\"height\":683},{\"@type\":\"BreadcrumbList\",\"@id\":\"https:\/\/www.tecdmx.org.mx\/index.php\/eventos\/2018\/11\/12\/inauguracion-exposicion-fotografica-itinerante-a-todos-nos-puede-pasar\/#breadcrumb\",\"itemListElement\":[{\"@type\":\"ListItem\",\"position\":1,\"name\":\"Portada\",\"item\":\"https:\/\/www.tecdmx.org.mx\/\"},{\"@type\":\"ListItem\",\"position\":2,\"name\":\"Inauguraci\u00f3n: Exposici\u00f3n fotogr\u00e1fica itinerante &#8220;A todos nos puede pasar&#8221;\"}]},{\"@type\":\"WebSite\",\"@id\":\"https:\/\/www.tecdmx.org.mx\/#website\",\"url\":\"https:\/\/www.tecdmx.org.mx\/\",\"name\":\"Tribunal Electoral de la Ciudad de M\u00e9xico\",\"description\":\"25 a\u00f1os garantizando justicia en tu elecci\u00f3n\",\"potentialAction\":[{\"@type\":\"SearchAction\",\"target\":{\"@type\":\"EntryPoint\",\"urlTemplate\":\"https:\/\/www.tecdmx.org.mx\/?s={search_term_string}\"},\"query-input\":\"required name=search_term_string\"}],\"inLanguage\":\"es\"},{\"@type\":\"Person\",\"@id\":\"https:\/\/www.tecdmx.org.mx\/#\/schema\/person\/208c898199fb3234203823c5f0cf31d6\",\"name\":\"Difusion2025\",\"image\":{\"@type\":\"ImageObject\",\"inLanguage\":\"es\",\"@id\":\"https:\/\/www.tecdmx.org.mx\/#\/schema\/person\/image\/\",\"url\":\"https:\/\/secure.gravatar.com\/avatar\/6f7a4ba3acb418040e90a2eb99b5df28?s=96&d=mm&r=g\",\"contentUrl\":\"https:\/\/secure.gravatar.com\/avatar\/6f7a4ba3acb418040e90a2eb99b5df28?s=96&d=mm&r=g\",\"caption\":\"Difusion2025\"}}]}<\/script>\n<!-- \/ Yoast SEO plugin. -->","yoast_head_json":{"title":"Inauguraci\u00f3n: Exposici\u00f3n fotogr\u00e1fica itinerante \"A todos nos puede pasar\" - Tribunal Electoral de la Ciudad de M\u00e9xico","robots":{"index":"index","follow":"follow","max-snippet":"max-snippet:-1","max-image-preview":"max-image-preview:large","max-video-preview":"max-video-preview:-1"},"canonical":"https:\/\/www.tecdmx.org.mx\/index.php\/eventos\/2018\/11\/12\/inauguracion-exposicion-fotografica-itinerante-a-todos-nos-puede-pasar\/","og_locale":"es_ES","og_type":"article","og_title":"Inauguraci\u00f3n: Exposici\u00f3n fotogr\u00e1fica itinerante \"A todos nos puede pasar\" - Tribunal Electoral de la Ciudad de M\u00e9xico","og_description":"El Magistrado Presidente Gustavo Anzaldo Hern\u00e1ndez, las Magistradas M. Alejandra Ch\u00e1vez Camarena y Martha Leticia Mercado Ram\u00edrez estuvieron presentes en la inauguraci\u00f3n de la Exposici\u00f3n fotogr\u00e1fica itinerante de la campa\u00f1a \"A todos nos puede pasar\", que se exhibe en la estaci\u00f3n Tacubaya de la L\u00ednea 1 del Sistema de Transporte Colectivo Metro.","og_url":"https:\/\/www.tecdmx.org.mx\/index.php\/eventos\/2018\/11\/12\/inauguracion-exposicion-fotografica-itinerante-a-todos-nos-puede-pasar\/","og_site_name":"Tribunal Electoral de la Ciudad de M\u00e9xico","article_publisher":"https:\/\/www.facebook.com\/TECDMX\/","article_published_time":"2018-11-12T17:42:24+00:00","article_modified_time":"2018-11-22T17:51:01+00:00","og_image":[{"width":1024,"height":683,"url":"https:\/\/www.tecdmx.org.mx\/wp-content\/uploads\/2018\/11\/Inauguracion_exposicion_fotografica_itinerante_a_todos_nos_puede_pasar_1.jpg","type":"image\/jpeg"}],"author":"Difusion2025","twitter_card":"summary_large_image","twitter_creator":"@tecdmx","twitter_site":"@tecdmx","twitter_misc":{"Escrito por":"Difusion2025","Tiempo de lectura":"1 minuto"},"schema":{"@context":"https:\/\/schema.org","@graph":[{"@type":"WebPage","@id":"https:\/\/www.tecdmx.org.mx\/index.php\/eventos\/2018\/11\/12\/inauguracion-exposicion-fotografica-itinerante-a-todos-nos-puede-pasar\/","url":"https:\/\/www.tecdmx.org.mx\/index.php\/eventos\/2018\/11\/12\/inauguracion-exposicion-fotografica-itinerante-a-todos-nos-puede-pasar\/","name":"Inauguraci\u00f3n: Exposici\u00f3n fotogr\u00e1fica itinerante \"A todos nos puede pasar\" - Tribunal Electoral de la Ciudad de M\u00e9xico","isPartOf":{"@id":"https:\/\/www.tecdmx.org.mx\/#website"},"primaryImageOfPage":{"@id":"https:\/\/www.tecdmx.org.mx\/index.php\/eventos\/2018\/11\/12\/inauguracion-exposicion-fotografica-itinerante-a-todos-nos-puede-pasar\/#primaryimage"},"image":{"@id":"https:\/\/www.tecdmx.org.mx\/index.php\/eventos\/2018\/11\/12\/inauguracion-exposicion-fotografica-itinerante-a-todos-nos-puede-pasar\/#primaryimage"},"thumbnailUrl":"https:\/\/www.tecdmx.org.mx\/wp-content\/uploads\/2018\/11\/Inauguracion_exposicion_fotografica_itinerante_a_todos_nos_puede_pasar_1.jpg","datePublished":"2018-11-12T17:42:24+00:00","dateModified":"2018-11-22T17:51:01+00:00","author":{"@id":"https:\/\/www.tecdmx.org.mx\/#\/schema\/person\/208c898199fb3234203823c5f0cf31d6"},"breadcrumb":{"@id":"https:\/\/www.tecdmx.org.mx\/index.php\/eventos\/2018\/11\/12\/inauguracion-exposicion-fotografica-itinerante-a-todos-nos-puede-pasar\/#breadcrumb"},"inLanguage":"es","potentialAction":[{"@type":"ReadAction","target":["https:\/\/www.tecdmx.org.mx\/index.php\/eventos\/2018\/11\/12\/inauguracion-exposicion-fotografica-itinerante-a-todos-nos-puede-pasar\/"]}]},{"@type":"ImageObject","inLanguage":"es","@id":"https:\/\/www.tecdmx.org.mx\/index.php\/eventos\/2018\/11\/12\/inauguracion-exposicion-fotografica-itinerante-a-todos-nos-puede-pasar\/#primaryimage","url":"https:\/\/www.tecdmx.org.mx\/wp-content\/uploads\/2018\/11\/Inauguracion_exposicion_fotografica_itinerante_a_todos_nos_puede_pasar_1.jpg","contentUrl":"https:\/\/www.tecdmx.org.mx\/wp-content\/uploads\/2018\/11\/Inauguracion_exposicion_fotografica_itinerante_a_todos_nos_puede_pasar_1.jpg","width":1024,"height":683},{"@type":"BreadcrumbList","@id":"https:\/\/www.tecdmx.org.mx\/index.php\/eventos\/2018\/11\/12\/inauguracion-exposicion-fotografica-itinerante-a-todos-nos-puede-pasar\/#breadcrumb","itemListElement":[{"@type":"ListItem","position":1,"name":"Portada","item":"https:\/\/www.tecdmx.org.mx\/"},{"@type":"ListItem","position":2,"name":"Inauguraci\u00f3n: Exposici\u00f3n fotogr\u00e1fica itinerante &#8220;A todos nos puede pasar&#8221;"}]},{"@type":"WebSite","@id":"https:\/\/www.tecdmx.org.mx\/#website","url":"https:\/\/www.tecdmx.org.mx\/","name":"Tribunal Electoral de la Ciudad de M\u00e9xico","description":"25 a\u00f1os garantizando justicia en tu elecci\u00f3n","potentialAction":[{"@type":"SearchAction","target":{"@type":"EntryPoint","urlTemplate":"https:\/\/www.tecdmx.org.mx\/?s={search_term_string}"},"query-input":"required name=search_term_string"}],"inLanguage":"es"},{"@type":"Person","@id":"https:\/\/www.tecdmx.org.mx\/#\/schema\/person\/208c898199fb3234203823c5f0cf31d6","name":"Difusion2025","image":{"@type":"ImageObject","inLanguage":"es","@id":"https:\/\/www.tecdmx.org.mx\/#\/schema\/person\/image\/","url":"https:\/\/secure.gravatar.com\/avatar\/6f7a4ba3acb418040e90a2eb99b5df28?s=96&d=mm&r=g","contentUrl":"https:\/\/secure.gravatar.com\/avatar\/6f7a4ba3acb418040e90a2eb99b5df28?s=96&d=mm&r=g","caption":"Difusion2025"}}]}},"_links":{"self":[{"href":"https:\/\/www.tecdmx.org.mx\/index.php\/wp-json\/wp\/v2\/posts\/5124"}],"collection":[{"href":"https:\/\/www.tecdmx.org.mx\/index.php\/wp-json\/wp\/v2\/posts"}],"about":[{"href":"https:\/\/www.tecdmx.org.mx\/index.php\/wp-json\/wp\/v2\/types\/post"}],"author":[{"embeddable":true,"href":"https:\/\/www.tecdmx.org.mx\/index.php\/wp-json\/wp\/v2\/users\/13"}],"replies":[{"embeddable":true,"href":"https:\/\/www.tecdmx.org.mx\/index.php\/wp-json\/wp\/v2\/comments?post=5124"}],"version-history":[{"count":1,"href":"https:\/\/www.tecdmx.org.mx\/index.php\/wp-json\/wp\/v2\/posts\/5124\/revisions"}],"predecessor-version":[{"id":5130,"href":"https:\/\/www.tecdmx.org.mx\/index.php\/wp-json\/wp\/v2\/posts\/5124\/revisions\/5130"}],"wp:featuredmedia":[{"embeddable":true,"href":"https:\/\/www.tecdmx.org.mx\/index.php\/wp-json\/wp\/v2\/media\/5125"}],"wp:attachment":[{"href":"https:\/\/www.tecdmx.org.mx\/index.php\/wp-json\/wp\/v2\/media?parent=5124"}],"wp:term":[{"taxonomy":"category","embeddable":true,"href":"https:\/\/www.tecdmx.org.mx\/index.php\/wp-json\/wp\/v2\/categories?post=5124"},{"taxonomy":"post_tag","embeddable":true,"href":"https:\/\/www.tecdmx.org.mx\/index.php\/wp-json\/wp\/v2\/tags?post=5124"}],"curies":[{"name":"wp","href":"https:\/\/api.w.org\/{rel}","templated":true}]}}