{"id":5137,"date":"2018-11-09T17:59:53","date_gmt":"2018-11-09T17:59:53","guid":{"rendered":"http:\/\/www2.tecdmx.org.mx\/?p=5137"},"modified":"2018-11-22T18:07:24","modified_gmt":"2018-11-22T18:07:24","slug":"conferencia-modelos-hibridos-la-practica-de-juzgar-y-la-comunidad-de-interpretes","status":"publish","type":"post","link":"https:\/\/www.tecdmx.org.mx\/index.php\/destacados\/2018\/11\/09\/conferencia-modelos-hibridos-la-practica-de-juzgar-y-la-comunidad-de-interpretes\/","title":{"rendered":"Conferencia &#8220;Modelos h\u00edbridos. La pr\u00e1ctica de juzgar y la comunidad de int\u00e9rpretes&#8221;"},"content":{"rendered":"<p>El Magistrado Presidente Gustavo Anzaldo Hern\u00e1ndez y la Magistrada Martha Leticia Mercado Ram\u00edrez entregaron reconocimiento al Dr. Roberto Saba por impartir la Conferencia \u201cModelos h\u00edbridos. La pr\u00e1ctica de juzgar y la comunidad de int\u00e9rpretes\u201d.<\/p>\n<p><img loading=\"lazy\" decoding=\"async\" class=\"aligncenter wp-image-5138 size-large\" src=\"https:\/\/www.tecdmx.org.mx\/wp-content\/uploads\/2018\/11\/Conferencia_Modelos_hibridos_la_practica_de_juzgar_y_la_comunidad_de_interpretes_01-504x350.jpg\" alt=\"\" width=\"504\" height=\"350\" srcset=\"https:\/\/www.tecdmx.org.mx\/wp-content\/uploads\/2018\/11\/Conferencia_Modelos_hibridos_la_practica_de_juzgar_y_la_comunidad_de_interpretes_01-360x250.jpg 360w, https:\/\/www.tecdmx.org.mx\/wp-content\/uploads\/2018\/11\/Conferencia_Modelos_hibridos_la_practica_de_juzgar_y_la_comunidad_de_interpretes_01-768x533.jpg 768w, https:\/\/www.tecdmx.org.mx\/wp-content\/uploads\/2018\/11\/Conferencia_Modelos_hibridos_la_practica_de_juzgar_y_la_comunidad_de_interpretes_01-504x350.jpg 504w, https:\/\/www.tecdmx.org.mx\/wp-content\/uploads\/2018\/11\/Conferencia_Modelos_hibridos_la_practica_de_juzgar_y_la_comunidad_de_interpretes_01.jpg 1024w\" sizes=\"(max-width: 504px) 100vw, 504px\" \/><\/p>\n<p>El Magistrado Presidente Gustavo Anzaldo agradeci\u00f3 al Dr. Roberto Saba su apoyo para la capacitaci\u00f3n y actualizaci\u00f3n en materia electoral.<\/p>\n<p><img loading=\"lazy\" decoding=\"async\" class=\"aligncenter wp-image-5139 size-large\" src=\"https:\/\/www.tecdmx.org.mx\/wp-content\/uploads\/2018\/11\/Conferencia_Modelos_hibridos_la_practica_de_juzgar_y_la_comunidad_de_interpretes_02-610x350.jpg\" alt=\"\" width=\"610\" height=\"350\" srcset=\"https:\/\/www.tecdmx.org.mx\/wp-content\/uploads\/2018\/11\/Conferencia_Modelos_hibridos_la_practica_de_juzgar_y_la_comunidad_de_interpretes_02-435x250.jpg 435w, https:\/\/www.tecdmx.org.mx\/wp-content\/uploads\/2018\/11\/Conferencia_Modelos_hibridos_la_practica_de_juzgar_y_la_comunidad_de_interpretes_02-768x441.jpg 768w, https:\/\/www.tecdmx.org.mx\/wp-content\/uploads\/2018\/11\/Conferencia_Modelos_hibridos_la_practica_de_juzgar_y_la_comunidad_de_interpretes_02-610x350.jpg 610w, https:\/\/www.tecdmx.org.mx\/wp-content\/uploads\/2018\/11\/Conferencia_Modelos_hibridos_la_practica_de_juzgar_y_la_comunidad_de_interpretes_02.jpg 1024w\" sizes=\"(max-width: 610px) 100vw, 610px\" \/><\/p>\n<p>La Magistrada Martha Leticia Mercado Ram\u00edrez con el ponente Dr. Roberto Saba.<\/p>\n<p><img loading=\"lazy\" decoding=\"async\" class=\"aligncenter wp-image-5140 size-large\" src=\"https:\/\/www.tecdmx.org.mx\/wp-content\/uploads\/2018\/11\/Conferencia_Modelos_hibridos_la_practica_de_juzgar_y_la_comunidad_de_interpretes_03-671x350.jpg\" alt=\"\" width=\"671\" height=\"350\" srcset=\"https:\/\/www.tecdmx.org.mx\/wp-content\/uploads\/2018\/11\/Conferencia_Modelos_hibridos_la_practica_de_juzgar_y_la_comunidad_de_interpretes_03-446x233.jpg 446w, https:\/\/www.tecdmx.org.mx\/wp-content\/uploads\/2018\/11\/Conferencia_Modelos_hibridos_la_practica_de_juzgar_y_la_comunidad_de_interpretes_03-768x401.jpg 768w, https:\/\/www.tecdmx.org.mx\/wp-content\/uploads\/2018\/11\/Conferencia_Modelos_hibridos_la_practica_de_juzgar_y_la_comunidad_de_interpretes_03-671x350.jpg 671w, https:\/\/www.tecdmx.org.mx\/wp-content\/uploads\/2018\/11\/Conferencia_Modelos_hibridos_la_practica_de_juzgar_y_la_comunidad_de_interpretes_03.jpg 1024w\" sizes=\"(max-width: 671px) 100vw, 671px\" \/><\/p>\n<p>La Conferencia fue organizada por el TECDMX y el Instituto Tecnol\u00f3gico Aut\u00f3nomo de M\u00e9xico (ITAM).<\/p>\n<p><img loading=\"lazy\" decoding=\"async\" class=\"aligncenter wp-image-5141 size-large\" src=\"https:\/\/www.tecdmx.org.mx\/wp-content\/uploads\/2018\/11\/Conferencia_Modelos_hibridos_la_practica_de_juzgar_y_la_comunidad_de_interpretes_04-525x350.jpg\" alt=\"\" width=\"525\" height=\"350\" srcset=\"https:\/\/www.tecdmx.org.mx\/wp-content\/uploads\/2018\/11\/Conferencia_Modelos_hibridos_la_practica_de_juzgar_y_la_comunidad_de_interpretes_04-375x250.jpg 375w, https:\/\/www.tecdmx.org.mx\/wp-content\/uploads\/2018\/11\/Conferencia_Modelos_hibridos_la_practica_de_juzgar_y_la_comunidad_de_interpretes_04-768x512.jpg 768w, https:\/\/www.tecdmx.org.mx\/wp-content\/uploads\/2018\/11\/Conferencia_Modelos_hibridos_la_practica_de_juzgar_y_la_comunidad_de_interpretes_04-525x350.jpg 525w, https:\/\/www.tecdmx.org.mx\/wp-content\/uploads\/2018\/11\/Conferencia_Modelos_hibridos_la_practica_de_juzgar_y_la_comunidad_de_interpretes_04.jpg 1024w\" sizes=\"(max-width: 525px) 100vw, 525px\" \/><\/p>\n<p><img loading=\"lazy\" decoding=\"async\" class=\"aligncenter wp-image-5142 size-large\" src=\"https:\/\/www.tecdmx.org.mx\/wp-content\/uploads\/2018\/11\/Conferencia_Modelos_hibridos_la_practica_de_juzgar_y_la_comunidad_de_interpretes_05-525x350.jpg\" alt=\"\" width=\"525\" height=\"350\" srcset=\"https:\/\/www.tecdmx.org.mx\/wp-content\/uploads\/2018\/11\/Conferencia_Modelos_hibridos_la_practica_de_juzgar_y_la_comunidad_de_interpretes_05-375x250.jpg 375w, https:\/\/www.tecdmx.org.mx\/wp-content\/uploads\/2018\/11\/Conferencia_Modelos_hibridos_la_practica_de_juzgar_y_la_comunidad_de_interpretes_05-768x512.jpg 768w, https:\/\/www.tecdmx.org.mx\/wp-content\/uploads\/2018\/11\/Conferencia_Modelos_hibridos_la_practica_de_juzgar_y_la_comunidad_de_interpretes_05-525x350.jpg 525w, https:\/\/www.tecdmx.org.mx\/wp-content\/uploads\/2018\/11\/Conferencia_Modelos_hibridos_la_practica_de_juzgar_y_la_comunidad_de_interpretes_05.jpg 1024w\" sizes=\"(max-width: 525px) 100vw, 525px\" \/><\/p>\n<p><img loading=\"lazy\" decoding=\"async\" class=\"aligncenter wp-image-5143 size-large\" src=\"https:\/\/www.tecdmx.org.mx\/wp-content\/uploads\/2018\/11\/Conferencia_Modelos_hibridos_la_practica_de_juzgar_y_la_comunidad_de_interpretes_07-584x350.jpg\" alt=\"\" width=\"584\" height=\"350\" srcset=\"https:\/\/www.tecdmx.org.mx\/wp-content\/uploads\/2018\/11\/Conferencia_Modelos_hibridos_la_practica_de_juzgar_y_la_comunidad_de_interpretes_07-417x250.jpg 417w, https:\/\/www.tecdmx.org.mx\/wp-content\/uploads\/2018\/11\/Conferencia_Modelos_hibridos_la_practica_de_juzgar_y_la_comunidad_de_interpretes_07-768x461.jpg 768w, https:\/\/www.tecdmx.org.mx\/wp-content\/uploads\/2018\/11\/Conferencia_Modelos_hibridos_la_practica_de_juzgar_y_la_comunidad_de_interpretes_07-584x350.jpg 584w, https:\/\/www.tecdmx.org.mx\/wp-content\/uploads\/2018\/11\/Conferencia_Modelos_hibridos_la_practica_de_juzgar_y_la_comunidad_de_interpretes_07.jpg 1024w\" sizes=\"(max-width: 584px) 100vw, 584px\" \/><\/p>\n","protected":false},"excerpt":{"rendered":"<p>El Magistrado Presidente Gustavo Anzaldo Hern\u00e1ndez y la Magistrada Martha Leticia Mercado Ram\u00edrez entregaron reconocimiento al Dr. Roberto Saba por impartir la Conferencia \u201cModelos h\u00edbridos. La pr\u00e1ctica de juzgar y la comunidad de int\u00e9rpretes\u201d. <\/p>\n","protected":false},"author":13,"featured_media":5144,"comment_status":"open","ping_status":"open","sticky":false,"template":"","format":"standard","meta":{"_acf_changed":false,"_exactmetrics_skip_tracking":false,"_exactmetrics_sitenote_active":false,"_exactmetrics_sitenote_note":"","_exactmetrics_sitenote_category":0,"footnotes":""},"categories":[47,40],"tags":[],"acf":[],"yoast_head":"<!-- This site is optimized with the Yoast SEO plugin v22.3 - https:\/\/yoast.com\/wordpress\/plugins\/seo\/ -->\n<title>Conferencia &quot;Modelos h\u00edbridos. La pr\u00e1ctica de juzgar y la comunidad de int\u00e9rpretes&quot; - Tribunal Electoral de la Ciudad de M\u00e9xico<\/title>\n<meta name=\"robots\" content=\"index, follow, max-snippet:-1, max-image-preview:large, max-video-preview:-1\" \/>\n<link rel=\"canonical\" href=\"https:\/\/www.tecdmx.org.mx\/index.php\/destacados\/2018\/11\/09\/conferencia-modelos-hibridos-la-practica-de-juzgar-y-la-comunidad-de-interpretes\/\" \/>\n<meta property=\"og:locale\" content=\"es_ES\" \/>\n<meta property=\"og:type\" content=\"article\" \/>\n<meta property=\"og:title\" content=\"Conferencia &quot;Modelos h\u00edbridos. La pr\u00e1ctica de juzgar y la comunidad de int\u00e9rpretes&quot; - Tribunal Electoral de la Ciudad de M\u00e9xico\" \/>\n<meta property=\"og:description\" content=\"El Magistrado Presidente Gustavo Anzaldo Hern\u00e1ndez y la Magistrada Martha Leticia Mercado Ram\u00edrez entregaron reconocimiento al Dr. Roberto Saba por impartir la Conferencia \u201cModelos h\u00edbridos. La pr\u00e1ctica de juzgar y la comunidad de int\u00e9rpretes\u201d.\" \/>\n<meta property=\"og:url\" content=\"https:\/\/www.tecdmx.org.mx\/index.php\/destacados\/2018\/11\/09\/conferencia-modelos-hibridos-la-practica-de-juzgar-y-la-comunidad-de-interpretes\/\" \/>\n<meta property=\"og:site_name\" content=\"Tribunal Electoral de la Ciudad de M\u00e9xico\" \/>\n<meta property=\"article:publisher\" content=\"https:\/\/www.facebook.com\/TECDMX\/\" \/>\n<meta property=\"article:published_time\" content=\"2018-11-09T17:59:53+00:00\" \/>\n<meta property=\"article:modified_time\" content=\"2018-11-22T18:07:24+00:00\" \/>\n<meta property=\"og:image\" content=\"https:\/\/www.tecdmx.org.mx\/wp-content\/uploads\/2018\/11\/Conferencia_Modelos_hibridos_la_practica_de_juzgar_y_la_comunidad_de_interpretes_portada.jpg\" \/>\n\t<meta property=\"og:image:width\" content=\"1200\" \/>\n\t<meta property=\"og:image:height\" content=\"600\" \/>\n\t<meta property=\"og:image:type\" content=\"image\/jpeg\" \/>\n<meta name=\"author\" content=\"Difusion2025\" \/>\n<meta name=\"twitter:card\" content=\"summary_large_image\" \/>\n<meta name=\"twitter:creator\" content=\"@tecdmx\" \/>\n<meta name=\"twitter:site\" content=\"@tecdmx\" \/>\n<meta name=\"twitter:label1\" content=\"Escrito por\" \/>\n\t<meta name=\"twitter:data1\" content=\"Difusion2025\" \/>\n<script type=\"application\/ld+json\" class=\"yoast-schema-graph\">{\"@context\":\"https:\/\/schema.org\",\"@graph\":[{\"@type\":\"WebPage\",\"@id\":\"https:\/\/www.tecdmx.org.mx\/index.php\/destacados\/2018\/11\/09\/conferencia-modelos-hibridos-la-practica-de-juzgar-y-la-comunidad-de-interpretes\/\",\"url\":\"https:\/\/www.tecdmx.org.mx\/index.php\/destacados\/2018\/11\/09\/conferencia-modelos-hibridos-la-practica-de-juzgar-y-la-comunidad-de-interpretes\/\",\"name\":\"Conferencia \\\"Modelos h\u00edbridos. La pr\u00e1ctica de juzgar y la comunidad de int\u00e9rpretes\\\" - Tribunal Electoral de la Ciudad de M\u00e9xico\",\"isPartOf\":{\"@id\":\"https:\/\/www.tecdmx.org.mx\/#website\"},\"primaryImageOfPage\":{\"@id\":\"https:\/\/www.tecdmx.org.mx\/index.php\/destacados\/2018\/11\/09\/conferencia-modelos-hibridos-la-practica-de-juzgar-y-la-comunidad-de-interpretes\/#primaryimage\"},\"image\":{\"@id\":\"https:\/\/www.tecdmx.org.mx\/index.php\/destacados\/2018\/11\/09\/conferencia-modelos-hibridos-la-practica-de-juzgar-y-la-comunidad-de-interpretes\/#primaryimage\"},\"thumbnailUrl\":\"https:\/\/www.tecdmx.org.mx\/wp-content\/uploads\/2018\/11\/Conferencia_Modelos_hibridos_la_practica_de_juzgar_y_la_comunidad_de_interpretes_portada.jpg\",\"datePublished\":\"2018-11-09T17:59:53+00:00\",\"dateModified\":\"2018-11-22T18:07:24+00:00\",\"author\":{\"@id\":\"https:\/\/www.tecdmx.org.mx\/#\/schema\/person\/208c898199fb3234203823c5f0cf31d6\"},\"breadcrumb\":{\"@id\":\"https:\/\/www.tecdmx.org.mx\/index.php\/destacados\/2018\/11\/09\/conferencia-modelos-hibridos-la-practica-de-juzgar-y-la-comunidad-de-interpretes\/#breadcrumb\"},\"inLanguage\":\"es\",\"potentialAction\":[{\"@type\":\"ReadAction\",\"target\":[\"https:\/\/www.tecdmx.org.mx\/index.php\/destacados\/2018\/11\/09\/conferencia-modelos-hibridos-la-practica-de-juzgar-y-la-comunidad-de-interpretes\/\"]}]},{\"@type\":\"ImageObject\",\"inLanguage\":\"es\",\"@id\":\"https:\/\/www.tecdmx.org.mx\/index.php\/destacados\/2018\/11\/09\/conferencia-modelos-hibridos-la-practica-de-juzgar-y-la-comunidad-de-interpretes\/#primaryimage\",\"url\":\"https:\/\/www.tecdmx.org.mx\/wp-content\/uploads\/2018\/11\/Conferencia_Modelos_hibridos_la_practica_de_juzgar_y_la_comunidad_de_interpretes_portada.jpg\",\"contentUrl\":\"https:\/\/www.tecdmx.org.mx\/wp-content\/uploads\/2018\/11\/Conferencia_Modelos_hibridos_la_practica_de_juzgar_y_la_comunidad_de_interpretes_portada.jpg\",\"width\":1200,\"height\":600},{\"@type\":\"BreadcrumbList\",\"@id\":\"https:\/\/www.tecdmx.org.mx\/index.php\/destacados\/2018\/11\/09\/conferencia-modelos-hibridos-la-practica-de-juzgar-y-la-comunidad-de-interpretes\/#breadcrumb\",\"itemListElement\":[{\"@type\":\"ListItem\",\"position\":1,\"name\":\"Portada\",\"item\":\"https:\/\/www.tecdmx.org.mx\/\"},{\"@type\":\"ListItem\",\"position\":2,\"name\":\"Conferencia &#8220;Modelos h\u00edbridos. La pr\u00e1ctica de juzgar y la comunidad de int\u00e9rpretes&#8221;\"}]},{\"@type\":\"WebSite\",\"@id\":\"https:\/\/www.tecdmx.org.mx\/#website\",\"url\":\"https:\/\/www.tecdmx.org.mx\/\",\"name\":\"Tribunal Electoral de la Ciudad de M\u00e9xico\",\"description\":\"25 a\u00f1os garantizando justicia en tu elecci\u00f3n\",\"potentialAction\":[{\"@type\":\"SearchAction\",\"target\":{\"@type\":\"EntryPoint\",\"urlTemplate\":\"https:\/\/www.tecdmx.org.mx\/?s={search_term_string}\"},\"query-input\":\"required name=search_term_string\"}],\"inLanguage\":\"es\"},{\"@type\":\"Person\",\"@id\":\"https:\/\/www.tecdmx.org.mx\/#\/schema\/person\/208c898199fb3234203823c5f0cf31d6\",\"name\":\"Difusion2025\",\"image\":{\"@type\":\"ImageObject\",\"inLanguage\":\"es\",\"@id\":\"https:\/\/www.tecdmx.org.mx\/#\/schema\/person\/image\/\",\"url\":\"https:\/\/secure.gravatar.com\/avatar\/6f7a4ba3acb418040e90a2eb99b5df28?s=96&d=mm&r=g\",\"contentUrl\":\"https:\/\/secure.gravatar.com\/avatar\/6f7a4ba3acb418040e90a2eb99b5df28?s=96&d=mm&r=g\",\"caption\":\"Difusion2025\"}}]}<\/script>\n<!-- \/ Yoast SEO plugin. -->","yoast_head_json":{"title":"Conferencia \"Modelos h\u00edbridos. La pr\u00e1ctica de juzgar y la comunidad de int\u00e9rpretes\" - Tribunal Electoral de la Ciudad de M\u00e9xico","robots":{"index":"index","follow":"follow","max-snippet":"max-snippet:-1","max-image-preview":"max-image-preview:large","max-video-preview":"max-video-preview:-1"},"canonical":"https:\/\/www.tecdmx.org.mx\/index.php\/destacados\/2018\/11\/09\/conferencia-modelos-hibridos-la-practica-de-juzgar-y-la-comunidad-de-interpretes\/","og_locale":"es_ES","og_type":"article","og_title":"Conferencia \"Modelos h\u00edbridos. La pr\u00e1ctica de juzgar y la comunidad de int\u00e9rpretes\" - Tribunal Electoral de la Ciudad de M\u00e9xico","og_description":"El Magistrado Presidente Gustavo Anzaldo Hern\u00e1ndez y la Magistrada Martha Leticia Mercado Ram\u00edrez entregaron reconocimiento al Dr. Roberto Saba por impartir la Conferencia \u201cModelos h\u00edbridos. La pr\u00e1ctica de juzgar y la comunidad de int\u00e9rpretes\u201d.","og_url":"https:\/\/www.tecdmx.org.mx\/index.php\/destacados\/2018\/11\/09\/conferencia-modelos-hibridos-la-practica-de-juzgar-y-la-comunidad-de-interpretes\/","og_site_name":"Tribunal Electoral de la Ciudad de M\u00e9xico","article_publisher":"https:\/\/www.facebook.com\/TECDMX\/","article_published_time":"2018-11-09T17:59:53+00:00","article_modified_time":"2018-11-22T18:07:24+00:00","og_image":[{"width":1200,"height":600,"url":"https:\/\/www.tecdmx.org.mx\/wp-content\/uploads\/2018\/11\/Conferencia_Modelos_hibridos_la_practica_de_juzgar_y_la_comunidad_de_interpretes_portada.jpg","type":"image\/jpeg"}],"author":"Difusion2025","twitter_card":"summary_large_image","twitter_creator":"@tecdmx","twitter_site":"@tecdmx","twitter_misc":{"Escrito por":"Difusion2025"},"schema":{"@context":"https:\/\/schema.org","@graph":[{"@type":"WebPage","@id":"https:\/\/www.tecdmx.org.mx\/index.php\/destacados\/2018\/11\/09\/conferencia-modelos-hibridos-la-practica-de-juzgar-y-la-comunidad-de-interpretes\/","url":"https:\/\/www.tecdmx.org.mx\/index.php\/destacados\/2018\/11\/09\/conferencia-modelos-hibridos-la-practica-de-juzgar-y-la-comunidad-de-interpretes\/","name":"Conferencia \"Modelos h\u00edbridos. La pr\u00e1ctica de juzgar y la comunidad de int\u00e9rpretes\" - Tribunal Electoral de la Ciudad de M\u00e9xico","isPartOf":{"@id":"https:\/\/www.tecdmx.org.mx\/#website"},"primaryImageOfPage":{"@id":"https:\/\/www.tecdmx.org.mx\/index.php\/destacados\/2018\/11\/09\/conferencia-modelos-hibridos-la-practica-de-juzgar-y-la-comunidad-de-interpretes\/#primaryimage"},"image":{"@id":"https:\/\/www.tecdmx.org.mx\/index.php\/destacados\/2018\/11\/09\/conferencia-modelos-hibridos-la-practica-de-juzgar-y-la-comunidad-de-interpretes\/#primaryimage"},"thumbnailUrl":"https:\/\/www.tecdmx.org.mx\/wp-content\/uploads\/2018\/11\/Conferencia_Modelos_hibridos_la_practica_de_juzgar_y_la_comunidad_de_interpretes_portada.jpg","datePublished":"2018-11-09T17:59:53+00:00","dateModified":"2018-11-22T18:07:24+00:00","author":{"@id":"https:\/\/www.tecdmx.org.mx\/#\/schema\/person\/208c898199fb3234203823c5f0cf31d6"},"breadcrumb":{"@id":"https:\/\/www.tecdmx.org.mx\/index.php\/destacados\/2018\/11\/09\/conferencia-modelos-hibridos-la-practica-de-juzgar-y-la-comunidad-de-interpretes\/#breadcrumb"},"inLanguage":"es","potentialAction":[{"@type":"ReadAction","target":["https:\/\/www.tecdmx.org.mx\/index.php\/destacados\/2018\/11\/09\/conferencia-modelos-hibridos-la-practica-de-juzgar-y-la-comunidad-de-interpretes\/"]}]},{"@type":"ImageObject","inLanguage":"es","@id":"https:\/\/www.tecdmx.org.mx\/index.php\/destacados\/2018\/11\/09\/conferencia-modelos-hibridos-la-practica-de-juzgar-y-la-comunidad-de-interpretes\/#primaryimage","url":"https:\/\/www.tecdmx.org.mx\/wp-content\/uploads\/2018\/11\/Conferencia_Modelos_hibridos_la_practica_de_juzgar_y_la_comunidad_de_interpretes_portada.jpg","contentUrl":"https:\/\/www.tecdmx.org.mx\/wp-content\/uploads\/2018\/11\/Conferencia_Modelos_hibridos_la_practica_de_juzgar_y_la_comunidad_de_interpretes_portada.jpg","width":1200,"height":600},{"@type":"BreadcrumbList","@id":"https:\/\/www.tecdmx.org.mx\/index.php\/destacados\/2018\/11\/09\/conferencia-modelos-hibridos-la-practica-de-juzgar-y-la-comunidad-de-interpretes\/#breadcrumb","itemListElement":[{"@type":"ListItem","position":1,"name":"Portada","item":"https:\/\/www.tecdmx.org.mx\/"},{"@type":"ListItem","position":2,"name":"Conferencia &#8220;Modelos h\u00edbridos. La pr\u00e1ctica de juzgar y la comunidad de int\u00e9rpretes&#8221;"}]},{"@type":"WebSite","@id":"https:\/\/www.tecdmx.org.mx\/#website","url":"https:\/\/www.tecdmx.org.mx\/","name":"Tribunal Electoral de la Ciudad de M\u00e9xico","description":"25 a\u00f1os garantizando justicia en tu elecci\u00f3n","potentialAction":[{"@type":"SearchAction","target":{"@type":"EntryPoint","urlTemplate":"https:\/\/www.tecdmx.org.mx\/?s={search_term_string}"},"query-input":"required name=search_term_string"}],"inLanguage":"es"},{"@type":"Person","@id":"https:\/\/www.tecdmx.org.mx\/#\/schema\/person\/208c898199fb3234203823c5f0cf31d6","name":"Difusion2025","image":{"@type":"ImageObject","inLanguage":"es","@id":"https:\/\/www.tecdmx.org.mx\/#\/schema\/person\/image\/","url":"https:\/\/secure.gravatar.com\/avatar\/6f7a4ba3acb418040e90a2eb99b5df28?s=96&d=mm&r=g","contentUrl":"https:\/\/secure.gravatar.com\/avatar\/6f7a4ba3acb418040e90a2eb99b5df28?s=96&d=mm&r=g","caption":"Difusion2025"}}]}},"_links":{"self":[{"href":"https:\/\/www.tecdmx.org.mx\/index.php\/wp-json\/wp\/v2\/posts\/5137"}],"collection":[{"href":"https:\/\/www.tecdmx.org.mx\/index.php\/wp-json\/wp\/v2\/posts"}],"about":[{"href":"https:\/\/www.tecdmx.org.mx\/index.php\/wp-json\/wp\/v2\/types\/post"}],"author":[{"embeddable":true,"href":"https:\/\/www.tecdmx.org.mx\/index.php\/wp-json\/wp\/v2\/users\/13"}],"replies":[{"embeddable":true,"href":"https:\/\/www.tecdmx.org.mx\/index.php\/wp-json\/wp\/v2\/comments?post=5137"}],"version-history":[{"count":1,"href":"https:\/\/www.tecdmx.org.mx\/index.php\/wp-json\/wp\/v2\/posts\/5137\/revisions"}],"predecessor-version":[{"id":5145,"href":"https:\/\/www.tecdmx.org.mx\/index.php\/wp-json\/wp\/v2\/posts\/5137\/revisions\/5145"}],"wp:featuredmedia":[{"embeddable":true,"href":"https:\/\/www.tecdmx.org.mx\/index.php\/wp-json\/wp\/v2\/media\/5144"}],"wp:attachment":[{"href":"https:\/\/www.tecdmx.org.mx\/index.php\/wp-json\/wp\/v2\/media?parent=5137"}],"wp:term":[{"taxonomy":"category","embeddable":true,"href":"https:\/\/www.tecdmx.org.mx\/index.php\/wp-json\/wp\/v2\/categories?post=5137"},{"taxonomy":"post_tag","embeddable":true,"href":"https:\/\/www.tecdmx.org.mx\/index.php\/wp-json\/wp\/v2\/tags?post=5137"}],"curies":[{"name":"wp","href":"https:\/\/api.w.org\/{rel}","templated":true}]}}