{"id":5161,"date":"2018-11-07T18:44:00","date_gmt":"2018-11-07T18:44:00","guid":{"rendered":"http:\/\/www2.tecdmx.org.mx\/?p=5161"},"modified":"2018-11-22T19:01:32","modified_gmt":"2018-11-22T19:01:32","slug":"modulo-5-diplomado-en-proteccion-de-datos-personales","status":"publish","type":"post","link":"https:\/\/www.tecdmx.org.mx\/index.php\/destacados\/2018\/11\/07\/modulo-5-diplomado-en-proteccion-de-datos-personales\/","title":{"rendered":"M\u00f3dulo 5. Diplomado en Protecci\u00f3n de Datos Personales"},"content":{"rendered":"<p>El Magistrado Presidente Gustavo Anzaldo Hern\u00e1ndez entreg\u00f3 reconocimiento por impartir el 5o. M\u00f3dulo del &#8220;Diplomado en Protecci\u00f3n de Datos Personales. Una Visi\u00f3n Global para la Justicia Electoral&#8221; al Lic. Alejandro Torres Rogelio, quien fue Comisionado Ciudadano del Instituto de Acceso a la Informaci\u00f3n P\u00fablica y Protecci\u00f3n de Datos Personales del Distrito Federal (InfoDF) .<\/p>\n<p><img loading=\"lazy\" decoding=\"async\" class=\"aligncenter wp-image-5162 size-large\" src=\"https:\/\/www.tecdmx.org.mx\/wp-content\/uploads\/2018\/11\/Modulo_5_Diplomado_en_Proteccio\u0301n_de_Datos_Personales_1-694x350.jpg\" alt=\"\" width=\"694\" height=\"350\" srcset=\"https:\/\/www.tecdmx.org.mx\/wp-content\/uploads\/2018\/11\/Modulo_5_Diplomado_en_Proteccio\u0301n_de_Datos_Personales_1-446x225.jpg 446w, https:\/\/www.tecdmx.org.mx\/wp-content\/uploads\/2018\/11\/Modulo_5_Diplomado_en_Proteccio\u0301n_de_Datos_Personales_1-768x387.jpg 768w, https:\/\/www.tecdmx.org.mx\/wp-content\/uploads\/2018\/11\/Modulo_5_Diplomado_en_Proteccio\u0301n_de_Datos_Personales_1-694x350.jpg 694w, https:\/\/www.tecdmx.org.mx\/wp-content\/uploads\/2018\/11\/Modulo_5_Diplomado_en_Proteccio\u0301n_de_Datos_Personales_1.jpg 995w\" sizes=\"(max-width: 694px) 100vw, 694px\" \/><\/p>\n<p><img loading=\"lazy\" decoding=\"async\" class=\"aligncenter wp-image-5163 size-large\" src=\"https:\/\/www.tecdmx.org.mx\/wp-content\/uploads\/2018\/11\/Modulo_5_Diplomado_en_Proteccio\u0301n_de_Datos_Personales_2-525x350.jpg\" alt=\"\" width=\"525\" height=\"350\" srcset=\"https:\/\/www.tecdmx.org.mx\/wp-content\/uploads\/2018\/11\/Modulo_5_Diplomado_en_Proteccio\u0301n_de_Datos_Personales_2-375x250.jpg 375w, https:\/\/www.tecdmx.org.mx\/wp-content\/uploads\/2018\/11\/Modulo_5_Diplomado_en_Proteccio\u0301n_de_Datos_Personales_2-768x512.jpg 768w, https:\/\/www.tecdmx.org.mx\/wp-content\/uploads\/2018\/11\/Modulo_5_Diplomado_en_Proteccio\u0301n_de_Datos_Personales_2-525x350.jpg 525w, https:\/\/www.tecdmx.org.mx\/wp-content\/uploads\/2018\/11\/Modulo_5_Diplomado_en_Proteccio\u0301n_de_Datos_Personales_2.jpg 1280w\" sizes=\"(max-width: 525px) 100vw, 525px\" \/><\/p>\n<p>El Lic. Alejandro Torres comparti\u00f3 con las personas servidoras p\u00fablicas del TECDMX su experiencia como Comisionado, respecto de la Protecci\u00f3n de Datos Personales en la Ciudad de M\u00e9xico.<\/p>\n<p><img loading=\"lazy\" decoding=\"async\" class=\"aligncenter wp-image-5164 size-large\" src=\"https:\/\/www.tecdmx.org.mx\/wp-content\/uploads\/2018\/11\/Modulo_5_Diplomado_en_Proteccion_de_Datos_Personales_4-525x350.jpg\" alt=\"\" width=\"525\" height=\"350\" srcset=\"https:\/\/www.tecdmx.org.mx\/wp-content\/uploads\/2018\/11\/Modulo_5_Diplomado_en_Proteccion_de_Datos_Personales_4-375x250.jpg 375w, https:\/\/www.tecdmx.org.mx\/wp-content\/uploads\/2018\/11\/Modulo_5_Diplomado_en_Proteccion_de_Datos_Personales_4-768x512.jpg 768w, https:\/\/www.tecdmx.org.mx\/wp-content\/uploads\/2018\/11\/Modulo_5_Diplomado_en_Proteccion_de_Datos_Personales_4-525x350.jpg 525w, https:\/\/www.tecdmx.org.mx\/wp-content\/uploads\/2018\/11\/Modulo_5_Diplomado_en_Proteccion_de_Datos_Personales_4.jpg 1280w\" sizes=\"(max-width: 525px) 100vw, 525px\" \/><\/p>\n<p>Durante la sesi\u00f3n del Diplomado, el ponente, Lic. Alejandro Torres, habl\u00f3 de las opciones para garantizar la M\u00e1xima Publicidad y la Protecci\u00f3n de Datos Personales por parte de los Sujetos Obligados.<\/p>\n<p><img loading=\"lazy\" decoding=\"async\" class=\"aligncenter wp-image-5165 size-large\" src=\"https:\/\/www.tecdmx.org.mx\/wp-content\/uploads\/2018\/11\/Modulo_5_Diplomado_en_Proteccio\u0301n_de_Datos_Personales_5-525x350.jpg\" alt=\"\" width=\"525\" height=\"350\" srcset=\"https:\/\/www.tecdmx.org.mx\/wp-content\/uploads\/2018\/11\/Modulo_5_Diplomado_en_Proteccio\u0301n_de_Datos_Personales_5-375x250.jpg 375w, https:\/\/www.tecdmx.org.mx\/wp-content\/uploads\/2018\/11\/Modulo_5_Diplomado_en_Proteccio\u0301n_de_Datos_Personales_5-768x512.jpg 768w, https:\/\/www.tecdmx.org.mx\/wp-content\/uploads\/2018\/11\/Modulo_5_Diplomado_en_Proteccio\u0301n_de_Datos_Personales_5-525x350.jpg 525w, https:\/\/www.tecdmx.org.mx\/wp-content\/uploads\/2018\/11\/Modulo_5_Diplomado_en_Proteccio\u0301n_de_Datos_Personales_5.jpg 1280w\" sizes=\"(max-width: 525px) 100vw, 525px\" \/><\/p>\n<p><img loading=\"lazy\" decoding=\"async\" class=\"aligncenter wp-image-5166 size-large\" src=\"https:\/\/www.tecdmx.org.mx\/wp-content\/uploads\/2018\/11\/Modulo_5_Diplomado_en_Proteccion_de_Datos_Personales_6a-525x350.jpg\" alt=\"\" width=\"525\" height=\"350\" srcset=\"https:\/\/www.tecdmx.org.mx\/wp-content\/uploads\/2018\/11\/Modulo_5_Diplomado_en_Proteccion_de_Datos_Personales_6a-375x250.jpg 375w, https:\/\/www.tecdmx.org.mx\/wp-content\/uploads\/2018\/11\/Modulo_5_Diplomado_en_Proteccion_de_Datos_Personales_6a-525x350.jpg 525w, https:\/\/www.tecdmx.org.mx\/wp-content\/uploads\/2018\/11\/Modulo_5_Diplomado_en_Proteccion_de_Datos_Personales_6a.jpg 600w\" sizes=\"(max-width: 525px) 100vw, 525px\" \/><\/p>\n<p>&nbsp;<\/p>\n","protected":false},"excerpt":{"rendered":"<p>El Magistrado Presidente Gustavo Anzaldo Hern\u00e1ndez entreg\u00f3 reconocimiento por impartir el 5o. M\u00f3dulo del &#8220;Diplomado en Protecci\u00f3n de Datos Personales. Una Visi\u00f3n Global para la Justicia Electoral&#8221; al Lic. Alejandro Torres Rogelio, quien fue Comisionado Ciudadano del Instituto de Acceso a la Informaci\u00f3n P\u00fablica y Protecci\u00f3n de Datos Personales del Distrito Federal (InfoDF) .<\/p>\n","protected":false},"author":13,"featured_media":5162,"comment_status":"open","ping_status":"open","sticky":false,"template":"","format":"standard","meta":{"_acf_changed":false,"_exactmetrics_skip_tracking":false,"_exactmetrics_sitenote_active":false,"_exactmetrics_sitenote_note":"","_exactmetrics_sitenote_category":0,"footnotes":""},"categories":[47,40],"tags":[],"acf":[],"yoast_head":"<!-- This site is optimized with the Yoast SEO plugin v22.3 - https:\/\/yoast.com\/wordpress\/plugins\/seo\/ -->\n<title>M\u00f3dulo 5. Diplomado en Protecci\u00f3n de Datos Personales - Tribunal Electoral de la Ciudad de M\u00e9xico<\/title>\n<meta name=\"robots\" content=\"index, follow, max-snippet:-1, max-image-preview:large, max-video-preview:-1\" \/>\n<link rel=\"canonical\" href=\"https:\/\/www.tecdmx.org.mx\/index.php\/destacados\/2018\/11\/07\/modulo-5-diplomado-en-proteccion-de-datos-personales\/\" \/>\n<meta property=\"og:locale\" content=\"es_ES\" \/>\n<meta property=\"og:type\" content=\"article\" \/>\n<meta property=\"og:title\" content=\"M\u00f3dulo 5. Diplomado en Protecci\u00f3n de Datos Personales - Tribunal Electoral de la Ciudad de M\u00e9xico\" \/>\n<meta property=\"og:description\" content=\"El Magistrado Presidente Gustavo Anzaldo Hern\u00e1ndez entreg\u00f3 reconocimiento por impartir el 5o. M\u00f3dulo del &quot;Diplomado en Protecci\u00f3n de Datos Personales. Una Visi\u00f3n Global para la Justicia Electoral&quot; al Lic. Alejandro Torres Rogelio, quien fue Comisionado Ciudadano del Instituto de Acceso a la Informaci\u00f3n P\u00fablica y Protecci\u00f3n de Datos Personales del Distrito Federal (InfoDF) .\" \/>\n<meta property=\"og:url\" content=\"https:\/\/www.tecdmx.org.mx\/index.php\/destacados\/2018\/11\/07\/modulo-5-diplomado-en-proteccion-de-datos-personales\/\" \/>\n<meta property=\"og:site_name\" content=\"Tribunal Electoral de la Ciudad de M\u00e9xico\" \/>\n<meta property=\"article:publisher\" content=\"https:\/\/www.facebook.com\/TECDMX\/\" \/>\n<meta property=\"article:published_time\" content=\"2018-11-07T18:44:00+00:00\" \/>\n<meta property=\"article:modified_time\" content=\"2018-11-22T19:01:32+00:00\" \/>\n<meta property=\"og:image\" content=\"https:\/\/www.tecdmx.org.mx\/wp-content\/uploads\/2018\/11\/Modulo_5_Diplomado_en_Proteccio\u0301n_de_Datos_Personales_1.jpg\" \/>\n\t<meta property=\"og:image:width\" content=\"995\" \/>\n\t<meta property=\"og:image:height\" content=\"502\" \/>\n\t<meta property=\"og:image:type\" content=\"image\/jpeg\" \/>\n<meta name=\"author\" content=\"Difusion2025\" \/>\n<meta name=\"twitter:card\" content=\"summary_large_image\" \/>\n<meta name=\"twitter:creator\" content=\"@tecdmx\" \/>\n<meta name=\"twitter:site\" content=\"@tecdmx\" \/>\n<meta name=\"twitter:label1\" content=\"Escrito por\" \/>\n\t<meta name=\"twitter:data1\" content=\"Difusion2025\" \/>\n\t<meta name=\"twitter:label2\" content=\"Tiempo de lectura\" \/>\n\t<meta name=\"twitter:data2\" content=\"1 minuto\" \/>\n<script type=\"application\/ld+json\" class=\"yoast-schema-graph\">{\"@context\":\"https:\/\/schema.org\",\"@graph\":[{\"@type\":\"WebPage\",\"@id\":\"https:\/\/www.tecdmx.org.mx\/index.php\/destacados\/2018\/11\/07\/modulo-5-diplomado-en-proteccion-de-datos-personales\/\",\"url\":\"https:\/\/www.tecdmx.org.mx\/index.php\/destacados\/2018\/11\/07\/modulo-5-diplomado-en-proteccion-de-datos-personales\/\",\"name\":\"M\u00f3dulo 5. Diplomado en Protecci\u00f3n de Datos Personales - Tribunal Electoral de la Ciudad de M\u00e9xico\",\"isPartOf\":{\"@id\":\"https:\/\/www.tecdmx.org.mx\/#website\"},\"primaryImageOfPage\":{\"@id\":\"https:\/\/www.tecdmx.org.mx\/index.php\/destacados\/2018\/11\/07\/modulo-5-diplomado-en-proteccion-de-datos-personales\/#primaryimage\"},\"image\":{\"@id\":\"https:\/\/www.tecdmx.org.mx\/index.php\/destacados\/2018\/11\/07\/modulo-5-diplomado-en-proteccion-de-datos-personales\/#primaryimage\"},\"thumbnailUrl\":\"https:\/\/www.tecdmx.org.mx\/wp-content\/uploads\/2018\/11\/Modulo_5_Diplomado_en_Proteccio\u0301n_de_Datos_Personales_1.jpg\",\"datePublished\":\"2018-11-07T18:44:00+00:00\",\"dateModified\":\"2018-11-22T19:01:32+00:00\",\"author\":{\"@id\":\"https:\/\/www.tecdmx.org.mx\/#\/schema\/person\/208c898199fb3234203823c5f0cf31d6\"},\"breadcrumb\":{\"@id\":\"https:\/\/www.tecdmx.org.mx\/index.php\/destacados\/2018\/11\/07\/modulo-5-diplomado-en-proteccion-de-datos-personales\/#breadcrumb\"},\"inLanguage\":\"es\",\"potentialAction\":[{\"@type\":\"ReadAction\",\"target\":[\"https:\/\/www.tecdmx.org.mx\/index.php\/destacados\/2018\/11\/07\/modulo-5-diplomado-en-proteccion-de-datos-personales\/\"]}]},{\"@type\":\"ImageObject\",\"inLanguage\":\"es\",\"@id\":\"https:\/\/www.tecdmx.org.mx\/index.php\/destacados\/2018\/11\/07\/modulo-5-diplomado-en-proteccion-de-datos-personales\/#primaryimage\",\"url\":\"https:\/\/www.tecdmx.org.mx\/wp-content\/uploads\/2018\/11\/Modulo_5_Diplomado_en_Proteccio\u0301n_de_Datos_Personales_1.jpg\",\"contentUrl\":\"https:\/\/www.tecdmx.org.mx\/wp-content\/uploads\/2018\/11\/Modulo_5_Diplomado_en_Proteccio\u0301n_de_Datos_Personales_1.jpg\",\"width\":995,\"height\":502},{\"@type\":\"BreadcrumbList\",\"@id\":\"https:\/\/www.tecdmx.org.mx\/index.php\/destacados\/2018\/11\/07\/modulo-5-diplomado-en-proteccion-de-datos-personales\/#breadcrumb\",\"itemListElement\":[{\"@type\":\"ListItem\",\"position\":1,\"name\":\"Portada\",\"item\":\"https:\/\/www.tecdmx.org.mx\/\"},{\"@type\":\"ListItem\",\"position\":2,\"name\":\"M\u00f3dulo 5. Diplomado en Protecci\u00f3n de Datos Personales\"}]},{\"@type\":\"WebSite\",\"@id\":\"https:\/\/www.tecdmx.org.mx\/#website\",\"url\":\"https:\/\/www.tecdmx.org.mx\/\",\"name\":\"Tribunal Electoral de la Ciudad de M\u00e9xico\",\"description\":\"25 a\u00f1os garantizando justicia en tu elecci\u00f3n\",\"potentialAction\":[{\"@type\":\"SearchAction\",\"target\":{\"@type\":\"EntryPoint\",\"urlTemplate\":\"https:\/\/www.tecdmx.org.mx\/?s={search_term_string}\"},\"query-input\":\"required name=search_term_string\"}],\"inLanguage\":\"es\"},{\"@type\":\"Person\",\"@id\":\"https:\/\/www.tecdmx.org.mx\/#\/schema\/person\/208c898199fb3234203823c5f0cf31d6\",\"name\":\"Difusion2025\",\"image\":{\"@type\":\"ImageObject\",\"inLanguage\":\"es\",\"@id\":\"https:\/\/www.tecdmx.org.mx\/#\/schema\/person\/image\/\",\"url\":\"https:\/\/secure.gravatar.com\/avatar\/6f7a4ba3acb418040e90a2eb99b5df28?s=96&d=mm&r=g\",\"contentUrl\":\"https:\/\/secure.gravatar.com\/avatar\/6f7a4ba3acb418040e90a2eb99b5df28?s=96&d=mm&r=g\",\"caption\":\"Difusion2025\"}}]}<\/script>\n<!-- \/ Yoast SEO plugin. -->","yoast_head_json":{"title":"M\u00f3dulo 5. Diplomado en Protecci\u00f3n de Datos Personales - Tribunal Electoral de la Ciudad de M\u00e9xico","robots":{"index":"index","follow":"follow","max-snippet":"max-snippet:-1","max-image-preview":"max-image-preview:large","max-video-preview":"max-video-preview:-1"},"canonical":"https:\/\/www.tecdmx.org.mx\/index.php\/destacados\/2018\/11\/07\/modulo-5-diplomado-en-proteccion-de-datos-personales\/","og_locale":"es_ES","og_type":"article","og_title":"M\u00f3dulo 5. Diplomado en Protecci\u00f3n de Datos Personales - Tribunal Electoral de la Ciudad de M\u00e9xico","og_description":"El Magistrado Presidente Gustavo Anzaldo Hern\u00e1ndez entreg\u00f3 reconocimiento por impartir el 5o. M\u00f3dulo del \"Diplomado en Protecci\u00f3n de Datos Personales. Una Visi\u00f3n Global para la Justicia Electoral\" al Lic. Alejandro Torres Rogelio, quien fue Comisionado Ciudadano del Instituto de Acceso a la Informaci\u00f3n P\u00fablica y Protecci\u00f3n de Datos Personales del Distrito Federal (InfoDF) .","og_url":"https:\/\/www.tecdmx.org.mx\/index.php\/destacados\/2018\/11\/07\/modulo-5-diplomado-en-proteccion-de-datos-personales\/","og_site_name":"Tribunal Electoral de la Ciudad de M\u00e9xico","article_publisher":"https:\/\/www.facebook.com\/TECDMX\/","article_published_time":"2018-11-07T18:44:00+00:00","article_modified_time":"2018-11-22T19:01:32+00:00","og_image":[{"width":995,"height":502,"url":"https:\/\/www.tecdmx.org.mx\/wp-content\/uploads\/2018\/11\/Modulo_5_Diplomado_en_Proteccio\u0301n_de_Datos_Personales_1.jpg","type":"image\/jpeg"}],"author":"Difusion2025","twitter_card":"summary_large_image","twitter_creator":"@tecdmx","twitter_site":"@tecdmx","twitter_misc":{"Escrito por":"Difusion2025","Tiempo de lectura":"1 minuto"},"schema":{"@context":"https:\/\/schema.org","@graph":[{"@type":"WebPage","@id":"https:\/\/www.tecdmx.org.mx\/index.php\/destacados\/2018\/11\/07\/modulo-5-diplomado-en-proteccion-de-datos-personales\/","url":"https:\/\/www.tecdmx.org.mx\/index.php\/destacados\/2018\/11\/07\/modulo-5-diplomado-en-proteccion-de-datos-personales\/","name":"M\u00f3dulo 5. Diplomado en Protecci\u00f3n de Datos Personales - Tribunal Electoral de la Ciudad de M\u00e9xico","isPartOf":{"@id":"https:\/\/www.tecdmx.org.mx\/#website"},"primaryImageOfPage":{"@id":"https:\/\/www.tecdmx.org.mx\/index.php\/destacados\/2018\/11\/07\/modulo-5-diplomado-en-proteccion-de-datos-personales\/#primaryimage"},"image":{"@id":"https:\/\/www.tecdmx.org.mx\/index.php\/destacados\/2018\/11\/07\/modulo-5-diplomado-en-proteccion-de-datos-personales\/#primaryimage"},"thumbnailUrl":"https:\/\/www.tecdmx.org.mx\/wp-content\/uploads\/2018\/11\/Modulo_5_Diplomado_en_Proteccio\u0301n_de_Datos_Personales_1.jpg","datePublished":"2018-11-07T18:44:00+00:00","dateModified":"2018-11-22T19:01:32+00:00","author":{"@id":"https:\/\/www.tecdmx.org.mx\/#\/schema\/person\/208c898199fb3234203823c5f0cf31d6"},"breadcrumb":{"@id":"https:\/\/www.tecdmx.org.mx\/index.php\/destacados\/2018\/11\/07\/modulo-5-diplomado-en-proteccion-de-datos-personales\/#breadcrumb"},"inLanguage":"es","potentialAction":[{"@type":"ReadAction","target":["https:\/\/www.tecdmx.org.mx\/index.php\/destacados\/2018\/11\/07\/modulo-5-diplomado-en-proteccion-de-datos-personales\/"]}]},{"@type":"ImageObject","inLanguage":"es","@id":"https:\/\/www.tecdmx.org.mx\/index.php\/destacados\/2018\/11\/07\/modulo-5-diplomado-en-proteccion-de-datos-personales\/#primaryimage","url":"https:\/\/www.tecdmx.org.mx\/wp-content\/uploads\/2018\/11\/Modulo_5_Diplomado_en_Proteccio\u0301n_de_Datos_Personales_1.jpg","contentUrl":"https:\/\/www.tecdmx.org.mx\/wp-content\/uploads\/2018\/11\/Modulo_5_Diplomado_en_Proteccio\u0301n_de_Datos_Personales_1.jpg","width":995,"height":502},{"@type":"BreadcrumbList","@id":"https:\/\/www.tecdmx.org.mx\/index.php\/destacados\/2018\/11\/07\/modulo-5-diplomado-en-proteccion-de-datos-personales\/#breadcrumb","itemListElement":[{"@type":"ListItem","position":1,"name":"Portada","item":"https:\/\/www.tecdmx.org.mx\/"},{"@type":"ListItem","position":2,"name":"M\u00f3dulo 5. Diplomado en Protecci\u00f3n de Datos Personales"}]},{"@type":"WebSite","@id":"https:\/\/www.tecdmx.org.mx\/#website","url":"https:\/\/www.tecdmx.org.mx\/","name":"Tribunal Electoral de la Ciudad de M\u00e9xico","description":"25 a\u00f1os garantizando justicia en tu elecci\u00f3n","potentialAction":[{"@type":"SearchAction","target":{"@type":"EntryPoint","urlTemplate":"https:\/\/www.tecdmx.org.mx\/?s={search_term_string}"},"query-input":"required name=search_term_string"}],"inLanguage":"es"},{"@type":"Person","@id":"https:\/\/www.tecdmx.org.mx\/#\/schema\/person\/208c898199fb3234203823c5f0cf31d6","name":"Difusion2025","image":{"@type":"ImageObject","inLanguage":"es","@id":"https:\/\/www.tecdmx.org.mx\/#\/schema\/person\/image\/","url":"https:\/\/secure.gravatar.com\/avatar\/6f7a4ba3acb418040e90a2eb99b5df28?s=96&d=mm&r=g","contentUrl":"https:\/\/secure.gravatar.com\/avatar\/6f7a4ba3acb418040e90a2eb99b5df28?s=96&d=mm&r=g","caption":"Difusion2025"}}]}},"_links":{"self":[{"href":"https:\/\/www.tecdmx.org.mx\/index.php\/wp-json\/wp\/v2\/posts\/5161"}],"collection":[{"href":"https:\/\/www.tecdmx.org.mx\/index.php\/wp-json\/wp\/v2\/posts"}],"about":[{"href":"https:\/\/www.tecdmx.org.mx\/index.php\/wp-json\/wp\/v2\/types\/post"}],"author":[{"embeddable":true,"href":"https:\/\/www.tecdmx.org.mx\/index.php\/wp-json\/wp\/v2\/users\/13"}],"replies":[{"embeddable":true,"href":"https:\/\/www.tecdmx.org.mx\/index.php\/wp-json\/wp\/v2\/comments?post=5161"}],"version-history":[{"count":1,"href":"https:\/\/www.tecdmx.org.mx\/index.php\/wp-json\/wp\/v2\/posts\/5161\/revisions"}],"predecessor-version":[{"id":5167,"href":"https:\/\/www.tecdmx.org.mx\/index.php\/wp-json\/wp\/v2\/posts\/5161\/revisions\/5167"}],"wp:featuredmedia":[{"embeddable":true,"href":"https:\/\/www.tecdmx.org.mx\/index.php\/wp-json\/wp\/v2\/media\/5162"}],"wp:attachment":[{"href":"https:\/\/www.tecdmx.org.mx\/index.php\/wp-json\/wp\/v2\/media?parent=5161"}],"wp:term":[{"taxonomy":"category","embeddable":true,"href":"https:\/\/www.tecdmx.org.mx\/index.php\/wp-json\/wp\/v2\/categories?post=5161"},{"taxonomy":"post_tag","embeddable":true,"href":"https:\/\/www.tecdmx.org.mx\/index.php\/wp-json\/wp\/v2\/tags?post=5161"}],"curies":[{"name":"wp","href":"https:\/\/api.w.org\/{rel}","templated":true}]}}