{"id":5174,"date":"2018-11-06T19:18:19","date_gmt":"2018-11-06T19:18:19","guid":{"rendered":"http:\/\/www2.tecdmx.org.mx\/?p=5174"},"modified":"2018-11-22T19:26:59","modified_gmt":"2018-11-22T19:26:59","slug":"segundo-dia-de-actividades-encuentro-regional-de-tribunales-e-institutos-electorales","status":"publish","type":"post","link":"https:\/\/www.tecdmx.org.mx\/index.php\/destacados\/2018\/11\/06\/segundo-dia-de-actividades-encuentro-regional-de-tribunales-e-institutos-electorales\/","title":{"rendered":"Segundo d\u00eda de actividades. Encuentro Regional de Tribunales e Institutos Electorales."},"content":{"rendered":"<p>Durante el segundo d\u00eda de trabajo en el Encuentro Regional de Tribunales e Institutos Electorales, Cuarta Circunscripci\u00f3n, el Magistrado Presidente Gustavo Anzaldo Hern\u00e1ndez, las Magistradas M. Alejandra Ch\u00e1vez Camarena y Martha Leticia Mercado Ram\u00edrez, as\u00ed como el Magistrado Armando Hern\u00e1ndez Cruz participan en las mesas de an\u00e1lisis sobre sentencias emitidas en el Proceso Electoral.<\/p>\n<p><img loading=\"lazy\" decoding=\"async\" class=\"aligncenter wp-image-5179 size-large\" src=\"https:\/\/www.tecdmx.org.mx\/wp-content\/uploads\/2018\/11\/Segundo_dia_de_actividades_Encuentro_Regional_de_Tribunales_e_Institutos_Electorales_grupal-570x350.jpg\" alt=\"\" width=\"570\" height=\"350\" srcset=\"https:\/\/www.tecdmx.org.mx\/wp-content\/uploads\/2018\/11\/Segundo_dia_de_actividades_Encuentro_Regional_de_Tribunales_e_Institutos_Electorales_grupal-407x250.jpg 407w, https:\/\/www.tecdmx.org.mx\/wp-content\/uploads\/2018\/11\/Segundo_dia_de_actividades_Encuentro_Regional_de_Tribunales_e_Institutos_Electorales_grupal-768x472.jpg 768w, https:\/\/www.tecdmx.org.mx\/wp-content\/uploads\/2018\/11\/Segundo_dia_de_actividades_Encuentro_Regional_de_Tribunales_e_Institutos_Electorales_grupal-570x350.jpg 570w, https:\/\/www.tecdmx.org.mx\/wp-content\/uploads\/2018\/11\/Segundo_dia_de_actividades_Encuentro_Regional_de_Tribunales_e_Institutos_Electorales_grupal.jpg 1259w\" sizes=\"(max-width: 570px) 100vw, 570px\" \/><\/p>\n<figure id=\"attachment_5175\" aria-describedby=\"caption-attachment-5175\" style=\"width: 461px\" class=\"wp-caption aligncenter\"><img loading=\"lazy\" decoding=\"async\" class=\"wp-image-5175 size-large\" src=\"https:\/\/www.tecdmx.org.mx\/wp-content\/uploads\/2018\/11\/Segundo_dia_de_actividades_Encuentro_Regional_de_Tribunales_e_Institutos_Electorales_01-461x350.jpg\" alt=\"\" width=\"461\" height=\"350\" srcset=\"https:\/\/www.tecdmx.org.mx\/wp-content\/uploads\/2018\/11\/Segundo_dia_de_actividades_Encuentro_Regional_de_Tribunales_e_Institutos_Electorales_01-330x250.jpg 330w, https:\/\/www.tecdmx.org.mx\/wp-content\/uploads\/2018\/11\/Segundo_dia_de_actividades_Encuentro_Regional_de_Tribunales_e_Institutos_Electorales_01-768x583.jpg 768w, https:\/\/www.tecdmx.org.mx\/wp-content\/uploads\/2018\/11\/Segundo_dia_de_actividades_Encuentro_Regional_de_Tribunales_e_Institutos_Electorales_01-461x350.jpg 461w, https:\/\/www.tecdmx.org.mx\/wp-content\/uploads\/2018\/11\/Segundo_dia_de_actividades_Encuentro_Regional_de_Tribunales_e_Institutos_Electorales_01.jpg 853w\" sizes=\"(max-width: 461px) 100vw, 461px\" \/><figcaption id=\"caption-attachment-5175\" class=\"wp-caption-text\">Magistrado Presidente Gustavo Anzaldo Hern\u00e1ndez<\/figcaption><\/figure>\n<figure id=\"attachment_5176\" aria-describedby=\"caption-attachment-5176\" style=\"width: 525px\" class=\"wp-caption aligncenter\"><img loading=\"lazy\" decoding=\"async\" class=\"wp-image-5176 size-large\" src=\"https:\/\/www.tecdmx.org.mx\/wp-content\/uploads\/2018\/11\/Segundo_dia_de_actividades_Encuentro_Regional_de_Tribunales_e_Institutos_Electorales_02-525x350.jpg\" alt=\"\" width=\"525\" height=\"350\" srcset=\"https:\/\/www.tecdmx.org.mx\/wp-content\/uploads\/2018\/11\/Segundo_dia_de_actividades_Encuentro_Regional_de_Tribunales_e_Institutos_Electorales_02-375x250.jpg 375w, https:\/\/www.tecdmx.org.mx\/wp-content\/uploads\/2018\/11\/Segundo_dia_de_actividades_Encuentro_Regional_de_Tribunales_e_Institutos_Electorales_02-768x512.jpg 768w, https:\/\/www.tecdmx.org.mx\/wp-content\/uploads\/2018\/11\/Segundo_dia_de_actividades_Encuentro_Regional_de_Tribunales_e_Institutos_Electorales_02-525x350.jpg 525w, https:\/\/www.tecdmx.org.mx\/wp-content\/uploads\/2018\/11\/Segundo_dia_de_actividades_Encuentro_Regional_de_Tribunales_e_Institutos_Electorales_02.jpg 1024w\" sizes=\"(max-width: 525px) 100vw, 525px\" \/><figcaption id=\"caption-attachment-5176\" class=\"wp-caption-text\">Magistrada M. Alejandra Ch\u00e1vez Camarena<\/figcaption><\/figure>\n<figure id=\"attachment_5177\" aria-describedby=\"caption-attachment-5177\" style=\"width: 512px\" class=\"wp-caption aligncenter\"><img loading=\"lazy\" decoding=\"async\" class=\"wp-image-5177 size-large\" src=\"https:\/\/www.tecdmx.org.mx\/wp-content\/uploads\/2018\/11\/Segundo_dia_de_actividades_Encuentro_Regional_de_Tribunales_e_Institutos_Electorales_03-512x350.jpg\" alt=\"\" width=\"512\" height=\"350\" srcset=\"https:\/\/www.tecdmx.org.mx\/wp-content\/uploads\/2018\/11\/Segundo_dia_de_actividades_Encuentro_Regional_de_Tribunales_e_Institutos_Electorales_03-366x250.jpg 366w, https:\/\/www.tecdmx.org.mx\/wp-content\/uploads\/2018\/11\/Segundo_dia_de_actividades_Encuentro_Regional_de_Tribunales_e_Institutos_Electorales_03-768x525.jpg 768w, https:\/\/www.tecdmx.org.mx\/wp-content\/uploads\/2018\/11\/Segundo_dia_de_actividades_Encuentro_Regional_de_Tribunales_e_Institutos_Electorales_03-512x350.jpg 512w, https:\/\/www.tecdmx.org.mx\/wp-content\/uploads\/2018\/11\/Segundo_dia_de_actividades_Encuentro_Regional_de_Tribunales_e_Institutos_Electorales_03.jpg 935w\" sizes=\"(max-width: 512px) 100vw, 512px\" \/><figcaption id=\"caption-attachment-5177\" class=\"wp-caption-text\">Magistrado Armando Hern\u00e1ndez Cruz<\/figcaption><\/figure>\n<figure id=\"attachment_5178\" aria-describedby=\"caption-attachment-5178\" style=\"width: 521px\" class=\"wp-caption aligncenter\"><img loading=\"lazy\" decoding=\"async\" class=\"wp-image-5178 size-large\" src=\"https:\/\/www.tecdmx.org.mx\/wp-content\/uploads\/2018\/11\/Segundo_dia_de_actividades_Encuentro_Regional_de_Tribunales_e_Institutos_Electorales_04-521x350.jpg\" alt=\"\" width=\"521\" height=\"350\" srcset=\"https:\/\/www.tecdmx.org.mx\/wp-content\/uploads\/2018\/11\/Segundo_dia_de_actividades_Encuentro_Regional_de_Tribunales_e_Institutos_Electorales_04-372x250.jpg 372w, https:\/\/www.tecdmx.org.mx\/wp-content\/uploads\/2018\/11\/Segundo_dia_de_actividades_Encuentro_Regional_de_Tribunales_e_Institutos_Electorales_04-768x516.jpg 768w, https:\/\/www.tecdmx.org.mx\/wp-content\/uploads\/2018\/11\/Segundo_dia_de_actividades_Encuentro_Regional_de_Tribunales_e_Institutos_Electorales_04-521x350.jpg 521w, https:\/\/www.tecdmx.org.mx\/wp-content\/uploads\/2018\/11\/Segundo_dia_de_actividades_Encuentro_Regional_de_Tribunales_e_Institutos_Electorales_04.jpg 850w\" sizes=\"(max-width: 521px) 100vw, 521px\" \/><figcaption id=\"caption-attachment-5178\" class=\"wp-caption-text\">Magistrada Martha Leticia Mercado Ram\u00edrez<\/figcaption><\/figure>\n<p>&nbsp;<\/p>\n","protected":false},"excerpt":{"rendered":"<p>Durante el segundo d\u00eda de trabajo en el Encuentro Regional de Tribunales e Institutos Electorales, Cuarta Circunscripci\u00f3n, el Magistrado Presidente Gustavo Anzaldo Hern\u00e1ndez, las Magistradas M. Alejandra Ch\u00e1vez Camarena y Martha Leticia Mercado Ram\u00edrez, as\u00ed como el Magistrado Armando Hern\u00e1ndez Cruz participan en las mesas de an\u00e1lisis sobre sentencias emitidas en el Proceso Electoral.<\/p>\n","protected":false},"author":13,"featured_media":5179,"comment_status":"open","ping_status":"open","sticky":false,"template":"","format":"standard","meta":{"_acf_changed":false,"_exactmetrics_skip_tracking":false,"_exactmetrics_sitenote_active":false,"_exactmetrics_sitenote_note":"","_exactmetrics_sitenote_category":0,"footnotes":""},"categories":[47,40],"tags":[],"acf":[],"yoast_head":"<!-- This site is optimized with the Yoast SEO plugin v22.3 - https:\/\/yoast.com\/wordpress\/plugins\/seo\/ -->\n<title>Segundo d\u00eda de actividades. Encuentro Regional de Tribunales e Institutos Electorales. - Tribunal Electoral de la Ciudad de M\u00e9xico<\/title>\n<meta name=\"robots\" content=\"index, follow, max-snippet:-1, max-image-preview:large, max-video-preview:-1\" \/>\n<link rel=\"canonical\" href=\"https:\/\/www.tecdmx.org.mx\/index.php\/destacados\/2018\/11\/06\/segundo-dia-de-actividades-encuentro-regional-de-tribunales-e-institutos-electorales\/\" \/>\n<meta property=\"og:locale\" content=\"es_ES\" \/>\n<meta property=\"og:type\" content=\"article\" \/>\n<meta property=\"og:title\" content=\"Segundo d\u00eda de actividades. Encuentro Regional de Tribunales e Institutos Electorales. - Tribunal Electoral de la Ciudad de M\u00e9xico\" \/>\n<meta property=\"og:description\" content=\"Durante el segundo d\u00eda de trabajo en el Encuentro Regional de Tribunales e Institutos Electorales, Cuarta Circunscripci\u00f3n, el Magistrado Presidente Gustavo Anzaldo Hern\u00e1ndez, las Magistradas M. Alejandra Ch\u00e1vez Camarena y Martha Leticia Mercado Ram\u00edrez, as\u00ed como el Magistrado Armando Hern\u00e1ndez Cruz participan en las mesas de an\u00e1lisis sobre sentencias emitidas en el Proceso Electoral.\" \/>\n<meta property=\"og:url\" content=\"https:\/\/www.tecdmx.org.mx\/index.php\/destacados\/2018\/11\/06\/segundo-dia-de-actividades-encuentro-regional-de-tribunales-e-institutos-electorales\/\" \/>\n<meta property=\"og:site_name\" content=\"Tribunal Electoral de la Ciudad de M\u00e9xico\" \/>\n<meta property=\"article:publisher\" content=\"https:\/\/www.facebook.com\/TECDMX\/\" \/>\n<meta property=\"article:published_time\" content=\"2018-11-06T19:18:19+00:00\" \/>\n<meta property=\"article:modified_time\" content=\"2018-11-22T19:26:59+00:00\" \/>\n<meta property=\"og:image\" content=\"https:\/\/www.tecdmx.org.mx\/wp-content\/uploads\/2018\/11\/Segundo_dia_de_actividades_Encuentro_Regional_de_Tribunales_e_Institutos_Electorales_grupal.jpg\" \/>\n\t<meta property=\"og:image:width\" content=\"1259\" \/>\n\t<meta property=\"og:image:height\" content=\"773\" \/>\n\t<meta property=\"og:image:type\" content=\"image\/jpeg\" \/>\n<meta name=\"author\" content=\"Difusion2025\" \/>\n<meta name=\"twitter:card\" content=\"summary_large_image\" \/>\n<meta name=\"twitter:creator\" content=\"@tecdmx\" \/>\n<meta name=\"twitter:site\" content=\"@tecdmx\" \/>\n<meta name=\"twitter:label1\" content=\"Escrito por\" \/>\n\t<meta name=\"twitter:data1\" content=\"Difusion2025\" \/>\n\t<meta name=\"twitter:label2\" content=\"Tiempo de lectura\" \/>\n\t<meta name=\"twitter:data2\" content=\"1 minuto\" \/>\n<script type=\"application\/ld+json\" class=\"yoast-schema-graph\">{\"@context\":\"https:\/\/schema.org\",\"@graph\":[{\"@type\":\"WebPage\",\"@id\":\"https:\/\/www.tecdmx.org.mx\/index.php\/destacados\/2018\/11\/06\/segundo-dia-de-actividades-encuentro-regional-de-tribunales-e-institutos-electorales\/\",\"url\":\"https:\/\/www.tecdmx.org.mx\/index.php\/destacados\/2018\/11\/06\/segundo-dia-de-actividades-encuentro-regional-de-tribunales-e-institutos-electorales\/\",\"name\":\"Segundo d\u00eda de actividades. Encuentro Regional de Tribunales e Institutos Electorales. - Tribunal Electoral de la Ciudad de M\u00e9xico\",\"isPartOf\":{\"@id\":\"https:\/\/www.tecdmx.org.mx\/#website\"},\"primaryImageOfPage\":{\"@id\":\"https:\/\/www.tecdmx.org.mx\/index.php\/destacados\/2018\/11\/06\/segundo-dia-de-actividades-encuentro-regional-de-tribunales-e-institutos-electorales\/#primaryimage\"},\"image\":{\"@id\":\"https:\/\/www.tecdmx.org.mx\/index.php\/destacados\/2018\/11\/06\/segundo-dia-de-actividades-encuentro-regional-de-tribunales-e-institutos-electorales\/#primaryimage\"},\"thumbnailUrl\":\"https:\/\/www.tecdmx.org.mx\/wp-content\/uploads\/2018\/11\/Segundo_dia_de_actividades_Encuentro_Regional_de_Tribunales_e_Institutos_Electorales_grupal.jpg\",\"datePublished\":\"2018-11-06T19:18:19+00:00\",\"dateModified\":\"2018-11-22T19:26:59+00:00\",\"author\":{\"@id\":\"https:\/\/www.tecdmx.org.mx\/#\/schema\/person\/208c898199fb3234203823c5f0cf31d6\"},\"breadcrumb\":{\"@id\":\"https:\/\/www.tecdmx.org.mx\/index.php\/destacados\/2018\/11\/06\/segundo-dia-de-actividades-encuentro-regional-de-tribunales-e-institutos-electorales\/#breadcrumb\"},\"inLanguage\":\"es\",\"potentialAction\":[{\"@type\":\"ReadAction\",\"target\":[\"https:\/\/www.tecdmx.org.mx\/index.php\/destacados\/2018\/11\/06\/segundo-dia-de-actividades-encuentro-regional-de-tribunales-e-institutos-electorales\/\"]}]},{\"@type\":\"ImageObject\",\"inLanguage\":\"es\",\"@id\":\"https:\/\/www.tecdmx.org.mx\/index.php\/destacados\/2018\/11\/06\/segundo-dia-de-actividades-encuentro-regional-de-tribunales-e-institutos-electorales\/#primaryimage\",\"url\":\"https:\/\/www.tecdmx.org.mx\/wp-content\/uploads\/2018\/11\/Segundo_dia_de_actividades_Encuentro_Regional_de_Tribunales_e_Institutos_Electorales_grupal.jpg\",\"contentUrl\":\"https:\/\/www.tecdmx.org.mx\/wp-content\/uploads\/2018\/11\/Segundo_dia_de_actividades_Encuentro_Regional_de_Tribunales_e_Institutos_Electorales_grupal.jpg\",\"width\":1259,\"height\":773},{\"@type\":\"BreadcrumbList\",\"@id\":\"https:\/\/www.tecdmx.org.mx\/index.php\/destacados\/2018\/11\/06\/segundo-dia-de-actividades-encuentro-regional-de-tribunales-e-institutos-electorales\/#breadcrumb\",\"itemListElement\":[{\"@type\":\"ListItem\",\"position\":1,\"name\":\"Portada\",\"item\":\"https:\/\/www.tecdmx.org.mx\/\"},{\"@type\":\"ListItem\",\"position\":2,\"name\":\"Segundo d\u00eda de actividades. Encuentro Regional de Tribunales e Institutos Electorales.\"}]},{\"@type\":\"WebSite\",\"@id\":\"https:\/\/www.tecdmx.org.mx\/#website\",\"url\":\"https:\/\/www.tecdmx.org.mx\/\",\"name\":\"Tribunal Electoral de la Ciudad de M\u00e9xico\",\"description\":\"25 a\u00f1os garantizando justicia en tu elecci\u00f3n\",\"potentialAction\":[{\"@type\":\"SearchAction\",\"target\":{\"@type\":\"EntryPoint\",\"urlTemplate\":\"https:\/\/www.tecdmx.org.mx\/?s={search_term_string}\"},\"query-input\":\"required name=search_term_string\"}],\"inLanguage\":\"es\"},{\"@type\":\"Person\",\"@id\":\"https:\/\/www.tecdmx.org.mx\/#\/schema\/person\/208c898199fb3234203823c5f0cf31d6\",\"name\":\"Difusion2025\",\"image\":{\"@type\":\"ImageObject\",\"inLanguage\":\"es\",\"@id\":\"https:\/\/www.tecdmx.org.mx\/#\/schema\/person\/image\/\",\"url\":\"https:\/\/secure.gravatar.com\/avatar\/6f7a4ba3acb418040e90a2eb99b5df28?s=96&d=mm&r=g\",\"contentUrl\":\"https:\/\/secure.gravatar.com\/avatar\/6f7a4ba3acb418040e90a2eb99b5df28?s=96&d=mm&r=g\",\"caption\":\"Difusion2025\"}}]}<\/script>\n<!-- \/ Yoast SEO plugin. -->","yoast_head_json":{"title":"Segundo d\u00eda de actividades. Encuentro Regional de Tribunales e Institutos Electorales. - Tribunal Electoral de la Ciudad de M\u00e9xico","robots":{"index":"index","follow":"follow","max-snippet":"max-snippet:-1","max-image-preview":"max-image-preview:large","max-video-preview":"max-video-preview:-1"},"canonical":"https:\/\/www.tecdmx.org.mx\/index.php\/destacados\/2018\/11\/06\/segundo-dia-de-actividades-encuentro-regional-de-tribunales-e-institutos-electorales\/","og_locale":"es_ES","og_type":"article","og_title":"Segundo d\u00eda de actividades. Encuentro Regional de Tribunales e Institutos Electorales. - Tribunal Electoral de la Ciudad de M\u00e9xico","og_description":"Durante el segundo d\u00eda de trabajo en el Encuentro Regional de Tribunales e Institutos Electorales, Cuarta Circunscripci\u00f3n, el Magistrado Presidente Gustavo Anzaldo Hern\u00e1ndez, las Magistradas M. Alejandra Ch\u00e1vez Camarena y Martha Leticia Mercado Ram\u00edrez, as\u00ed como el Magistrado Armando Hern\u00e1ndez Cruz participan en las mesas de an\u00e1lisis sobre sentencias emitidas en el Proceso Electoral.","og_url":"https:\/\/www.tecdmx.org.mx\/index.php\/destacados\/2018\/11\/06\/segundo-dia-de-actividades-encuentro-regional-de-tribunales-e-institutos-electorales\/","og_site_name":"Tribunal Electoral de la Ciudad de M\u00e9xico","article_publisher":"https:\/\/www.facebook.com\/TECDMX\/","article_published_time":"2018-11-06T19:18:19+00:00","article_modified_time":"2018-11-22T19:26:59+00:00","og_image":[{"width":1259,"height":773,"url":"https:\/\/www.tecdmx.org.mx\/wp-content\/uploads\/2018\/11\/Segundo_dia_de_actividades_Encuentro_Regional_de_Tribunales_e_Institutos_Electorales_grupal.jpg","type":"image\/jpeg"}],"author":"Difusion2025","twitter_card":"summary_large_image","twitter_creator":"@tecdmx","twitter_site":"@tecdmx","twitter_misc":{"Escrito por":"Difusion2025","Tiempo de lectura":"1 minuto"},"schema":{"@context":"https:\/\/schema.org","@graph":[{"@type":"WebPage","@id":"https:\/\/www.tecdmx.org.mx\/index.php\/destacados\/2018\/11\/06\/segundo-dia-de-actividades-encuentro-regional-de-tribunales-e-institutos-electorales\/","url":"https:\/\/www.tecdmx.org.mx\/index.php\/destacados\/2018\/11\/06\/segundo-dia-de-actividades-encuentro-regional-de-tribunales-e-institutos-electorales\/","name":"Segundo d\u00eda de actividades. Encuentro Regional de Tribunales e Institutos Electorales. - Tribunal Electoral de la Ciudad de M\u00e9xico","isPartOf":{"@id":"https:\/\/www.tecdmx.org.mx\/#website"},"primaryImageOfPage":{"@id":"https:\/\/www.tecdmx.org.mx\/index.php\/destacados\/2018\/11\/06\/segundo-dia-de-actividades-encuentro-regional-de-tribunales-e-institutos-electorales\/#primaryimage"},"image":{"@id":"https:\/\/www.tecdmx.org.mx\/index.php\/destacados\/2018\/11\/06\/segundo-dia-de-actividades-encuentro-regional-de-tribunales-e-institutos-electorales\/#primaryimage"},"thumbnailUrl":"https:\/\/www.tecdmx.org.mx\/wp-content\/uploads\/2018\/11\/Segundo_dia_de_actividades_Encuentro_Regional_de_Tribunales_e_Institutos_Electorales_grupal.jpg","datePublished":"2018-11-06T19:18:19+00:00","dateModified":"2018-11-22T19:26:59+00:00","author":{"@id":"https:\/\/www.tecdmx.org.mx\/#\/schema\/person\/208c898199fb3234203823c5f0cf31d6"},"breadcrumb":{"@id":"https:\/\/www.tecdmx.org.mx\/index.php\/destacados\/2018\/11\/06\/segundo-dia-de-actividades-encuentro-regional-de-tribunales-e-institutos-electorales\/#breadcrumb"},"inLanguage":"es","potentialAction":[{"@type":"ReadAction","target":["https:\/\/www.tecdmx.org.mx\/index.php\/destacados\/2018\/11\/06\/segundo-dia-de-actividades-encuentro-regional-de-tribunales-e-institutos-electorales\/"]}]},{"@type":"ImageObject","inLanguage":"es","@id":"https:\/\/www.tecdmx.org.mx\/index.php\/destacados\/2018\/11\/06\/segundo-dia-de-actividades-encuentro-regional-de-tribunales-e-institutos-electorales\/#primaryimage","url":"https:\/\/www.tecdmx.org.mx\/wp-content\/uploads\/2018\/11\/Segundo_dia_de_actividades_Encuentro_Regional_de_Tribunales_e_Institutos_Electorales_grupal.jpg","contentUrl":"https:\/\/www.tecdmx.org.mx\/wp-content\/uploads\/2018\/11\/Segundo_dia_de_actividades_Encuentro_Regional_de_Tribunales_e_Institutos_Electorales_grupal.jpg","width":1259,"height":773},{"@type":"BreadcrumbList","@id":"https:\/\/www.tecdmx.org.mx\/index.php\/destacados\/2018\/11\/06\/segundo-dia-de-actividades-encuentro-regional-de-tribunales-e-institutos-electorales\/#breadcrumb","itemListElement":[{"@type":"ListItem","position":1,"name":"Portada","item":"https:\/\/www.tecdmx.org.mx\/"},{"@type":"ListItem","position":2,"name":"Segundo d\u00eda de actividades. Encuentro Regional de Tribunales e Institutos Electorales."}]},{"@type":"WebSite","@id":"https:\/\/www.tecdmx.org.mx\/#website","url":"https:\/\/www.tecdmx.org.mx\/","name":"Tribunal Electoral de la Ciudad de M\u00e9xico","description":"25 a\u00f1os garantizando justicia en tu elecci\u00f3n","potentialAction":[{"@type":"SearchAction","target":{"@type":"EntryPoint","urlTemplate":"https:\/\/www.tecdmx.org.mx\/?s={search_term_string}"},"query-input":"required name=search_term_string"}],"inLanguage":"es"},{"@type":"Person","@id":"https:\/\/www.tecdmx.org.mx\/#\/schema\/person\/208c898199fb3234203823c5f0cf31d6","name":"Difusion2025","image":{"@type":"ImageObject","inLanguage":"es","@id":"https:\/\/www.tecdmx.org.mx\/#\/schema\/person\/image\/","url":"https:\/\/secure.gravatar.com\/avatar\/6f7a4ba3acb418040e90a2eb99b5df28?s=96&d=mm&r=g","contentUrl":"https:\/\/secure.gravatar.com\/avatar\/6f7a4ba3acb418040e90a2eb99b5df28?s=96&d=mm&r=g","caption":"Difusion2025"}}]}},"_links":{"self":[{"href":"https:\/\/www.tecdmx.org.mx\/index.php\/wp-json\/wp\/v2\/posts\/5174"}],"collection":[{"href":"https:\/\/www.tecdmx.org.mx\/index.php\/wp-json\/wp\/v2\/posts"}],"about":[{"href":"https:\/\/www.tecdmx.org.mx\/index.php\/wp-json\/wp\/v2\/types\/post"}],"author":[{"embeddable":true,"href":"https:\/\/www.tecdmx.org.mx\/index.php\/wp-json\/wp\/v2\/users\/13"}],"replies":[{"embeddable":true,"href":"https:\/\/www.tecdmx.org.mx\/index.php\/wp-json\/wp\/v2\/comments?post=5174"}],"version-history":[{"count":1,"href":"https:\/\/www.tecdmx.org.mx\/index.php\/wp-json\/wp\/v2\/posts\/5174\/revisions"}],"predecessor-version":[{"id":5180,"href":"https:\/\/www.tecdmx.org.mx\/index.php\/wp-json\/wp\/v2\/posts\/5174\/revisions\/5180"}],"wp:featuredmedia":[{"embeddable":true,"href":"https:\/\/www.tecdmx.org.mx\/index.php\/wp-json\/wp\/v2\/media\/5179"}],"wp:attachment":[{"href":"https:\/\/www.tecdmx.org.mx\/index.php\/wp-json\/wp\/v2\/media?parent=5174"}],"wp:term":[{"taxonomy":"category","embeddable":true,"href":"https:\/\/www.tecdmx.org.mx\/index.php\/wp-json\/wp\/v2\/categories?post=5174"},{"taxonomy":"post_tag","embeddable":true,"href":"https:\/\/www.tecdmx.org.mx\/index.php\/wp-json\/wp\/v2\/tags?post=5174"}],"curies":[{"name":"wp","href":"https:\/\/api.w.org\/{rel}","templated":true}]}}