{"id":5253,"date":"2018-11-16T15:45:55","date_gmt":"2018-11-16T15:45:55","guid":{"rendered":"http:\/\/www2.tecdmx.org.mx\/?p=5253"},"modified":"2018-11-26T20:18:07","modified_gmt":"2018-11-26T20:18:07","slug":"busca-tecdmx-generar-mecanismos-que-mejoren-el-acceso-a-la-justicia-a-las-personas-con-alguna-discapacidad-auditiva","status":"publish","type":"post","link":"https:\/\/www.tecdmx.org.mx\/index.php\/comunicados\/2018\/11\/16\/busca-tecdmx-generar-mecanismos-que-mejoren-el-acceso-a-la-justicia-a-las-personas-con-alguna-discapacidad-auditiva\/","title":{"rendered":"Busca TECDMX generar mecanismos que mejoren el acceso a la justicia a las personas con alguna discapacidad auditiva"},"content":{"rendered":"<p style=\"text-align: right;\">Bolet\u00edn N\u00ba108<\/p>\n<ul>\n<li>El reto ser\u00e1 lograr que la justicia sea inclusiva y eliminar la discriminaci\u00f3n.<\/li>\n<li>El acceso por igual a la justicia ayudar\u00e1 a disminuir la brecha entre autoridades y ciudadanos.<\/li>\n<\/ul>\n<p>El Magistrado Presidente del Tribunal Electoral de la Ciudad de M\u00e9xico, Gustavo Anzaldo Hern\u00e1ndez afirm\u00f3 que la Lengua de\u00a0 Se\u00f1asMexicana es un mecanismo eficaz para que la ciudadan\u00eda tenga garantizado su derecho de acceso a la justicia.<\/p>\n<p>Al inaugurar el Tercer Taller Nacional de Profesionalizaci\u00f3n de los Servicios de Interpretaci\u00f3n en Lengua de Se\u00f1as Mexicana en el \u00c1mbito Jur\u00eddico en el TECDMX, Gustavo Anzaldo recalc\u00f3 que \u201cel lenguaje de se\u00f1as no solo favorece la comunicaci\u00f3n para quienes tienen alguna discapacidad, en la actualidad se nos presenta como una herramienta que favorece el acceso a distintos \u00e1mbitos de la justicia, particularmente el que a nosotros nos interesa es el acceso a la justicia a los medios de impugnaci\u00f3n del sistema electoral de nuestra Ciudad deM\u00e9xico\u201d.<\/p>\n<p>\u201cEn este tribunal electoral, -agreg\u00f3-, hemos tenido una pr\u00e1ctica para lograr un mayor acceso para todas las personas: que nuestras sentencias sean del conocimiento de toda la ciudadan\u00eda; pero tambi\u00e9n que sean m\u00e1s amigables, por decirlo de alguna manera\u201d.<br \/>\nAcompa\u00f1ado por la Magistrada del TECDMX Martha Mercado Ram\u00edrez, el Magistrado Presidente Gustavo Anzaldo Hern\u00e1ndez explic\u00f3 que se han implementado diversos mecanismos para lograrlo, desde una redacci\u00f3n m\u00e1s sencilla hasta tener en las sesiones p\u00fablicas personas que hacen la interpretaci\u00f3n en el lenguaje de se\u00f1as mexicanas.<\/p>\n<p>\u201cEs un avance importante que hemos tenido; pero, aunque suene trillado quisiera decir que nos falta mucho por hacer, todos los d\u00edas estamos tratando de idear nuevos mecanismos, intercambiamos puntos de vista y tambi\u00e9n vamos adoptando las medidas que han asumido otros tribunales hermanos y que nos sirven como referentes para mejorar nuestro trabajo jurisdiccional\u201d.<\/p>\n<p>Enfatiz\u00f3 que por ello la importancia del taller que se realiz\u00f3 este viernes en la sede de este \u00f3rgano Jurisdiccional, que se inscribe en una serie de talleres que iniciaron desde el pasado d\u00eda 14 de noviembre en la Sala Superior del Tribunal Electoral del Poder Judicial de la Federaci\u00f3n (TEPJF), posteriormente en el Tribunal Superior de Justicia de la Ciudad de M\u00e9xico y que continu\u00f3 el d\u00eda de hoy.<\/p>\n<p>El Dr. Clicerio Coello Garc\u00e9s, Visitado rJudicial del TEPJF, destac\u00f3 la importancia de que las instituciones generen v\u00edas de comunicaci\u00f3n universales que incluyan a todos los sectores de la ciudadan\u00eda, pues hasta ahora no se ha\u00a0 construido acci\u00f3n comunicativa en clave de universalidad.<\/p>\n<p>\u201cUno de los grupos que est\u00e1n excluidos son las personas con alguna discapacidad; porque s\u00ed tienen la condici\u00f3n de ciudadan\u00eda; pero lamentablemente no se han generado todas las condiciones necesarias para el ejercicio pleno de sus derechos en general y de sus derechos pol\u00edticos\u201d.<\/p>\n<p>Asimismo, destac\u00f3 la importancia del papel que juegan los int\u00e9rpretes para ayudar a las personas con alguna discapacidad. \u201cDebemos ver c\u00f3mo ayudar a construir protocolos y gu\u00edas de actuaci\u00f3n para la tutela de los derechos para acceder a un servicio p\u00fablico, o contar con informaci\u00f3n gubernamental y para la jurisdicci\u00f3n, y que est\u00e9n construidos a partir de elementos de colaboraci\u00f3n entre las autoridades y los expertos; y es ah\u00ed, donde los int\u00e9rpretes tienen un reto muy importante para que la funci\u00f3n del int\u00e9rprete no se agote \u00fanicamente en un momento procesal\u201d.<\/p>\n<p>En tanto, la Magistrada Martha Mercado fungi\u00f3 como moderadora de la Mesa de An\u00e1lisis denominada \u201cDiferencias, similitudes entre las y los int\u00e9rpretes de lenguas nacionales, as\u00ed como de lenguas extranjeras en los procesos judiciales\u201d, en donde subray\u00f3queestosforosyespaciosdediscusi\u00f3nsonsustancialesynecesariosparatener mejores herramientas en el acceso a la justicia de todos los sectores de la poblaci\u00f3n.<\/p>\n<p>Adem\u00e1s, record\u00f3 que la discapacidad no debe ser excepci\u00f3n para acceder a la justicia electoral, porque la justicia debe ser inclusiva y evitar la discriminaci\u00f3n.<\/p>\n<p>En el taller, el Magistrado David Avante Ju\u00e1rez, Magistrado de la Sala Regional Toluca del TEPJF ofreci\u00f3 la conferencia sobre \u201cElementos b\u00e1sicos del sistema de medios de impugnaci\u00f3n en materia electoral\u201d,y tambi\u00e9n estuvo presente la Magistrada del TEPJF, Mar\u00eda del Carmen Carre\u00f3n Castro. Adem\u00e1s, se brindaron conferencias con especialistas en materia de justicia electoral y abordaron diversos temas como derechos\u00a0 humanos, \u00e9tica, la visi\u00f3n desde los partidos pol\u00edticos y la inclusi\u00f3n de personas sordas en la sociedad.<\/p>\n<p>En el evento estuvieron presentes y participaron los representantes de la Academia Nacional de Lengua de Se\u00f1as, A.C (ANLS); la Coalici\u00f3n de las Personas Sordas de la Ciudad de M\u00e9xico (COAMEX); la Uni\u00f3n Nacional de Sordos de M\u00e9xico, A.C. (UNSM); Federaci\u00f3n Mexicana de Sordos de M\u00e9xico, A.C. (FEMESOR); as\u00ed como de la National Association of de Deaf (NAD); y World Association of the Deaf (WFD).<\/p>\n<p>Tambi\u00e9n asistieron personas j\u00f3venes e int\u00e9rpretes de distintas entidades del pa\u00eds como Jalisco, Guanajuato, Chihuahua, San Luis Potos\u00ed, Chiapas, Quintana Roo, Oaxaca, Estado de M\u00e9xico, Quer\u00e9taro y Baja California; y de pa\u00edses como Guatemala y Argentina.<\/p>\n<p style=\"text-align: center;\">o-O-o<\/p>\n","protected":false},"excerpt":{"rendered":"<p>Bolet\u00edn N\u00ba108 El reto ser\u00e1 lograr que la justicia sea inclusiva y eliminar la discriminaci\u00f3n. El acceso por igual a la justicia ayudar\u00e1 a disminuir la brecha entre autoridades y [&hellip;]<\/p>\n","protected":false},"author":13,"featured_media":3208,"comment_status":"open","ping_status":"open","sticky":false,"template":"","format":"standard","meta":{"_acf_changed":false,"_exactmetrics_skip_tracking":false,"_exactmetrics_sitenote_active":false,"_exactmetrics_sitenote_note":"","_exactmetrics_sitenote_category":0,"footnotes":""},"categories":[32,47],"tags":[],"acf":[],"yoast_head":"<!-- This site is optimized with the Yoast SEO plugin v22.3 - https:\/\/yoast.com\/wordpress\/plugins\/seo\/ -->\n<title>Busca TECDMX generar mecanismos que mejoren el acceso a la justicia a las personas con alguna discapacidad auditiva - Tribunal Electoral de la Ciudad de M\u00e9xico<\/title>\n<meta name=\"robots\" content=\"index, follow, max-snippet:-1, max-image-preview:large, max-video-preview:-1\" \/>\n<link rel=\"canonical\" href=\"https:\/\/www.tecdmx.org.mx\/index.php\/comunicados\/2018\/11\/16\/busca-tecdmx-generar-mecanismos-que-mejoren-el-acceso-a-la-justicia-a-las-personas-con-alguna-discapacidad-auditiva\/\" \/>\n<meta property=\"og:locale\" content=\"es_ES\" \/>\n<meta property=\"og:type\" content=\"article\" \/>\n<meta property=\"og:title\" content=\"Busca TECDMX generar mecanismos que mejoren el acceso a la justicia a las personas con alguna discapacidad auditiva - Tribunal Electoral de la Ciudad de M\u00e9xico\" \/>\n<meta property=\"og:description\" content=\"Bolet\u00edn N\u00ba108 El reto ser\u00e1 lograr que la justicia sea inclusiva y eliminar la discriminaci\u00f3n. El acceso por igual a la justicia ayudar\u00e1 a disminuir la brecha entre autoridades y [&hellip;]\" \/>\n<meta property=\"og:url\" content=\"https:\/\/www.tecdmx.org.mx\/index.php\/comunicados\/2018\/11\/16\/busca-tecdmx-generar-mecanismos-que-mejoren-el-acceso-a-la-justicia-a-las-personas-con-alguna-discapacidad-auditiva\/\" \/>\n<meta property=\"og:site_name\" content=\"Tribunal Electoral de la Ciudad de M\u00e9xico\" \/>\n<meta property=\"article:publisher\" content=\"https:\/\/www.facebook.com\/TECDMX\/\" \/>\n<meta property=\"article:published_time\" content=\"2018-11-16T15:45:55+00:00\" \/>\n<meta property=\"article:modified_time\" content=\"2018-11-26T20:18:07+00:00\" \/>\n<meta property=\"og:image\" content=\"https:\/\/www.tecdmx.org.mx\/wp-content\/uploads\/2018\/07\/COMUNICADO.jpg\" \/>\n\t<meta property=\"og:image:width\" content=\"2247\" \/>\n\t<meta property=\"og:image:height\" content=\"1277\" \/>\n\t<meta property=\"og:image:type\" content=\"image\/jpeg\" \/>\n<meta name=\"author\" content=\"Difusion2025\" \/>\n<meta name=\"twitter:card\" content=\"summary_large_image\" \/>\n<meta name=\"twitter:creator\" content=\"@tecdmx\" \/>\n<meta name=\"twitter:site\" content=\"@tecdmx\" \/>\n<meta name=\"twitter:label1\" content=\"Escrito por\" \/>\n\t<meta name=\"twitter:data1\" content=\"Difusion2025\" \/>\n\t<meta name=\"twitter:label2\" content=\"Tiempo de lectura\" \/>\n\t<meta name=\"twitter:data2\" content=\"4 minutos\" \/>\n<script type=\"application\/ld+json\" class=\"yoast-schema-graph\">{\"@context\":\"https:\/\/schema.org\",\"@graph\":[{\"@type\":\"WebPage\",\"@id\":\"https:\/\/www.tecdmx.org.mx\/index.php\/comunicados\/2018\/11\/16\/busca-tecdmx-generar-mecanismos-que-mejoren-el-acceso-a-la-justicia-a-las-personas-con-alguna-discapacidad-auditiva\/\",\"url\":\"https:\/\/www.tecdmx.org.mx\/index.php\/comunicados\/2018\/11\/16\/busca-tecdmx-generar-mecanismos-que-mejoren-el-acceso-a-la-justicia-a-las-personas-con-alguna-discapacidad-auditiva\/\",\"name\":\"Busca TECDMX generar mecanismos que mejoren el acceso a la justicia a las personas con alguna discapacidad auditiva - Tribunal Electoral de la Ciudad de M\u00e9xico\",\"isPartOf\":{\"@id\":\"https:\/\/www.tecdmx.org.mx\/#website\"},\"primaryImageOfPage\":{\"@id\":\"https:\/\/www.tecdmx.org.mx\/index.php\/comunicados\/2018\/11\/16\/busca-tecdmx-generar-mecanismos-que-mejoren-el-acceso-a-la-justicia-a-las-personas-con-alguna-discapacidad-auditiva\/#primaryimage\"},\"image\":{\"@id\":\"https:\/\/www.tecdmx.org.mx\/index.php\/comunicados\/2018\/11\/16\/busca-tecdmx-generar-mecanismos-que-mejoren-el-acceso-a-la-justicia-a-las-personas-con-alguna-discapacidad-auditiva\/#primaryimage\"},\"thumbnailUrl\":\"https:\/\/www.tecdmx.org.mx\/wp-content\/uploads\/2018\/07\/COMUNICADO.jpg\",\"datePublished\":\"2018-11-16T15:45:55+00:00\",\"dateModified\":\"2018-11-26T20:18:07+00:00\",\"author\":{\"@id\":\"https:\/\/www.tecdmx.org.mx\/#\/schema\/person\/208c898199fb3234203823c5f0cf31d6\"},\"breadcrumb\":{\"@id\":\"https:\/\/www.tecdmx.org.mx\/index.php\/comunicados\/2018\/11\/16\/busca-tecdmx-generar-mecanismos-que-mejoren-el-acceso-a-la-justicia-a-las-personas-con-alguna-discapacidad-auditiva\/#breadcrumb\"},\"inLanguage\":\"es\",\"potentialAction\":[{\"@type\":\"ReadAction\",\"target\":[\"https:\/\/www.tecdmx.org.mx\/index.php\/comunicados\/2018\/11\/16\/busca-tecdmx-generar-mecanismos-que-mejoren-el-acceso-a-la-justicia-a-las-personas-con-alguna-discapacidad-auditiva\/\"]}]},{\"@type\":\"ImageObject\",\"inLanguage\":\"es\",\"@id\":\"https:\/\/www.tecdmx.org.mx\/index.php\/comunicados\/2018\/11\/16\/busca-tecdmx-generar-mecanismos-que-mejoren-el-acceso-a-la-justicia-a-las-personas-con-alguna-discapacidad-auditiva\/#primaryimage\",\"url\":\"https:\/\/www.tecdmx.org.mx\/wp-content\/uploads\/2018\/07\/COMUNICADO.jpg\",\"contentUrl\":\"https:\/\/www.tecdmx.org.mx\/wp-content\/uploads\/2018\/07\/COMUNICADO.jpg\",\"width\":2247,\"height\":1277},{\"@type\":\"BreadcrumbList\",\"@id\":\"https:\/\/www.tecdmx.org.mx\/index.php\/comunicados\/2018\/11\/16\/busca-tecdmx-generar-mecanismos-que-mejoren-el-acceso-a-la-justicia-a-las-personas-con-alguna-discapacidad-auditiva\/#breadcrumb\",\"itemListElement\":[{\"@type\":\"ListItem\",\"position\":1,\"name\":\"Portada\",\"item\":\"https:\/\/www.tecdmx.org.mx\/\"},{\"@type\":\"ListItem\",\"position\":2,\"name\":\"Busca TECDMX generar mecanismos que mejoren el acceso a la justicia a las personas con alguna discapacidad auditiva\"}]},{\"@type\":\"WebSite\",\"@id\":\"https:\/\/www.tecdmx.org.mx\/#website\",\"url\":\"https:\/\/www.tecdmx.org.mx\/\",\"name\":\"Tribunal Electoral de la Ciudad de M\u00e9xico\",\"description\":\"25 a\u00f1os garantizando justicia en tu elecci\u00f3n\",\"potentialAction\":[{\"@type\":\"SearchAction\",\"target\":{\"@type\":\"EntryPoint\",\"urlTemplate\":\"https:\/\/www.tecdmx.org.mx\/?s={search_term_string}\"},\"query-input\":\"required name=search_term_string\"}],\"inLanguage\":\"es\"},{\"@type\":\"Person\",\"@id\":\"https:\/\/www.tecdmx.org.mx\/#\/schema\/person\/208c898199fb3234203823c5f0cf31d6\",\"name\":\"Difusion2025\",\"image\":{\"@type\":\"ImageObject\",\"inLanguage\":\"es\",\"@id\":\"https:\/\/www.tecdmx.org.mx\/#\/schema\/person\/image\/\",\"url\":\"https:\/\/secure.gravatar.com\/avatar\/6f7a4ba3acb418040e90a2eb99b5df28?s=96&d=mm&r=g\",\"contentUrl\":\"https:\/\/secure.gravatar.com\/avatar\/6f7a4ba3acb418040e90a2eb99b5df28?s=96&d=mm&r=g\",\"caption\":\"Difusion2025\"}}]}<\/script>\n<!-- \/ Yoast SEO plugin. -->","yoast_head_json":{"title":"Busca TECDMX generar mecanismos que mejoren el acceso a la justicia a las personas con alguna discapacidad auditiva - Tribunal Electoral de la Ciudad de M\u00e9xico","robots":{"index":"index","follow":"follow","max-snippet":"max-snippet:-1","max-image-preview":"max-image-preview:large","max-video-preview":"max-video-preview:-1"},"canonical":"https:\/\/www.tecdmx.org.mx\/index.php\/comunicados\/2018\/11\/16\/busca-tecdmx-generar-mecanismos-que-mejoren-el-acceso-a-la-justicia-a-las-personas-con-alguna-discapacidad-auditiva\/","og_locale":"es_ES","og_type":"article","og_title":"Busca TECDMX generar mecanismos que mejoren el acceso a la justicia a las personas con alguna discapacidad auditiva - Tribunal Electoral de la Ciudad de M\u00e9xico","og_description":"Bolet\u00edn N\u00ba108 El reto ser\u00e1 lograr que la justicia sea inclusiva y eliminar la discriminaci\u00f3n. El acceso por igual a la justicia ayudar\u00e1 a disminuir la brecha entre autoridades y [&hellip;]","og_url":"https:\/\/www.tecdmx.org.mx\/index.php\/comunicados\/2018\/11\/16\/busca-tecdmx-generar-mecanismos-que-mejoren-el-acceso-a-la-justicia-a-las-personas-con-alguna-discapacidad-auditiva\/","og_site_name":"Tribunal Electoral de la Ciudad de M\u00e9xico","article_publisher":"https:\/\/www.facebook.com\/TECDMX\/","article_published_time":"2018-11-16T15:45:55+00:00","article_modified_time":"2018-11-26T20:18:07+00:00","og_image":[{"width":2247,"height":1277,"url":"https:\/\/www.tecdmx.org.mx\/wp-content\/uploads\/2018\/07\/COMUNICADO.jpg","type":"image\/jpeg"}],"author":"Difusion2025","twitter_card":"summary_large_image","twitter_creator":"@tecdmx","twitter_site":"@tecdmx","twitter_misc":{"Escrito por":"Difusion2025","Tiempo de lectura":"4 minutos"},"schema":{"@context":"https:\/\/schema.org","@graph":[{"@type":"WebPage","@id":"https:\/\/www.tecdmx.org.mx\/index.php\/comunicados\/2018\/11\/16\/busca-tecdmx-generar-mecanismos-que-mejoren-el-acceso-a-la-justicia-a-las-personas-con-alguna-discapacidad-auditiva\/","url":"https:\/\/www.tecdmx.org.mx\/index.php\/comunicados\/2018\/11\/16\/busca-tecdmx-generar-mecanismos-que-mejoren-el-acceso-a-la-justicia-a-las-personas-con-alguna-discapacidad-auditiva\/","name":"Busca TECDMX generar mecanismos que mejoren el acceso a la justicia a las personas con alguna discapacidad auditiva - Tribunal Electoral de la Ciudad de M\u00e9xico","isPartOf":{"@id":"https:\/\/www.tecdmx.org.mx\/#website"},"primaryImageOfPage":{"@id":"https:\/\/www.tecdmx.org.mx\/index.php\/comunicados\/2018\/11\/16\/busca-tecdmx-generar-mecanismos-que-mejoren-el-acceso-a-la-justicia-a-las-personas-con-alguna-discapacidad-auditiva\/#primaryimage"},"image":{"@id":"https:\/\/www.tecdmx.org.mx\/index.php\/comunicados\/2018\/11\/16\/busca-tecdmx-generar-mecanismos-que-mejoren-el-acceso-a-la-justicia-a-las-personas-con-alguna-discapacidad-auditiva\/#primaryimage"},"thumbnailUrl":"https:\/\/www.tecdmx.org.mx\/wp-content\/uploads\/2018\/07\/COMUNICADO.jpg","datePublished":"2018-11-16T15:45:55+00:00","dateModified":"2018-11-26T20:18:07+00:00","author":{"@id":"https:\/\/www.tecdmx.org.mx\/#\/schema\/person\/208c898199fb3234203823c5f0cf31d6"},"breadcrumb":{"@id":"https:\/\/www.tecdmx.org.mx\/index.php\/comunicados\/2018\/11\/16\/busca-tecdmx-generar-mecanismos-que-mejoren-el-acceso-a-la-justicia-a-las-personas-con-alguna-discapacidad-auditiva\/#breadcrumb"},"inLanguage":"es","potentialAction":[{"@type":"ReadAction","target":["https:\/\/www.tecdmx.org.mx\/index.php\/comunicados\/2018\/11\/16\/busca-tecdmx-generar-mecanismos-que-mejoren-el-acceso-a-la-justicia-a-las-personas-con-alguna-discapacidad-auditiva\/"]}]},{"@type":"ImageObject","inLanguage":"es","@id":"https:\/\/www.tecdmx.org.mx\/index.php\/comunicados\/2018\/11\/16\/busca-tecdmx-generar-mecanismos-que-mejoren-el-acceso-a-la-justicia-a-las-personas-con-alguna-discapacidad-auditiva\/#primaryimage","url":"https:\/\/www.tecdmx.org.mx\/wp-content\/uploads\/2018\/07\/COMUNICADO.jpg","contentUrl":"https:\/\/www.tecdmx.org.mx\/wp-content\/uploads\/2018\/07\/COMUNICADO.jpg","width":2247,"height":1277},{"@type":"BreadcrumbList","@id":"https:\/\/www.tecdmx.org.mx\/index.php\/comunicados\/2018\/11\/16\/busca-tecdmx-generar-mecanismos-que-mejoren-el-acceso-a-la-justicia-a-las-personas-con-alguna-discapacidad-auditiva\/#breadcrumb","itemListElement":[{"@type":"ListItem","position":1,"name":"Portada","item":"https:\/\/www.tecdmx.org.mx\/"},{"@type":"ListItem","position":2,"name":"Busca TECDMX generar mecanismos que mejoren el acceso a la justicia a las personas con alguna discapacidad auditiva"}]},{"@type":"WebSite","@id":"https:\/\/www.tecdmx.org.mx\/#website","url":"https:\/\/www.tecdmx.org.mx\/","name":"Tribunal Electoral de la Ciudad de M\u00e9xico","description":"25 a\u00f1os garantizando justicia en tu elecci\u00f3n","potentialAction":[{"@type":"SearchAction","target":{"@type":"EntryPoint","urlTemplate":"https:\/\/www.tecdmx.org.mx\/?s={search_term_string}"},"query-input":"required name=search_term_string"}],"inLanguage":"es"},{"@type":"Person","@id":"https:\/\/www.tecdmx.org.mx\/#\/schema\/person\/208c898199fb3234203823c5f0cf31d6","name":"Difusion2025","image":{"@type":"ImageObject","inLanguage":"es","@id":"https:\/\/www.tecdmx.org.mx\/#\/schema\/person\/image\/","url":"https:\/\/secure.gravatar.com\/avatar\/6f7a4ba3acb418040e90a2eb99b5df28?s=96&d=mm&r=g","contentUrl":"https:\/\/secure.gravatar.com\/avatar\/6f7a4ba3acb418040e90a2eb99b5df28?s=96&d=mm&r=g","caption":"Difusion2025"}}]}},"_links":{"self":[{"href":"https:\/\/www.tecdmx.org.mx\/index.php\/wp-json\/wp\/v2\/posts\/5253"}],"collection":[{"href":"https:\/\/www.tecdmx.org.mx\/index.php\/wp-json\/wp\/v2\/posts"}],"about":[{"href":"https:\/\/www.tecdmx.org.mx\/index.php\/wp-json\/wp\/v2\/types\/post"}],"author":[{"embeddable":true,"href":"https:\/\/www.tecdmx.org.mx\/index.php\/wp-json\/wp\/v2\/users\/13"}],"replies":[{"embeddable":true,"href":"https:\/\/www.tecdmx.org.mx\/index.php\/wp-json\/wp\/v2\/comments?post=5253"}],"version-history":[{"count":1,"href":"https:\/\/www.tecdmx.org.mx\/index.php\/wp-json\/wp\/v2\/posts\/5253\/revisions"}],"predecessor-version":[{"id":5255,"href":"https:\/\/www.tecdmx.org.mx\/index.php\/wp-json\/wp\/v2\/posts\/5253\/revisions\/5255"}],"wp:featuredmedia":[{"embeddable":true,"href":"https:\/\/www.tecdmx.org.mx\/index.php\/wp-json\/wp\/v2\/media\/3208"}],"wp:attachment":[{"href":"https:\/\/www.tecdmx.org.mx\/index.php\/wp-json\/wp\/v2\/media?parent=5253"}],"wp:term":[{"taxonomy":"category","embeddable":true,"href":"https:\/\/www.tecdmx.org.mx\/index.php\/wp-json\/wp\/v2\/categories?post=5253"},{"taxonomy":"post_tag","embeddable":true,"href":"https:\/\/www.tecdmx.org.mx\/index.php\/wp-json\/wp\/v2\/tags?post=5253"}],"curies":[{"name":"wp","href":"https:\/\/api.w.org\/{rel}","templated":true}]}}