{"id":5262,"date":"2018-10-14T16:45:24","date_gmt":"2018-10-14T16:45:24","guid":{"rendered":"http:\/\/www2.tecdmx.org.mx\/?p=5262"},"modified":"2018-11-26T20:15:22","modified_gmt":"2018-11-26T20:15:22","slug":"invita-tecdmx-a-sumar-a-la-educacion-y-consolidacion-democratica-de-la-ciudad-con-la-instalacion-de-su-consejo-editorial","status":"publish","type":"post","link":"https:\/\/www.tecdmx.org.mx\/index.php\/comunicados\/2018\/10\/14\/invita-tecdmx-a-sumar-a-la-educacion-y-consolidacion-democratica-de-la-ciudad-con-la-instalacion-de-su-consejo-editorial\/","title":{"rendered":"Invita TECDMX a sumar a la educaci\u00f3n y consolidaci\u00f3n democr\u00e1tica de la Ciudad con la instalaci\u00f3n de su Consejo Editorial."},"content":{"rendered":"<p style=\"text-align: right;\">Boleti\u0301n No 105<\/p>\n<ul>\n<li>El Maestro Joaqu\u00edn D\u00edez-Canedo Flores fue nombrado Consejero Honorario del Consejo Editorial delTECDMX.<\/li>\n<li>El Tribunal cuenta con diversas publicaciones en temas electorales y de fomento a la cultura democr\u00e1tica.<\/li>\n<\/ul>\n<p>El Magistrado Presidente del Tribunal Electoral de la Ciudad de M\u00e9xico, Gustavo Anzaldo Hern\u00e1ndez afirm\u00f3 que este \u00f3rgano jurisdiccional tiene como labor fundamental la resoluci\u00f3n de controversias jurisdiccionales al dirimirlos juicios que se someten a su consideraci\u00f3n; pero subray\u00f3 que su funci\u00f3n no se agota solamente en resolver juicios; sino que tiene una serie de atribuciones que son mucho m\u00e1s amplias, entre otras difundir entre la poblaci\u00f3n la cultura democr\u00e1tica y contribuir a la educaci\u00f3n c\u00edvica de la ciudadan\u00eda.<\/p>\n<p>Al instalar el Consejo Editorial del TECDMX y nombrar al Maestro Joaqu\u00edn D\u00edez-Canedo Flores como Consejero Honorario del mismo, sostuvo que la intenci\u00f3n es seguir con la ruta de las publicaciones que tienen que ver con la materia electoral, pero tambi\u00e9n con el fomento de la cultura democr\u00e1tica y, por lo tanto, pretende no s\u00f3lo elevar la cantidad de las mismas sino la calidad, mejorar sus contenidos para que sean de mayor utilidad para la ciudadan\u00eda.<\/p>\n<p>\u201cLa iniciativa institucional que hoy nos convoca es sobre todo una invitaci\u00f3n a sumar, a sumar para continuar con la educaci\u00f3n, con la consolidaci\u00f3n de la v\u00eda democr\u00e1tica de nuestra ciudad y para ello se requiere inversi\u00f3n, experiencia y creatividad, por ello no puedo dejar de agradecer que el Maestro haya aceptado la invitaci\u00f3n y estoy seguro que sus contribuciones van a ser en beneficio de este tribunal\u201d,precis\u00f3.<\/p>\n<p>Y agreg\u00f3 que \u201cel cat\u00e1logo de nuestra instituci\u00f3n actualmente cuenta con 16 obras impresas, tenemos algunas en curso y c\u00f3mo dec\u00eda, tenemos una\u00a0 revista electr\u00f3nica en la que peri\u00f3dicamente se van tratando temas que tiene que ver con la funci\u00f3n electoral y adem\u00e1s estamos en un periodo interproceso reci\u00e9n concluimos el proceso electoral 2017-2018 y el pr\u00f3ximo ser\u00e1 el 2021; y lo que nosotros hacemos en estos periodos es aprovechar el espacio de tiempo para intercambio de reflexiones, retomar la experiencia que deriva de las elecciones, ver los retos que se afrontan como instituci\u00f3n y eso obviamente tiene que quedar plasmado en alg\u00fan documento y por eso ser\u00e1 importante la labor editorial de este tribunal\u201d.<\/p>\n<p>El Magistrado Presidente Anzaldo Hern\u00e1ndez explic\u00f3 que una de las l\u00edneas de este tribunal es que sus actividades no se\u00a0 realizan y\u00a0 concluyan \u00fanicamente entre su personal, sino que es necesario tener aliados estrat\u00e9gicos como instituciones p\u00fablicas, instituciones acad\u00e9micas y perfiles tambi\u00e9n como el del Maestro D\u00edez-Canedo.<\/p>\n<p>En el Pleno del Tribunal, acompa\u00f1ado por la Magistrada Martha Mercado Ram\u00edrez, as\u00ed como por los Magistrados Armando Hern\u00e1ndez Cruz y Juan Carlos S\u00e1nchez Le\u00f3n, record\u00f3 que el TECDMX tiene entre sus actividades cotidianas un programa permanente de capacitaci\u00f3n tanto para las servidoras y servidores p\u00fablicos de esta instituci\u00f3n como para actores externos con los que se comparte, difunde se trata de dar entendimiento a los temas que son propios de la materia electoral para que sean comprensibles para la ciudadan\u00eda y para que facilite el trabajo.<\/p>\n<p>Al tiempo, a\u00f1adi\u00f3 que como pol\u00edtica editorial el tribunal se ha caracterizado a lo largo de 20 a\u00f1os de existencia por realizar diversas publicaciones, entre ellas, una revista electr\u00f3nica digital en la que se publican t\u00f3picos de la materia electoral y busca la participaci\u00f3n de especialistas; as\u00ed como otro tipo de publicaciones en las que han participado magistradas y magistrados de este tribunal; pero tambi\u00e9n algunos actores externos y personas p\u00fablicas que nos acompa\u00f1an en su actividad cotidiana.<\/p>\n<p>En su oportunidad, el Maestro Joaqu\u00edn Diez-Canedo Flores, quien actualmente es el DirectorGeneral de Publicaciones de Fomento Editorial de la UNAM, coincidi\u00f3 con el Magistrado Presidente Gustavo Anzaldo Hern\u00e1ndez en se\u00f1alar que la labor que realiza el TECDMX es fundamental para fomentarla cultura de la legalidad y la cultura democr\u00e1tica, porque es importante procurarla, ver qu\u00e9 falta y trabajar en su perfeccionamiento.<\/p>\n<p>\u201cEstoy de acuerdo con la idea del Magistrado Presidente de asociarse con instituciones externas para extender la capacidad del tribunal con comunicaciones que tiene que ver m\u00e1s que los contenidos t\u00e9cnicos o espec\u00edficos, con lo que tenga que ver con el fomento a la cultura, discusi\u00f3n o reflexi\u00f3n de lo que es ahora la democracia, el Estado de Derecho y de los temas que est\u00e1n sobre la mesa\u201d.<\/p>\n<p>Asimismo, lament\u00f3 que con la cultura digital se cree que hay que dejar de lado las publicaciones impresas; pero sostuvo que es la forma m\u00e1s permanente y comunicativamente m\u00e1s poderosa para los contenidos importantes.<br \/>\nEn su oportunidad el Magistrado Armando Hern\u00e1ndez confi\u00f3 en que con este Consejo Editorial se seguir\u00e1 una pol\u00edtica editorial adecuada para lograr ser un tribunal abierto y de ah\u00ed la importancia de difundir este tipo de temas para que la ciudadan\u00eda sea m\u00e1s cercana alTribunal.<\/p>\n<p>\u201cNecesitamos difundir la actividad jurisdiccional y la cultura c\u00edvica y democr\u00e1tica en esta ciudad, es una labor que est\u00e1 prevista en la ley como funci\u00f3n de los magistradas y magistrados electorales, y la funci\u00f3n que tiene este Consejo Editorial con la funci\u00f3n del Consejo Acad\u00e9mico que se instal\u00f3 hace unos meses, le dan una seriedad mayor y nos permite construir una pol\u00edtica editorial de este \u00f3rgano jurisdiccional de alta calidad y con los mejores resultados\u201d.<\/p>\n<p>Asimismo, el Magistrado Armando Hern\u00e1ndez sostuvo, ante la Directora General de Publicaciones del Instituto Belisario Dom\u00ednguez del Senado de la Rep\u00fablica, Martha Patricia Pati\u00f1o Fierro, quien asisti\u00f3 como invitada especial, el que estas publicaciones: \u201cnos permitan lograr esa cercan\u00eda con la gente, constituirnos como un verdadero tribunal abierto y tener de alguna forma una justificaci\u00f3n y mayor legitimidad de la que tenemos frente a la ciudadan\u00eda para tener un acercamiento y una proximidad mucho m\u00e1s intensa y m\u00e1s continua a partir de los resultados nuestra pol\u00edtica editorial que habr\u00e1 de dise\u00f1arse al interior de este consejo y estoy seguro de que tendemos los mejores resultados posibles\u201d.<\/p>\n<p>Minutos despu\u00e9s se llev\u00f3 a cabo la Instalaci\u00f3n y Primera Sesi\u00f3n Ordinaria del Consejo Editorial, del que tambi\u00e9n forman parte la Coordinadora de Difusi\u00f3n y Publicaci\u00f3n, Ver\u00f3nica Alejo Alamilla; la Coordinadora de Derechos Humanos y G\u00e9nero, Iris G\u00f3nzalez V\u00e1zquez; la Directora del Instituto de Formaci\u00f3n y Capacitaci\u00f3n, Anabell Arellano Mendoza, as\u00ed como la Subdirectora de Difusi\u00f3n,Carmen Estela Alc\u00e1ntara Lozano, como Secretar\u00eda T\u00e9cnica del Consejo Editorial del TECDMX.<\/p>\n<p>En dicha reuni\u00f3n se present\u00f3 el calendario de sesiones y se present\u00f3 el informe del estado que guarda el archivo editorial de este tribunal.<\/p>\n<p>Cabe destacar que el objetivo del Consejo Editorial es publicar trabajos que contribuyan al desarrollo de la cultura democr\u00e1tica en la\u00a0 Ciudad de M\u00e9xico; divulgar temas relativos al que hacer institucional; producir publicaciones con sustento en investigaciones, fortalecer los v\u00ednculos interinstitucionales que favorezcan el flujo de conocimiento en la materia jurisdiccional electoral; contribuir a la institucionalizaci\u00f3n del enfoque de derechos humanos y la perspectiva de g\u00e9nero\u00a0 en la estructura y funciones del Tribunal; y aportar conocimientos que contribuyan a la comprensi\u00f3n de los dilemas, retos y oportunidades de los derechos pol\u00edtico-electorales de la ciudadan\u00eda en la Ciudad de M\u00e9xico.<\/p>\n<p style=\"text-align: center;\">o-O-o<\/p>\n","protected":false},"excerpt":{"rendered":"<p>Boleti\u0301n No 105 El Maestro Joaqu\u00edn D\u00edez-Canedo Flores fue nombrado Consejero Honorario del Consejo Editorial delTECDMX. El Tribunal cuenta con diversas publicaciones en temas electorales y de fomento a la [&hellip;]<\/p>\n","protected":false},"author":13,"featured_media":3208,"comment_status":"open","ping_status":"open","sticky":false,"template":"","format":"standard","meta":{"_acf_changed":false,"_exactmetrics_skip_tracking":false,"_exactmetrics_sitenote_active":false,"_exactmetrics_sitenote_note":"","_exactmetrics_sitenote_category":0,"footnotes":""},"categories":[32,47],"tags":[],"acf":[],"yoast_head":"<!-- This site is optimized with the Yoast SEO plugin v22.3 - https:\/\/yoast.com\/wordpress\/plugins\/seo\/ -->\n<title>Invita TECDMX a sumar a la educaci\u00f3n y consolidaci\u00f3n democr\u00e1tica de la Ciudad con la instalaci\u00f3n de su Consejo Editorial. - Tribunal Electoral de la Ciudad de M\u00e9xico<\/title>\n<meta name=\"robots\" content=\"index, follow, max-snippet:-1, max-image-preview:large, max-video-preview:-1\" \/>\n<link rel=\"canonical\" href=\"https:\/\/www.tecdmx.org.mx\/index.php\/comunicados\/2018\/10\/14\/invita-tecdmx-a-sumar-a-la-educacion-y-consolidacion-democratica-de-la-ciudad-con-la-instalacion-de-su-consejo-editorial\/\" \/>\n<meta property=\"og:locale\" content=\"es_ES\" \/>\n<meta property=\"og:type\" content=\"article\" \/>\n<meta property=\"og:title\" content=\"Invita TECDMX a sumar a la educaci\u00f3n y consolidaci\u00f3n democr\u00e1tica de la Ciudad con la instalaci\u00f3n de su Consejo Editorial. - Tribunal Electoral de la Ciudad de M\u00e9xico\" \/>\n<meta property=\"og:description\" content=\"Boleti\u0301n No 105 El Maestro Joaqu\u00edn D\u00edez-Canedo Flores fue nombrado Consejero Honorario del Consejo Editorial delTECDMX. El Tribunal cuenta con diversas publicaciones en temas electorales y de fomento a la [&hellip;]\" \/>\n<meta property=\"og:url\" content=\"https:\/\/www.tecdmx.org.mx\/index.php\/comunicados\/2018\/10\/14\/invita-tecdmx-a-sumar-a-la-educacion-y-consolidacion-democratica-de-la-ciudad-con-la-instalacion-de-su-consejo-editorial\/\" \/>\n<meta property=\"og:site_name\" content=\"Tribunal Electoral de la Ciudad de M\u00e9xico\" \/>\n<meta property=\"article:publisher\" content=\"https:\/\/www.facebook.com\/TECDMX\/\" \/>\n<meta property=\"article:published_time\" content=\"2018-10-14T16:45:24+00:00\" \/>\n<meta property=\"article:modified_time\" content=\"2018-11-26T20:15:22+00:00\" \/>\n<meta property=\"og:image\" content=\"https:\/\/www.tecdmx.org.mx\/wp-content\/uploads\/2018\/07\/COMUNICADO.jpg\" \/>\n\t<meta property=\"og:image:width\" content=\"2247\" \/>\n\t<meta property=\"og:image:height\" content=\"1277\" \/>\n\t<meta property=\"og:image:type\" content=\"image\/jpeg\" \/>\n<meta name=\"author\" content=\"Difusion2025\" \/>\n<meta name=\"twitter:card\" content=\"summary_large_image\" \/>\n<meta name=\"twitter:creator\" content=\"@tecdmx\" \/>\n<meta name=\"twitter:site\" content=\"@tecdmx\" \/>\n<meta name=\"twitter:label1\" content=\"Escrito por\" \/>\n\t<meta name=\"twitter:data1\" content=\"Difusion2025\" \/>\n\t<meta name=\"twitter:label2\" content=\"Tiempo de lectura\" \/>\n\t<meta name=\"twitter:data2\" content=\"6 minutos\" \/>\n<script type=\"application\/ld+json\" class=\"yoast-schema-graph\">{\"@context\":\"https:\/\/schema.org\",\"@graph\":[{\"@type\":\"WebPage\",\"@id\":\"https:\/\/www.tecdmx.org.mx\/index.php\/comunicados\/2018\/10\/14\/invita-tecdmx-a-sumar-a-la-educacion-y-consolidacion-democratica-de-la-ciudad-con-la-instalacion-de-su-consejo-editorial\/\",\"url\":\"https:\/\/www.tecdmx.org.mx\/index.php\/comunicados\/2018\/10\/14\/invita-tecdmx-a-sumar-a-la-educacion-y-consolidacion-democratica-de-la-ciudad-con-la-instalacion-de-su-consejo-editorial\/\",\"name\":\"Invita TECDMX a sumar a la educaci\u00f3n y consolidaci\u00f3n democr\u00e1tica de la Ciudad con la instalaci\u00f3n de su Consejo Editorial. - Tribunal Electoral de la Ciudad de M\u00e9xico\",\"isPartOf\":{\"@id\":\"https:\/\/www.tecdmx.org.mx\/#website\"},\"primaryImageOfPage\":{\"@id\":\"https:\/\/www.tecdmx.org.mx\/index.php\/comunicados\/2018\/10\/14\/invita-tecdmx-a-sumar-a-la-educacion-y-consolidacion-democratica-de-la-ciudad-con-la-instalacion-de-su-consejo-editorial\/#primaryimage\"},\"image\":{\"@id\":\"https:\/\/www.tecdmx.org.mx\/index.php\/comunicados\/2018\/10\/14\/invita-tecdmx-a-sumar-a-la-educacion-y-consolidacion-democratica-de-la-ciudad-con-la-instalacion-de-su-consejo-editorial\/#primaryimage\"},\"thumbnailUrl\":\"https:\/\/www.tecdmx.org.mx\/wp-content\/uploads\/2018\/07\/COMUNICADO.jpg\",\"datePublished\":\"2018-10-14T16:45:24+00:00\",\"dateModified\":\"2018-11-26T20:15:22+00:00\",\"author\":{\"@id\":\"https:\/\/www.tecdmx.org.mx\/#\/schema\/person\/208c898199fb3234203823c5f0cf31d6\"},\"breadcrumb\":{\"@id\":\"https:\/\/www.tecdmx.org.mx\/index.php\/comunicados\/2018\/10\/14\/invita-tecdmx-a-sumar-a-la-educacion-y-consolidacion-democratica-de-la-ciudad-con-la-instalacion-de-su-consejo-editorial\/#breadcrumb\"},\"inLanguage\":\"es\",\"potentialAction\":[{\"@type\":\"ReadAction\",\"target\":[\"https:\/\/www.tecdmx.org.mx\/index.php\/comunicados\/2018\/10\/14\/invita-tecdmx-a-sumar-a-la-educacion-y-consolidacion-democratica-de-la-ciudad-con-la-instalacion-de-su-consejo-editorial\/\"]}]},{\"@type\":\"ImageObject\",\"inLanguage\":\"es\",\"@id\":\"https:\/\/www.tecdmx.org.mx\/index.php\/comunicados\/2018\/10\/14\/invita-tecdmx-a-sumar-a-la-educacion-y-consolidacion-democratica-de-la-ciudad-con-la-instalacion-de-su-consejo-editorial\/#primaryimage\",\"url\":\"https:\/\/www.tecdmx.org.mx\/wp-content\/uploads\/2018\/07\/COMUNICADO.jpg\",\"contentUrl\":\"https:\/\/www.tecdmx.org.mx\/wp-content\/uploads\/2018\/07\/COMUNICADO.jpg\",\"width\":2247,\"height\":1277},{\"@type\":\"BreadcrumbList\",\"@id\":\"https:\/\/www.tecdmx.org.mx\/index.php\/comunicados\/2018\/10\/14\/invita-tecdmx-a-sumar-a-la-educacion-y-consolidacion-democratica-de-la-ciudad-con-la-instalacion-de-su-consejo-editorial\/#breadcrumb\",\"itemListElement\":[{\"@type\":\"ListItem\",\"position\":1,\"name\":\"Portada\",\"item\":\"https:\/\/www.tecdmx.org.mx\/\"},{\"@type\":\"ListItem\",\"position\":2,\"name\":\"Invita TECDMX a sumar a la educaci\u00f3n y consolidaci\u00f3n democr\u00e1tica de la Ciudad con la instalaci\u00f3n de su Consejo Editorial.\"}]},{\"@type\":\"WebSite\",\"@id\":\"https:\/\/www.tecdmx.org.mx\/#website\",\"url\":\"https:\/\/www.tecdmx.org.mx\/\",\"name\":\"Tribunal Electoral de la Ciudad de M\u00e9xico\",\"description\":\"25 a\u00f1os garantizando justicia en tu elecci\u00f3n\",\"potentialAction\":[{\"@type\":\"SearchAction\",\"target\":{\"@type\":\"EntryPoint\",\"urlTemplate\":\"https:\/\/www.tecdmx.org.mx\/?s={search_term_string}\"},\"query-input\":\"required name=search_term_string\"}],\"inLanguage\":\"es\"},{\"@type\":\"Person\",\"@id\":\"https:\/\/www.tecdmx.org.mx\/#\/schema\/person\/208c898199fb3234203823c5f0cf31d6\",\"name\":\"Difusion2025\",\"image\":{\"@type\":\"ImageObject\",\"inLanguage\":\"es\",\"@id\":\"https:\/\/www.tecdmx.org.mx\/#\/schema\/person\/image\/\",\"url\":\"https:\/\/secure.gravatar.com\/avatar\/6f7a4ba3acb418040e90a2eb99b5df28?s=96&d=mm&r=g\",\"contentUrl\":\"https:\/\/secure.gravatar.com\/avatar\/6f7a4ba3acb418040e90a2eb99b5df28?s=96&d=mm&r=g\",\"caption\":\"Difusion2025\"}}]}<\/script>\n<!-- \/ Yoast SEO plugin. -->","yoast_head_json":{"title":"Invita TECDMX a sumar a la educaci\u00f3n y consolidaci\u00f3n democr\u00e1tica de la Ciudad con la instalaci\u00f3n de su Consejo Editorial. - Tribunal Electoral de la Ciudad de M\u00e9xico","robots":{"index":"index","follow":"follow","max-snippet":"max-snippet:-1","max-image-preview":"max-image-preview:large","max-video-preview":"max-video-preview:-1"},"canonical":"https:\/\/www.tecdmx.org.mx\/index.php\/comunicados\/2018\/10\/14\/invita-tecdmx-a-sumar-a-la-educacion-y-consolidacion-democratica-de-la-ciudad-con-la-instalacion-de-su-consejo-editorial\/","og_locale":"es_ES","og_type":"article","og_title":"Invita TECDMX a sumar a la educaci\u00f3n y consolidaci\u00f3n democr\u00e1tica de la Ciudad con la instalaci\u00f3n de su Consejo Editorial. - Tribunal Electoral de la Ciudad de M\u00e9xico","og_description":"Boleti\u0301n No 105 El Maestro Joaqu\u00edn D\u00edez-Canedo Flores fue nombrado Consejero Honorario del Consejo Editorial delTECDMX. El Tribunal cuenta con diversas publicaciones en temas electorales y de fomento a la [&hellip;]","og_url":"https:\/\/www.tecdmx.org.mx\/index.php\/comunicados\/2018\/10\/14\/invita-tecdmx-a-sumar-a-la-educacion-y-consolidacion-democratica-de-la-ciudad-con-la-instalacion-de-su-consejo-editorial\/","og_site_name":"Tribunal Electoral de la Ciudad de M\u00e9xico","article_publisher":"https:\/\/www.facebook.com\/TECDMX\/","article_published_time":"2018-10-14T16:45:24+00:00","article_modified_time":"2018-11-26T20:15:22+00:00","og_image":[{"width":2247,"height":1277,"url":"https:\/\/www.tecdmx.org.mx\/wp-content\/uploads\/2018\/07\/COMUNICADO.jpg","type":"image\/jpeg"}],"author":"Difusion2025","twitter_card":"summary_large_image","twitter_creator":"@tecdmx","twitter_site":"@tecdmx","twitter_misc":{"Escrito por":"Difusion2025","Tiempo de lectura":"6 minutos"},"schema":{"@context":"https:\/\/schema.org","@graph":[{"@type":"WebPage","@id":"https:\/\/www.tecdmx.org.mx\/index.php\/comunicados\/2018\/10\/14\/invita-tecdmx-a-sumar-a-la-educacion-y-consolidacion-democratica-de-la-ciudad-con-la-instalacion-de-su-consejo-editorial\/","url":"https:\/\/www.tecdmx.org.mx\/index.php\/comunicados\/2018\/10\/14\/invita-tecdmx-a-sumar-a-la-educacion-y-consolidacion-democratica-de-la-ciudad-con-la-instalacion-de-su-consejo-editorial\/","name":"Invita TECDMX a sumar a la educaci\u00f3n y consolidaci\u00f3n democr\u00e1tica de la Ciudad con la instalaci\u00f3n de su Consejo Editorial. - Tribunal Electoral de la Ciudad de M\u00e9xico","isPartOf":{"@id":"https:\/\/www.tecdmx.org.mx\/#website"},"primaryImageOfPage":{"@id":"https:\/\/www.tecdmx.org.mx\/index.php\/comunicados\/2018\/10\/14\/invita-tecdmx-a-sumar-a-la-educacion-y-consolidacion-democratica-de-la-ciudad-con-la-instalacion-de-su-consejo-editorial\/#primaryimage"},"image":{"@id":"https:\/\/www.tecdmx.org.mx\/index.php\/comunicados\/2018\/10\/14\/invita-tecdmx-a-sumar-a-la-educacion-y-consolidacion-democratica-de-la-ciudad-con-la-instalacion-de-su-consejo-editorial\/#primaryimage"},"thumbnailUrl":"https:\/\/www.tecdmx.org.mx\/wp-content\/uploads\/2018\/07\/COMUNICADO.jpg","datePublished":"2018-10-14T16:45:24+00:00","dateModified":"2018-11-26T20:15:22+00:00","author":{"@id":"https:\/\/www.tecdmx.org.mx\/#\/schema\/person\/208c898199fb3234203823c5f0cf31d6"},"breadcrumb":{"@id":"https:\/\/www.tecdmx.org.mx\/index.php\/comunicados\/2018\/10\/14\/invita-tecdmx-a-sumar-a-la-educacion-y-consolidacion-democratica-de-la-ciudad-con-la-instalacion-de-su-consejo-editorial\/#breadcrumb"},"inLanguage":"es","potentialAction":[{"@type":"ReadAction","target":["https:\/\/www.tecdmx.org.mx\/index.php\/comunicados\/2018\/10\/14\/invita-tecdmx-a-sumar-a-la-educacion-y-consolidacion-democratica-de-la-ciudad-con-la-instalacion-de-su-consejo-editorial\/"]}]},{"@type":"ImageObject","inLanguage":"es","@id":"https:\/\/www.tecdmx.org.mx\/index.php\/comunicados\/2018\/10\/14\/invita-tecdmx-a-sumar-a-la-educacion-y-consolidacion-democratica-de-la-ciudad-con-la-instalacion-de-su-consejo-editorial\/#primaryimage","url":"https:\/\/www.tecdmx.org.mx\/wp-content\/uploads\/2018\/07\/COMUNICADO.jpg","contentUrl":"https:\/\/www.tecdmx.org.mx\/wp-content\/uploads\/2018\/07\/COMUNICADO.jpg","width":2247,"height":1277},{"@type":"BreadcrumbList","@id":"https:\/\/www.tecdmx.org.mx\/index.php\/comunicados\/2018\/10\/14\/invita-tecdmx-a-sumar-a-la-educacion-y-consolidacion-democratica-de-la-ciudad-con-la-instalacion-de-su-consejo-editorial\/#breadcrumb","itemListElement":[{"@type":"ListItem","position":1,"name":"Portada","item":"https:\/\/www.tecdmx.org.mx\/"},{"@type":"ListItem","position":2,"name":"Invita TECDMX a sumar a la educaci\u00f3n y consolidaci\u00f3n democr\u00e1tica de la Ciudad con la instalaci\u00f3n de su Consejo Editorial."}]},{"@type":"WebSite","@id":"https:\/\/www.tecdmx.org.mx\/#website","url":"https:\/\/www.tecdmx.org.mx\/","name":"Tribunal Electoral de la Ciudad de M\u00e9xico","description":"25 a\u00f1os garantizando justicia en tu elecci\u00f3n","potentialAction":[{"@type":"SearchAction","target":{"@type":"EntryPoint","urlTemplate":"https:\/\/www.tecdmx.org.mx\/?s={search_term_string}"},"query-input":"required name=search_term_string"}],"inLanguage":"es"},{"@type":"Person","@id":"https:\/\/www.tecdmx.org.mx\/#\/schema\/person\/208c898199fb3234203823c5f0cf31d6","name":"Difusion2025","image":{"@type":"ImageObject","inLanguage":"es","@id":"https:\/\/www.tecdmx.org.mx\/#\/schema\/person\/image\/","url":"https:\/\/secure.gravatar.com\/avatar\/6f7a4ba3acb418040e90a2eb99b5df28?s=96&d=mm&r=g","contentUrl":"https:\/\/secure.gravatar.com\/avatar\/6f7a4ba3acb418040e90a2eb99b5df28?s=96&d=mm&r=g","caption":"Difusion2025"}}]}},"_links":{"self":[{"href":"https:\/\/www.tecdmx.org.mx\/index.php\/wp-json\/wp\/v2\/posts\/5262"}],"collection":[{"href":"https:\/\/www.tecdmx.org.mx\/index.php\/wp-json\/wp\/v2\/posts"}],"about":[{"href":"https:\/\/www.tecdmx.org.mx\/index.php\/wp-json\/wp\/v2\/types\/post"}],"author":[{"embeddable":true,"href":"https:\/\/www.tecdmx.org.mx\/index.php\/wp-json\/wp\/v2\/users\/13"}],"replies":[{"embeddable":true,"href":"https:\/\/www.tecdmx.org.mx\/index.php\/wp-json\/wp\/v2\/comments?post=5262"}],"version-history":[{"count":2,"href":"https:\/\/www.tecdmx.org.mx\/index.php\/wp-json\/wp\/v2\/posts\/5262\/revisions"}],"predecessor-version":[{"id":5281,"href":"https:\/\/www.tecdmx.org.mx\/index.php\/wp-json\/wp\/v2\/posts\/5262\/revisions\/5281"}],"wp:featuredmedia":[{"embeddable":true,"href":"https:\/\/www.tecdmx.org.mx\/index.php\/wp-json\/wp\/v2\/media\/3208"}],"wp:attachment":[{"href":"https:\/\/www.tecdmx.org.mx\/index.php\/wp-json\/wp\/v2\/media?parent=5262"}],"wp:term":[{"taxonomy":"category","embeddable":true,"href":"https:\/\/www.tecdmx.org.mx\/index.php\/wp-json\/wp\/v2\/categories?post=5262"},{"taxonomy":"post_tag","embeddable":true,"href":"https:\/\/www.tecdmx.org.mx\/index.php\/wp-json\/wp\/v2\/tags?post=5262"}],"curies":[{"name":"wp","href":"https:\/\/api.w.org\/{rel}","templated":true}]}}