{"id":5269,"date":"2018-11-12T20:01:43","date_gmt":"2018-11-12T20:01:43","guid":{"rendered":"http:\/\/www2.tecdmx.org.mx\/?p=5269"},"modified":"2018-11-26T20:12:07","modified_gmt":"2018-11-26T20:12:07","slug":"inaugura-tecdmx-exposicion-fotografica-atodosnospuedepasar-en-el-sistema-de-transporte-colectivo-metro-en-coordinacion-con-diversas-instituciones-y-fundaciones","status":"publish","type":"post","link":"https:\/\/www.tecdmx.org.mx\/index.php\/comunicados\/2018\/11\/12\/inaugura-tecdmx-exposicion-fotografica-atodosnospuedepasar-en-el-sistema-de-transporte-colectivo-metro-en-coordinacion-con-diversas-instituciones-y-fundaciones\/","title":{"rendered":"Inaugura TECDMX exposicio\u0301n fotogra\u0301fica #ATodosNosPuedePasar en el Sistema de Transporte Colectivo Metro en coordinacio\u0301n con diversas instituciones y fundaciones"},"content":{"rendered":"<p style=\"text-align: right;\">Boleti\u0301n No 103<\/p>\n<ul>\n<li>Coinciden organizadores en la necesidad de mantener informada a la poblacio\u0301n sobre este tipo de enfermedades y co\u0301mo prevenirlas.<\/li>\n<li>30 fotografi\u0301as representan esta muestra en la que invitan a reflexionar sobre esta enfermedad.<\/li>\n<\/ul>\n<p>El Magistrado Presidente del Tribunal Electoral de la Ciudad de Me\u0301xico Gustavo Anzaldo Herna\u0301ndez destaco\u0301 la importancia de informar a la gente sobre la prevencio\u0301n y deteccio\u0301n oportuna del Ca\u0301ncer de mama.<\/p>\n<p>Durante la Inauguracio\u0301n de la Exposicio\u0301n Fotogra\u0301fica #ATodosNosPuedePasar, en la Galeri\u0301a de la Estacio\u0301n Tacubaya de la Li\u0301nea 1 del Sistema de Transporte Colectivo Metro, organizada de manera conjunta por la Fundacio\u0301n Alma IAP, Fundacio\u0301n Dime y Juntos lo Hacemos, A.C. y Virtus, Juventud Mexicana, A.C. sostuvo que para el TECDMX es importante tratar la prevencio\u0301n del Ca\u0301ncer de Mama por tres razones:<\/p>\n<p>\u2022 Hacer visible esta problema\u0301tica<br \/>\n\u2022 Difundir informacio\u0301n que sea de utilidad para la poblacio\u0301n<br \/>\n\u2022 Concientizar a la sociedad de que la deteccio\u0301n oportuna es el mejor aliado para combatir este flagelo.<\/p>\n<p>\u201cDe ahi\u0301 que sea importante para el tribunal de la ciudad de Me\u0301xico sumar esfuerzos con instituciones pu\u0301blicas; pero tambie\u0301n con Organizaciones de la Sociedad Civil\u201d, recalco\u0301.<br \/>\nAsimismo, recordo\u0301 que el ca\u0301ncer de mama es uno de los que tiene mayor incidencia a nivel mundial y lamentablemente an\u0303o con an\u0303o cobra un importante nu\u0301mero de vidas de mujeres mexicanas.<\/p>\n<p>Coincidio\u0301 con el resto de los convocantes en la necesidad de unir esfuerzos siempre en beneficio de la ciudadani\u0301a y para prevenir enfermedades graves como es el ca\u0301ncer de mama.<\/p>\n<p>Posteriormente, el Magistrado Presidente de este tribunal Gustavo Anzaldo Herna\u0301ndez realizo\u0301 el corte de listo\u0301n junto con las Magistradas del TECDMX Alejandra Cha\u0301vez Camarena y Martha Mercado Rami\u0301rez; la Magistrada de la Sala Especializada del Tribunal Electoral del Poder Judicial de la Federacio\u0301n Mari\u0301a del Carmen Carreo\u0301n Castro; el Ingeniero Jorge Javier Jime\u0301nez Alcaraz, Director del Sistema de Transporte Colectivo Metro; la Doctora Rina Gliter, Directora de la Fundacio\u0301n Alma IAP; y el Contador Pu\u0301blico Edgar Garza Ancira, Fundador de la Fundacio\u0301n Dime y Juntos lo Hacemos, A.C.; asi\u0301 como de Mariana Go\u0301mez del Campo Gurza Consejera Honoraria de Virtus, Juventud Mexicana, A.C.<\/p>\n<p>La exposicio\u0301n estara\u0301 abierta al pu\u0301blico a partir de hoy 12 de noviembre y hasta el 03 de diciembre en la Galeri\u0301a de Exposiciones de la Estacio\u0301n Tacubaya de la Li\u0301nea 1 del Sistema de Transporte Colectivo Metro en los horarios de servicio.<\/p>\n<p style=\"text-align: center;\">oOo<\/p>\n","protected":false},"excerpt":{"rendered":"<p>Boleti\u0301n No 103 Coinciden organizadores en la necesidad de mantener informada a la poblacio\u0301n sobre este tipo de enfermedades y co\u0301mo prevenirlas. 30 fotografi\u0301as representan esta muestra en la que [&hellip;]<\/p>\n","protected":false},"author":13,"featured_media":3208,"comment_status":"open","ping_status":"open","sticky":false,"template":"","format":"standard","meta":{"_acf_changed":false,"_exactmetrics_skip_tracking":false,"_exactmetrics_sitenote_active":false,"_exactmetrics_sitenote_note":"","_exactmetrics_sitenote_category":0,"footnotes":""},"categories":[32,47],"tags":[],"acf":[],"yoast_head":"<!-- This site is optimized with the Yoast SEO plugin v22.3 - https:\/\/yoast.com\/wordpress\/plugins\/seo\/ -->\n<title>Inaugura TECDMX exposicio\u0301n fotogra\u0301fica #ATodosNosPuedePasar en el Sistema de Transporte Colectivo Metro en coordinacio\u0301n con diversas instituciones y fundaciones - Tribunal Electoral de la Ciudad de M\u00e9xico<\/title>\n<meta name=\"robots\" content=\"index, follow, max-snippet:-1, max-image-preview:large, max-video-preview:-1\" \/>\n<link rel=\"canonical\" href=\"https:\/\/www.tecdmx.org.mx\/index.php\/comunicados\/2018\/11\/12\/inaugura-tecdmx-exposicion-fotografica-atodosnospuedepasar-en-el-sistema-de-transporte-colectivo-metro-en-coordinacion-con-diversas-instituciones-y-fundaciones\/\" \/>\n<meta property=\"og:locale\" content=\"es_ES\" \/>\n<meta property=\"og:type\" content=\"article\" \/>\n<meta property=\"og:title\" content=\"Inaugura TECDMX exposicio\u0301n fotogra\u0301fica #ATodosNosPuedePasar en el Sistema de Transporte Colectivo Metro en coordinacio\u0301n con diversas instituciones y fundaciones - Tribunal Electoral de la Ciudad de M\u00e9xico\" \/>\n<meta property=\"og:description\" content=\"Boleti\u0301n No 103 Coinciden organizadores en la necesidad de mantener informada a la poblacio\u0301n sobre este tipo de enfermedades y co\u0301mo prevenirlas. 30 fotografi\u0301as representan esta muestra en la que [&hellip;]\" \/>\n<meta property=\"og:url\" content=\"https:\/\/www.tecdmx.org.mx\/index.php\/comunicados\/2018\/11\/12\/inaugura-tecdmx-exposicion-fotografica-atodosnospuedepasar-en-el-sistema-de-transporte-colectivo-metro-en-coordinacion-con-diversas-instituciones-y-fundaciones\/\" \/>\n<meta property=\"og:site_name\" content=\"Tribunal Electoral de la Ciudad de M\u00e9xico\" \/>\n<meta property=\"article:publisher\" content=\"https:\/\/www.facebook.com\/TECDMX\/\" \/>\n<meta property=\"article:published_time\" content=\"2018-11-12T20:01:43+00:00\" \/>\n<meta property=\"article:modified_time\" content=\"2018-11-26T20:12:07+00:00\" \/>\n<meta property=\"og:image\" content=\"https:\/\/www.tecdmx.org.mx\/wp-content\/uploads\/2018\/07\/COMUNICADO.jpg\" \/>\n\t<meta property=\"og:image:width\" content=\"2247\" \/>\n\t<meta property=\"og:image:height\" content=\"1277\" \/>\n\t<meta property=\"og:image:type\" content=\"image\/jpeg\" \/>\n<meta name=\"author\" content=\"Difusion2025\" \/>\n<meta name=\"twitter:card\" content=\"summary_large_image\" \/>\n<meta name=\"twitter:creator\" content=\"@tecdmx\" \/>\n<meta name=\"twitter:site\" content=\"@tecdmx\" \/>\n<meta name=\"twitter:label1\" content=\"Escrito por\" \/>\n\t<meta name=\"twitter:data1\" content=\"Difusion2025\" \/>\n\t<meta name=\"twitter:label2\" content=\"Tiempo de lectura\" \/>\n\t<meta name=\"twitter:data2\" content=\"2 minutos\" \/>\n<script type=\"application\/ld+json\" class=\"yoast-schema-graph\">{\"@context\":\"https:\/\/schema.org\",\"@graph\":[{\"@type\":\"WebPage\",\"@id\":\"https:\/\/www.tecdmx.org.mx\/index.php\/comunicados\/2018\/11\/12\/inaugura-tecdmx-exposicion-fotografica-atodosnospuedepasar-en-el-sistema-de-transporte-colectivo-metro-en-coordinacion-con-diversas-instituciones-y-fundaciones\/\",\"url\":\"https:\/\/www.tecdmx.org.mx\/index.php\/comunicados\/2018\/11\/12\/inaugura-tecdmx-exposicion-fotografica-atodosnospuedepasar-en-el-sistema-de-transporte-colectivo-metro-en-coordinacion-con-diversas-instituciones-y-fundaciones\/\",\"name\":\"Inaugura TECDMX exposicio\u0301n fotogra\u0301fica #ATodosNosPuedePasar en el Sistema de Transporte Colectivo Metro en coordinacio\u0301n con diversas instituciones y fundaciones - Tribunal Electoral de la Ciudad de M\u00e9xico\",\"isPartOf\":{\"@id\":\"https:\/\/www.tecdmx.org.mx\/#website\"},\"primaryImageOfPage\":{\"@id\":\"https:\/\/www.tecdmx.org.mx\/index.php\/comunicados\/2018\/11\/12\/inaugura-tecdmx-exposicion-fotografica-atodosnospuedepasar-en-el-sistema-de-transporte-colectivo-metro-en-coordinacion-con-diversas-instituciones-y-fundaciones\/#primaryimage\"},\"image\":{\"@id\":\"https:\/\/www.tecdmx.org.mx\/index.php\/comunicados\/2018\/11\/12\/inaugura-tecdmx-exposicion-fotografica-atodosnospuedepasar-en-el-sistema-de-transporte-colectivo-metro-en-coordinacion-con-diversas-instituciones-y-fundaciones\/#primaryimage\"},\"thumbnailUrl\":\"https:\/\/www.tecdmx.org.mx\/wp-content\/uploads\/2018\/07\/COMUNICADO.jpg\",\"datePublished\":\"2018-11-12T20:01:43+00:00\",\"dateModified\":\"2018-11-26T20:12:07+00:00\",\"author\":{\"@id\":\"https:\/\/www.tecdmx.org.mx\/#\/schema\/person\/208c898199fb3234203823c5f0cf31d6\"},\"breadcrumb\":{\"@id\":\"https:\/\/www.tecdmx.org.mx\/index.php\/comunicados\/2018\/11\/12\/inaugura-tecdmx-exposicion-fotografica-atodosnospuedepasar-en-el-sistema-de-transporte-colectivo-metro-en-coordinacion-con-diversas-instituciones-y-fundaciones\/#breadcrumb\"},\"inLanguage\":\"es\",\"potentialAction\":[{\"@type\":\"ReadAction\",\"target\":[\"https:\/\/www.tecdmx.org.mx\/index.php\/comunicados\/2018\/11\/12\/inaugura-tecdmx-exposicion-fotografica-atodosnospuedepasar-en-el-sistema-de-transporte-colectivo-metro-en-coordinacion-con-diversas-instituciones-y-fundaciones\/\"]}]},{\"@type\":\"ImageObject\",\"inLanguage\":\"es\",\"@id\":\"https:\/\/www.tecdmx.org.mx\/index.php\/comunicados\/2018\/11\/12\/inaugura-tecdmx-exposicion-fotografica-atodosnospuedepasar-en-el-sistema-de-transporte-colectivo-metro-en-coordinacion-con-diversas-instituciones-y-fundaciones\/#primaryimage\",\"url\":\"https:\/\/www.tecdmx.org.mx\/wp-content\/uploads\/2018\/07\/COMUNICADO.jpg\",\"contentUrl\":\"https:\/\/www.tecdmx.org.mx\/wp-content\/uploads\/2018\/07\/COMUNICADO.jpg\",\"width\":2247,\"height\":1277},{\"@type\":\"BreadcrumbList\",\"@id\":\"https:\/\/www.tecdmx.org.mx\/index.php\/comunicados\/2018\/11\/12\/inaugura-tecdmx-exposicion-fotografica-atodosnospuedepasar-en-el-sistema-de-transporte-colectivo-metro-en-coordinacion-con-diversas-instituciones-y-fundaciones\/#breadcrumb\",\"itemListElement\":[{\"@type\":\"ListItem\",\"position\":1,\"name\":\"Portada\",\"item\":\"https:\/\/www.tecdmx.org.mx\/\"},{\"@type\":\"ListItem\",\"position\":2,\"name\":\"Inaugura TECDMX exposicio\u0301n fotogra\u0301fica #ATodosNosPuedePasar en el Sistema de Transporte Colectivo Metro en coordinacio\u0301n con diversas instituciones y fundaciones\"}]},{\"@type\":\"WebSite\",\"@id\":\"https:\/\/www.tecdmx.org.mx\/#website\",\"url\":\"https:\/\/www.tecdmx.org.mx\/\",\"name\":\"Tribunal Electoral de la Ciudad de M\u00e9xico\",\"description\":\"25 a\u00f1os garantizando justicia en tu elecci\u00f3n\",\"potentialAction\":[{\"@type\":\"SearchAction\",\"target\":{\"@type\":\"EntryPoint\",\"urlTemplate\":\"https:\/\/www.tecdmx.org.mx\/?s={search_term_string}\"},\"query-input\":\"required name=search_term_string\"}],\"inLanguage\":\"es\"},{\"@type\":\"Person\",\"@id\":\"https:\/\/www.tecdmx.org.mx\/#\/schema\/person\/208c898199fb3234203823c5f0cf31d6\",\"name\":\"Difusion2025\",\"image\":{\"@type\":\"ImageObject\",\"inLanguage\":\"es\",\"@id\":\"https:\/\/www.tecdmx.org.mx\/#\/schema\/person\/image\/\",\"url\":\"https:\/\/secure.gravatar.com\/avatar\/6f7a4ba3acb418040e90a2eb99b5df28?s=96&d=mm&r=g\",\"contentUrl\":\"https:\/\/secure.gravatar.com\/avatar\/6f7a4ba3acb418040e90a2eb99b5df28?s=96&d=mm&r=g\",\"caption\":\"Difusion2025\"}}]}<\/script>\n<!-- \/ Yoast SEO plugin. -->","yoast_head_json":{"title":"Inaugura TECDMX exposicio\u0301n fotogra\u0301fica #ATodosNosPuedePasar en el Sistema de Transporte Colectivo Metro en coordinacio\u0301n con diversas instituciones y fundaciones - Tribunal Electoral de la Ciudad de M\u00e9xico","robots":{"index":"index","follow":"follow","max-snippet":"max-snippet:-1","max-image-preview":"max-image-preview:large","max-video-preview":"max-video-preview:-1"},"canonical":"https:\/\/www.tecdmx.org.mx\/index.php\/comunicados\/2018\/11\/12\/inaugura-tecdmx-exposicion-fotografica-atodosnospuedepasar-en-el-sistema-de-transporte-colectivo-metro-en-coordinacion-con-diversas-instituciones-y-fundaciones\/","og_locale":"es_ES","og_type":"article","og_title":"Inaugura TECDMX exposicio\u0301n fotogra\u0301fica #ATodosNosPuedePasar en el Sistema de Transporte Colectivo Metro en coordinacio\u0301n con diversas instituciones y fundaciones - Tribunal Electoral de la Ciudad de M\u00e9xico","og_description":"Boleti\u0301n No 103 Coinciden organizadores en la necesidad de mantener informada a la poblacio\u0301n sobre este tipo de enfermedades y co\u0301mo prevenirlas. 30 fotografi\u0301as representan esta muestra en la que [&hellip;]","og_url":"https:\/\/www.tecdmx.org.mx\/index.php\/comunicados\/2018\/11\/12\/inaugura-tecdmx-exposicion-fotografica-atodosnospuedepasar-en-el-sistema-de-transporte-colectivo-metro-en-coordinacion-con-diversas-instituciones-y-fundaciones\/","og_site_name":"Tribunal Electoral de la Ciudad de M\u00e9xico","article_publisher":"https:\/\/www.facebook.com\/TECDMX\/","article_published_time":"2018-11-12T20:01:43+00:00","article_modified_time":"2018-11-26T20:12:07+00:00","og_image":[{"width":2247,"height":1277,"url":"https:\/\/www.tecdmx.org.mx\/wp-content\/uploads\/2018\/07\/COMUNICADO.jpg","type":"image\/jpeg"}],"author":"Difusion2025","twitter_card":"summary_large_image","twitter_creator":"@tecdmx","twitter_site":"@tecdmx","twitter_misc":{"Escrito por":"Difusion2025","Tiempo de lectura":"2 minutos"},"schema":{"@context":"https:\/\/schema.org","@graph":[{"@type":"WebPage","@id":"https:\/\/www.tecdmx.org.mx\/index.php\/comunicados\/2018\/11\/12\/inaugura-tecdmx-exposicion-fotografica-atodosnospuedepasar-en-el-sistema-de-transporte-colectivo-metro-en-coordinacion-con-diversas-instituciones-y-fundaciones\/","url":"https:\/\/www.tecdmx.org.mx\/index.php\/comunicados\/2018\/11\/12\/inaugura-tecdmx-exposicion-fotografica-atodosnospuedepasar-en-el-sistema-de-transporte-colectivo-metro-en-coordinacion-con-diversas-instituciones-y-fundaciones\/","name":"Inaugura TECDMX exposicio\u0301n fotogra\u0301fica #ATodosNosPuedePasar en el Sistema de Transporte Colectivo Metro en coordinacio\u0301n con diversas instituciones y fundaciones - Tribunal Electoral de la Ciudad de M\u00e9xico","isPartOf":{"@id":"https:\/\/www.tecdmx.org.mx\/#website"},"primaryImageOfPage":{"@id":"https:\/\/www.tecdmx.org.mx\/index.php\/comunicados\/2018\/11\/12\/inaugura-tecdmx-exposicion-fotografica-atodosnospuedepasar-en-el-sistema-de-transporte-colectivo-metro-en-coordinacion-con-diversas-instituciones-y-fundaciones\/#primaryimage"},"image":{"@id":"https:\/\/www.tecdmx.org.mx\/index.php\/comunicados\/2018\/11\/12\/inaugura-tecdmx-exposicion-fotografica-atodosnospuedepasar-en-el-sistema-de-transporte-colectivo-metro-en-coordinacion-con-diversas-instituciones-y-fundaciones\/#primaryimage"},"thumbnailUrl":"https:\/\/www.tecdmx.org.mx\/wp-content\/uploads\/2018\/07\/COMUNICADO.jpg","datePublished":"2018-11-12T20:01:43+00:00","dateModified":"2018-11-26T20:12:07+00:00","author":{"@id":"https:\/\/www.tecdmx.org.mx\/#\/schema\/person\/208c898199fb3234203823c5f0cf31d6"},"breadcrumb":{"@id":"https:\/\/www.tecdmx.org.mx\/index.php\/comunicados\/2018\/11\/12\/inaugura-tecdmx-exposicion-fotografica-atodosnospuedepasar-en-el-sistema-de-transporte-colectivo-metro-en-coordinacion-con-diversas-instituciones-y-fundaciones\/#breadcrumb"},"inLanguage":"es","potentialAction":[{"@type":"ReadAction","target":["https:\/\/www.tecdmx.org.mx\/index.php\/comunicados\/2018\/11\/12\/inaugura-tecdmx-exposicion-fotografica-atodosnospuedepasar-en-el-sistema-de-transporte-colectivo-metro-en-coordinacion-con-diversas-instituciones-y-fundaciones\/"]}]},{"@type":"ImageObject","inLanguage":"es","@id":"https:\/\/www.tecdmx.org.mx\/index.php\/comunicados\/2018\/11\/12\/inaugura-tecdmx-exposicion-fotografica-atodosnospuedepasar-en-el-sistema-de-transporte-colectivo-metro-en-coordinacion-con-diversas-instituciones-y-fundaciones\/#primaryimage","url":"https:\/\/www.tecdmx.org.mx\/wp-content\/uploads\/2018\/07\/COMUNICADO.jpg","contentUrl":"https:\/\/www.tecdmx.org.mx\/wp-content\/uploads\/2018\/07\/COMUNICADO.jpg","width":2247,"height":1277},{"@type":"BreadcrumbList","@id":"https:\/\/www.tecdmx.org.mx\/index.php\/comunicados\/2018\/11\/12\/inaugura-tecdmx-exposicion-fotografica-atodosnospuedepasar-en-el-sistema-de-transporte-colectivo-metro-en-coordinacion-con-diversas-instituciones-y-fundaciones\/#breadcrumb","itemListElement":[{"@type":"ListItem","position":1,"name":"Portada","item":"https:\/\/www.tecdmx.org.mx\/"},{"@type":"ListItem","position":2,"name":"Inaugura TECDMX exposicio\u0301n fotogra\u0301fica #ATodosNosPuedePasar en el Sistema de Transporte Colectivo Metro en coordinacio\u0301n con diversas instituciones y fundaciones"}]},{"@type":"WebSite","@id":"https:\/\/www.tecdmx.org.mx\/#website","url":"https:\/\/www.tecdmx.org.mx\/","name":"Tribunal Electoral de la Ciudad de M\u00e9xico","description":"25 a\u00f1os garantizando justicia en tu elecci\u00f3n","potentialAction":[{"@type":"SearchAction","target":{"@type":"EntryPoint","urlTemplate":"https:\/\/www.tecdmx.org.mx\/?s={search_term_string}"},"query-input":"required name=search_term_string"}],"inLanguage":"es"},{"@type":"Person","@id":"https:\/\/www.tecdmx.org.mx\/#\/schema\/person\/208c898199fb3234203823c5f0cf31d6","name":"Difusion2025","image":{"@type":"ImageObject","inLanguage":"es","@id":"https:\/\/www.tecdmx.org.mx\/#\/schema\/person\/image\/","url":"https:\/\/secure.gravatar.com\/avatar\/6f7a4ba3acb418040e90a2eb99b5df28?s=96&d=mm&r=g","contentUrl":"https:\/\/secure.gravatar.com\/avatar\/6f7a4ba3acb418040e90a2eb99b5df28?s=96&d=mm&r=g","caption":"Difusion2025"}}]}},"_links":{"self":[{"href":"https:\/\/www.tecdmx.org.mx\/index.php\/wp-json\/wp\/v2\/posts\/5269"}],"collection":[{"href":"https:\/\/www.tecdmx.org.mx\/index.php\/wp-json\/wp\/v2\/posts"}],"about":[{"href":"https:\/\/www.tecdmx.org.mx\/index.php\/wp-json\/wp\/v2\/types\/post"}],"author":[{"embeddable":true,"href":"https:\/\/www.tecdmx.org.mx\/index.php\/wp-json\/wp\/v2\/users\/13"}],"replies":[{"embeddable":true,"href":"https:\/\/www.tecdmx.org.mx\/index.php\/wp-json\/wp\/v2\/comments?post=5269"}],"version-history":[{"count":1,"href":"https:\/\/www.tecdmx.org.mx\/index.php\/wp-json\/wp\/v2\/posts\/5269\/revisions"}],"predecessor-version":[{"id":5271,"href":"https:\/\/www.tecdmx.org.mx\/index.php\/wp-json\/wp\/v2\/posts\/5269\/revisions\/5271"}],"wp:featuredmedia":[{"embeddable":true,"href":"https:\/\/www.tecdmx.org.mx\/index.php\/wp-json\/wp\/v2\/media\/3208"}],"wp:attachment":[{"href":"https:\/\/www.tecdmx.org.mx\/index.php\/wp-json\/wp\/v2\/media?parent=5269"}],"wp:term":[{"taxonomy":"category","embeddable":true,"href":"https:\/\/www.tecdmx.org.mx\/index.php\/wp-json\/wp\/v2\/categories?post=5269"},{"taxonomy":"post_tag","embeddable":true,"href":"https:\/\/www.tecdmx.org.mx\/index.php\/wp-json\/wp\/v2\/tags?post=5269"}],"curies":[{"name":"wp","href":"https:\/\/api.w.org\/{rel}","templated":true}]}}