{"id":5272,"date":"2018-11-09T20:03:59","date_gmt":"2018-11-09T20:03:59","guid":{"rendered":"http:\/\/www2.tecdmx.org.mx\/?p=5272"},"modified":"2018-11-26T20:11:22","modified_gmt":"2018-11-26T20:11:22","slug":"confirma-tecdmx-providencia-por-la-que-se-autoriza-la-convocatoria-para-la-renovacion-de-la-dirigencia-del-pan-en-la-ciudad-de-mexico","status":"publish","type":"post","link":"https:\/\/www.tecdmx.org.mx\/index.php\/comunicados\/2018\/11\/09\/confirma-tecdmx-providencia-por-la-que-se-autoriza-la-convocatoria-para-la-renovacion-de-la-dirigencia-del-pan-en-la-ciudad-de-mexico\/","title":{"rendered":"CONFIRMA TECDMX PROVIDENCIA POR LA QUE SE AUTORIZA LA CONVOCATORIA PARA LA RENOVACIO\u0301N DE LA DIRIGENCIA DEL PAN EN LA CIUDAD DE ME\u0301XICO"},"content":{"rendered":"<p style=\"text-align: right;\">Boleti\u0301n No 102<\/p>\n<p>El Pleno del Tribunal Electoral de la Ciudad de Me\u0301xico confirmo\u0301 la providencia por la que se autoriza la Convocatoria para la eleccio\u0301n de los miembros del Comite\u0301 Directivo Regional (CDR) del Partido Accio\u0301n Nacional en la Ciudad de Me\u0301xico, al resolver 2 Juicios para la Proteccio\u0301n de los Derechos Poli\u0301tico-electorales de la Ciudadani\u0301a.<\/p>\n<p>En la Sesio\u0301n Pu\u0301blica de este viernes las Magistradas y los Magistrados resolvieron los Juicios TECDMX-JLDC-145\/2018 y TECDMX-JLDC-147\/2018 presentados por Jacobo Manfredo Bonilla Cedillo en contra de la Comisio\u0301n de Justicia del Consejo Nacional del Partido Accio\u0301n Nacional y del Comite\u0301 Directivo Regional del PAN CDMX.<\/p>\n<p>El militante impugno\u0301 la emisio\u0301n de la convocatoria para la eleccio\u0301n del nuevo CDR en la Ciudad de Me\u0301xico, asi\u0301 como el desechamiento que hizo la Comisio\u0301n de Justicia del citado partido a su recurso de inconformidad, asi\u0301 como tambie\u0301n contravino el tiempo para la recoleccio\u0301n de firmas establecido como requisito para ser candidato.<\/p>\n<p>Al respecto, el Pleno del TECDMX declaro\u0301 fundado el agravio del demandante el que contraviene el indebido desechamiento por extempora\u0301neo, en el argumento encaminado a combatir la providencia contenida en el documento 353\/2018 por la que se autoriza la convocatoria para la eleccio\u0301n de los miembros del Comite\u0301 Directivo Regional del Partido Accio\u0301n Nacional en la Ciudad de Me\u0301xico<\/p>\n<p>Asimismo, revoco\u0301 parcialmente la resolucio\u0301n emitida por la Comisio\u0301n de Justicia y Consejo Nacional de citado partido dictado en el juicio de inconformidad 243\/2018 el 05 de octubre del an\u0303o en curso por el cual se desecha por extempora\u0301neo el agravio en la parte actora encaminado a combatir la providencia por el que se autoriza la convocatoria y su respectiva publicacio\u0301n.<\/p>\n<p>Y se confirmo\u0301, en lo que fue materia de impugnacio\u0301n, la resolucio\u0301n emitida por la citada comisio\u0301n de justicia.<\/p>\n<p>En otro momento, el ciudadano Bonilla Cedillo denuncio\u0301 que hubo omisio\u0301n por la Comisio\u0301n de Justicia de su partido al no resolver su juicio de inconformidad, y se inconformo\u0301 por la publicacio\u0301n en los estrados del partido, de las firmas de apoyo que recibieron los candidatos por parte de la militancia, pues considero\u0301 que se inhibi\u0301a la participacio\u0301n en la eleccio\u0301n, asi\u0301 como tambie\u0301n considero\u0301 que esto trasgredio\u0301 el derecho a la proteccio\u0301n de los datos personales de la militancia.<\/p>\n<p>Al respecto, las Magistradas y los Magistrados declararon procedente la vi\u0301a per saltum para conocer del juicio; y lo sobreseyo\u0301 respecto a la omisio\u0301n denunciada contra la Comisio\u0301n de Justicia del Consejo Nacional del PAN al haber quedado sin materia, pues el 8 de noviembre se acredito\u0301 que ya se habi\u0301a resuelto el juicio de inconformidad intrapartidario identificado con la clave CJI\/JIM\/249\/2018.<\/p>\n<p>Finalmente, se confirmo\u0301 el acuerdo CEO\/006\/2018, del 15 de octubre, emitido por la comisio\u0301n estatal organizadora del PAN.<\/p>\n<p style=\"text-align: center;\">oOo<\/p>\n","protected":false},"excerpt":{"rendered":"<p>Boleti\u0301n No 102 El Pleno del Tribunal Electoral de la Ciudad de Me\u0301xico confirmo\u0301 la providencia por la que se autoriza la Convocatoria para la eleccio\u0301n de los miembros del [&hellip;]<\/p>\n","protected":false},"author":13,"featured_media":3208,"comment_status":"open","ping_status":"open","sticky":false,"template":"","format":"standard","meta":{"_acf_changed":false,"_exactmetrics_skip_tracking":false,"_exactmetrics_sitenote_active":false,"_exactmetrics_sitenote_note":"","_exactmetrics_sitenote_category":0,"footnotes":""},"categories":[32,47],"tags":[],"acf":[],"yoast_head":"<!-- This site is optimized with the Yoast SEO plugin v22.3 - https:\/\/yoast.com\/wordpress\/plugins\/seo\/ -->\n<title>CONFIRMA TECDMX PROVIDENCIA POR LA QUE SE AUTORIZA LA CONVOCATORIA PARA LA RENOVACIO\u0301N DE LA DIRIGENCIA DEL PAN EN LA CIUDAD DE ME\u0301XICO - Tribunal Electoral de la Ciudad de M\u00e9xico<\/title>\n<meta name=\"robots\" content=\"index, follow, max-snippet:-1, max-image-preview:large, max-video-preview:-1\" \/>\n<link rel=\"canonical\" href=\"https:\/\/www.tecdmx.org.mx\/index.php\/comunicados\/2018\/11\/09\/confirma-tecdmx-providencia-por-la-que-se-autoriza-la-convocatoria-para-la-renovacion-de-la-dirigencia-del-pan-en-la-ciudad-de-mexico\/\" \/>\n<meta property=\"og:locale\" content=\"es_ES\" \/>\n<meta property=\"og:type\" content=\"article\" \/>\n<meta property=\"og:title\" content=\"CONFIRMA TECDMX PROVIDENCIA POR LA QUE SE AUTORIZA LA CONVOCATORIA PARA LA RENOVACIO\u0301N DE LA DIRIGENCIA DEL PAN EN LA CIUDAD DE ME\u0301XICO - Tribunal Electoral de la Ciudad de M\u00e9xico\" \/>\n<meta property=\"og:description\" content=\"Boleti\u0301n No 102 El Pleno del Tribunal Electoral de la Ciudad de Me\u0301xico confirmo\u0301 la providencia por la que se autoriza la Convocatoria para la eleccio\u0301n de los miembros del [&hellip;]\" \/>\n<meta property=\"og:url\" content=\"https:\/\/www.tecdmx.org.mx\/index.php\/comunicados\/2018\/11\/09\/confirma-tecdmx-providencia-por-la-que-se-autoriza-la-convocatoria-para-la-renovacion-de-la-dirigencia-del-pan-en-la-ciudad-de-mexico\/\" \/>\n<meta property=\"og:site_name\" content=\"Tribunal Electoral de la Ciudad de M\u00e9xico\" \/>\n<meta property=\"article:publisher\" content=\"https:\/\/www.facebook.com\/TECDMX\/\" \/>\n<meta property=\"article:published_time\" content=\"2018-11-09T20:03:59+00:00\" \/>\n<meta property=\"article:modified_time\" content=\"2018-11-26T20:11:22+00:00\" \/>\n<meta property=\"og:image\" content=\"https:\/\/www.tecdmx.org.mx\/wp-content\/uploads\/2018\/07\/COMUNICADO.jpg\" \/>\n\t<meta property=\"og:image:width\" content=\"2247\" \/>\n\t<meta property=\"og:image:height\" content=\"1277\" \/>\n\t<meta property=\"og:image:type\" content=\"image\/jpeg\" \/>\n<meta name=\"author\" content=\"Difusion2025\" \/>\n<meta name=\"twitter:card\" content=\"summary_large_image\" \/>\n<meta name=\"twitter:creator\" content=\"@tecdmx\" \/>\n<meta name=\"twitter:site\" content=\"@tecdmx\" \/>\n<meta name=\"twitter:label1\" content=\"Escrito por\" \/>\n\t<meta name=\"twitter:data1\" content=\"Difusion2025\" \/>\n\t<meta name=\"twitter:label2\" content=\"Tiempo de lectura\" \/>\n\t<meta name=\"twitter:data2\" content=\"2 minutos\" \/>\n<script type=\"application\/ld+json\" class=\"yoast-schema-graph\">{\"@context\":\"https:\/\/schema.org\",\"@graph\":[{\"@type\":\"WebPage\",\"@id\":\"https:\/\/www.tecdmx.org.mx\/index.php\/comunicados\/2018\/11\/09\/confirma-tecdmx-providencia-por-la-que-se-autoriza-la-convocatoria-para-la-renovacion-de-la-dirigencia-del-pan-en-la-ciudad-de-mexico\/\",\"url\":\"https:\/\/www.tecdmx.org.mx\/index.php\/comunicados\/2018\/11\/09\/confirma-tecdmx-providencia-por-la-que-se-autoriza-la-convocatoria-para-la-renovacion-de-la-dirigencia-del-pan-en-la-ciudad-de-mexico\/\",\"name\":\"CONFIRMA TECDMX PROVIDENCIA POR LA QUE SE AUTORIZA LA CONVOCATORIA PARA LA RENOVACIO\u0301N DE LA DIRIGENCIA DEL PAN EN LA CIUDAD DE ME\u0301XICO - Tribunal Electoral de la Ciudad de M\u00e9xico\",\"isPartOf\":{\"@id\":\"https:\/\/www.tecdmx.org.mx\/#website\"},\"primaryImageOfPage\":{\"@id\":\"https:\/\/www.tecdmx.org.mx\/index.php\/comunicados\/2018\/11\/09\/confirma-tecdmx-providencia-por-la-que-se-autoriza-la-convocatoria-para-la-renovacion-de-la-dirigencia-del-pan-en-la-ciudad-de-mexico\/#primaryimage\"},\"image\":{\"@id\":\"https:\/\/www.tecdmx.org.mx\/index.php\/comunicados\/2018\/11\/09\/confirma-tecdmx-providencia-por-la-que-se-autoriza-la-convocatoria-para-la-renovacion-de-la-dirigencia-del-pan-en-la-ciudad-de-mexico\/#primaryimage\"},\"thumbnailUrl\":\"https:\/\/www.tecdmx.org.mx\/wp-content\/uploads\/2018\/07\/COMUNICADO.jpg\",\"datePublished\":\"2018-11-09T20:03:59+00:00\",\"dateModified\":\"2018-11-26T20:11:22+00:00\",\"author\":{\"@id\":\"https:\/\/www.tecdmx.org.mx\/#\/schema\/person\/208c898199fb3234203823c5f0cf31d6\"},\"breadcrumb\":{\"@id\":\"https:\/\/www.tecdmx.org.mx\/index.php\/comunicados\/2018\/11\/09\/confirma-tecdmx-providencia-por-la-que-se-autoriza-la-convocatoria-para-la-renovacion-de-la-dirigencia-del-pan-en-la-ciudad-de-mexico\/#breadcrumb\"},\"inLanguage\":\"es\",\"potentialAction\":[{\"@type\":\"ReadAction\",\"target\":[\"https:\/\/www.tecdmx.org.mx\/index.php\/comunicados\/2018\/11\/09\/confirma-tecdmx-providencia-por-la-que-se-autoriza-la-convocatoria-para-la-renovacion-de-la-dirigencia-del-pan-en-la-ciudad-de-mexico\/\"]}]},{\"@type\":\"ImageObject\",\"inLanguage\":\"es\",\"@id\":\"https:\/\/www.tecdmx.org.mx\/index.php\/comunicados\/2018\/11\/09\/confirma-tecdmx-providencia-por-la-que-se-autoriza-la-convocatoria-para-la-renovacion-de-la-dirigencia-del-pan-en-la-ciudad-de-mexico\/#primaryimage\",\"url\":\"https:\/\/www.tecdmx.org.mx\/wp-content\/uploads\/2018\/07\/COMUNICADO.jpg\",\"contentUrl\":\"https:\/\/www.tecdmx.org.mx\/wp-content\/uploads\/2018\/07\/COMUNICADO.jpg\",\"width\":2247,\"height\":1277},{\"@type\":\"BreadcrumbList\",\"@id\":\"https:\/\/www.tecdmx.org.mx\/index.php\/comunicados\/2018\/11\/09\/confirma-tecdmx-providencia-por-la-que-se-autoriza-la-convocatoria-para-la-renovacion-de-la-dirigencia-del-pan-en-la-ciudad-de-mexico\/#breadcrumb\",\"itemListElement\":[{\"@type\":\"ListItem\",\"position\":1,\"name\":\"Portada\",\"item\":\"https:\/\/www.tecdmx.org.mx\/\"},{\"@type\":\"ListItem\",\"position\":2,\"name\":\"CONFIRMA TECDMX PROVIDENCIA POR LA QUE SE AUTORIZA LA CONVOCATORIA PARA LA RENOVACIO\u0301N DE LA DIRIGENCIA DEL PAN EN LA CIUDAD DE ME\u0301XICO\"}]},{\"@type\":\"WebSite\",\"@id\":\"https:\/\/www.tecdmx.org.mx\/#website\",\"url\":\"https:\/\/www.tecdmx.org.mx\/\",\"name\":\"Tribunal Electoral de la Ciudad de M\u00e9xico\",\"description\":\"25 a\u00f1os garantizando justicia en tu elecci\u00f3n\",\"potentialAction\":[{\"@type\":\"SearchAction\",\"target\":{\"@type\":\"EntryPoint\",\"urlTemplate\":\"https:\/\/www.tecdmx.org.mx\/?s={search_term_string}\"},\"query-input\":\"required name=search_term_string\"}],\"inLanguage\":\"es\"},{\"@type\":\"Person\",\"@id\":\"https:\/\/www.tecdmx.org.mx\/#\/schema\/person\/208c898199fb3234203823c5f0cf31d6\",\"name\":\"Difusion2025\",\"image\":{\"@type\":\"ImageObject\",\"inLanguage\":\"es\",\"@id\":\"https:\/\/www.tecdmx.org.mx\/#\/schema\/person\/image\/\",\"url\":\"https:\/\/secure.gravatar.com\/avatar\/6f7a4ba3acb418040e90a2eb99b5df28?s=96&d=mm&r=g\",\"contentUrl\":\"https:\/\/secure.gravatar.com\/avatar\/6f7a4ba3acb418040e90a2eb99b5df28?s=96&d=mm&r=g\",\"caption\":\"Difusion2025\"}}]}<\/script>\n<!-- \/ Yoast SEO plugin. -->","yoast_head_json":{"title":"CONFIRMA TECDMX PROVIDENCIA POR LA QUE SE AUTORIZA LA CONVOCATORIA PARA LA RENOVACIO\u0301N DE LA DIRIGENCIA DEL PAN EN LA CIUDAD DE ME\u0301XICO - Tribunal Electoral de la Ciudad de M\u00e9xico","robots":{"index":"index","follow":"follow","max-snippet":"max-snippet:-1","max-image-preview":"max-image-preview:large","max-video-preview":"max-video-preview:-1"},"canonical":"https:\/\/www.tecdmx.org.mx\/index.php\/comunicados\/2018\/11\/09\/confirma-tecdmx-providencia-por-la-que-se-autoriza-la-convocatoria-para-la-renovacion-de-la-dirigencia-del-pan-en-la-ciudad-de-mexico\/","og_locale":"es_ES","og_type":"article","og_title":"CONFIRMA TECDMX PROVIDENCIA POR LA QUE SE AUTORIZA LA CONVOCATORIA PARA LA RENOVACIO\u0301N DE LA DIRIGENCIA DEL PAN EN LA CIUDAD DE ME\u0301XICO - Tribunal Electoral de la Ciudad de M\u00e9xico","og_description":"Boleti\u0301n No 102 El Pleno del Tribunal Electoral de la Ciudad de Me\u0301xico confirmo\u0301 la providencia por la que se autoriza la Convocatoria para la eleccio\u0301n de los miembros del [&hellip;]","og_url":"https:\/\/www.tecdmx.org.mx\/index.php\/comunicados\/2018\/11\/09\/confirma-tecdmx-providencia-por-la-que-se-autoriza-la-convocatoria-para-la-renovacion-de-la-dirigencia-del-pan-en-la-ciudad-de-mexico\/","og_site_name":"Tribunal Electoral de la Ciudad de M\u00e9xico","article_publisher":"https:\/\/www.facebook.com\/TECDMX\/","article_published_time":"2018-11-09T20:03:59+00:00","article_modified_time":"2018-11-26T20:11:22+00:00","og_image":[{"width":2247,"height":1277,"url":"https:\/\/www.tecdmx.org.mx\/wp-content\/uploads\/2018\/07\/COMUNICADO.jpg","type":"image\/jpeg"}],"author":"Difusion2025","twitter_card":"summary_large_image","twitter_creator":"@tecdmx","twitter_site":"@tecdmx","twitter_misc":{"Escrito por":"Difusion2025","Tiempo de lectura":"2 minutos"},"schema":{"@context":"https:\/\/schema.org","@graph":[{"@type":"WebPage","@id":"https:\/\/www.tecdmx.org.mx\/index.php\/comunicados\/2018\/11\/09\/confirma-tecdmx-providencia-por-la-que-se-autoriza-la-convocatoria-para-la-renovacion-de-la-dirigencia-del-pan-en-la-ciudad-de-mexico\/","url":"https:\/\/www.tecdmx.org.mx\/index.php\/comunicados\/2018\/11\/09\/confirma-tecdmx-providencia-por-la-que-se-autoriza-la-convocatoria-para-la-renovacion-de-la-dirigencia-del-pan-en-la-ciudad-de-mexico\/","name":"CONFIRMA TECDMX PROVIDENCIA POR LA QUE SE AUTORIZA LA CONVOCATORIA PARA LA RENOVACIO\u0301N DE LA DIRIGENCIA DEL PAN EN LA CIUDAD DE ME\u0301XICO - Tribunal Electoral de la Ciudad de M\u00e9xico","isPartOf":{"@id":"https:\/\/www.tecdmx.org.mx\/#website"},"primaryImageOfPage":{"@id":"https:\/\/www.tecdmx.org.mx\/index.php\/comunicados\/2018\/11\/09\/confirma-tecdmx-providencia-por-la-que-se-autoriza-la-convocatoria-para-la-renovacion-de-la-dirigencia-del-pan-en-la-ciudad-de-mexico\/#primaryimage"},"image":{"@id":"https:\/\/www.tecdmx.org.mx\/index.php\/comunicados\/2018\/11\/09\/confirma-tecdmx-providencia-por-la-que-se-autoriza-la-convocatoria-para-la-renovacion-de-la-dirigencia-del-pan-en-la-ciudad-de-mexico\/#primaryimage"},"thumbnailUrl":"https:\/\/www.tecdmx.org.mx\/wp-content\/uploads\/2018\/07\/COMUNICADO.jpg","datePublished":"2018-11-09T20:03:59+00:00","dateModified":"2018-11-26T20:11:22+00:00","author":{"@id":"https:\/\/www.tecdmx.org.mx\/#\/schema\/person\/208c898199fb3234203823c5f0cf31d6"},"breadcrumb":{"@id":"https:\/\/www.tecdmx.org.mx\/index.php\/comunicados\/2018\/11\/09\/confirma-tecdmx-providencia-por-la-que-se-autoriza-la-convocatoria-para-la-renovacion-de-la-dirigencia-del-pan-en-la-ciudad-de-mexico\/#breadcrumb"},"inLanguage":"es","potentialAction":[{"@type":"ReadAction","target":["https:\/\/www.tecdmx.org.mx\/index.php\/comunicados\/2018\/11\/09\/confirma-tecdmx-providencia-por-la-que-se-autoriza-la-convocatoria-para-la-renovacion-de-la-dirigencia-del-pan-en-la-ciudad-de-mexico\/"]}]},{"@type":"ImageObject","inLanguage":"es","@id":"https:\/\/www.tecdmx.org.mx\/index.php\/comunicados\/2018\/11\/09\/confirma-tecdmx-providencia-por-la-que-se-autoriza-la-convocatoria-para-la-renovacion-de-la-dirigencia-del-pan-en-la-ciudad-de-mexico\/#primaryimage","url":"https:\/\/www.tecdmx.org.mx\/wp-content\/uploads\/2018\/07\/COMUNICADO.jpg","contentUrl":"https:\/\/www.tecdmx.org.mx\/wp-content\/uploads\/2018\/07\/COMUNICADO.jpg","width":2247,"height":1277},{"@type":"BreadcrumbList","@id":"https:\/\/www.tecdmx.org.mx\/index.php\/comunicados\/2018\/11\/09\/confirma-tecdmx-providencia-por-la-que-se-autoriza-la-convocatoria-para-la-renovacion-de-la-dirigencia-del-pan-en-la-ciudad-de-mexico\/#breadcrumb","itemListElement":[{"@type":"ListItem","position":1,"name":"Portada","item":"https:\/\/www.tecdmx.org.mx\/"},{"@type":"ListItem","position":2,"name":"CONFIRMA TECDMX PROVIDENCIA POR LA QUE SE AUTORIZA LA CONVOCATORIA PARA LA RENOVACIO\u0301N DE LA DIRIGENCIA DEL PAN EN LA CIUDAD DE ME\u0301XICO"}]},{"@type":"WebSite","@id":"https:\/\/www.tecdmx.org.mx\/#website","url":"https:\/\/www.tecdmx.org.mx\/","name":"Tribunal Electoral de la Ciudad de M\u00e9xico","description":"25 a\u00f1os garantizando justicia en tu elecci\u00f3n","potentialAction":[{"@type":"SearchAction","target":{"@type":"EntryPoint","urlTemplate":"https:\/\/www.tecdmx.org.mx\/?s={search_term_string}"},"query-input":"required name=search_term_string"}],"inLanguage":"es"},{"@type":"Person","@id":"https:\/\/www.tecdmx.org.mx\/#\/schema\/person\/208c898199fb3234203823c5f0cf31d6","name":"Difusion2025","image":{"@type":"ImageObject","inLanguage":"es","@id":"https:\/\/www.tecdmx.org.mx\/#\/schema\/person\/image\/","url":"https:\/\/secure.gravatar.com\/avatar\/6f7a4ba3acb418040e90a2eb99b5df28?s=96&d=mm&r=g","contentUrl":"https:\/\/secure.gravatar.com\/avatar\/6f7a4ba3acb418040e90a2eb99b5df28?s=96&d=mm&r=g","caption":"Difusion2025"}}]}},"_links":{"self":[{"href":"https:\/\/www.tecdmx.org.mx\/index.php\/wp-json\/wp\/v2\/posts\/5272"}],"collection":[{"href":"https:\/\/www.tecdmx.org.mx\/index.php\/wp-json\/wp\/v2\/posts"}],"about":[{"href":"https:\/\/www.tecdmx.org.mx\/index.php\/wp-json\/wp\/v2\/types\/post"}],"author":[{"embeddable":true,"href":"https:\/\/www.tecdmx.org.mx\/index.php\/wp-json\/wp\/v2\/users\/13"}],"replies":[{"embeddable":true,"href":"https:\/\/www.tecdmx.org.mx\/index.php\/wp-json\/wp\/v2\/comments?post=5272"}],"version-history":[{"count":1,"href":"https:\/\/www.tecdmx.org.mx\/index.php\/wp-json\/wp\/v2\/posts\/5272\/revisions"}],"predecessor-version":[{"id":5274,"href":"https:\/\/www.tecdmx.org.mx\/index.php\/wp-json\/wp\/v2\/posts\/5272\/revisions\/5274"}],"wp:featuredmedia":[{"embeddable":true,"href":"https:\/\/www.tecdmx.org.mx\/index.php\/wp-json\/wp\/v2\/media\/3208"}],"wp:attachment":[{"href":"https:\/\/www.tecdmx.org.mx\/index.php\/wp-json\/wp\/v2\/media?parent=5272"}],"wp:term":[{"taxonomy":"category","embeddable":true,"href":"https:\/\/www.tecdmx.org.mx\/index.php\/wp-json\/wp\/v2\/categories?post=5272"},{"taxonomy":"post_tag","embeddable":true,"href":"https:\/\/www.tecdmx.org.mx\/index.php\/wp-json\/wp\/v2\/tags?post=5272"}],"curies":[{"name":"wp","href":"https:\/\/api.w.org\/{rel}","templated":true}]}}