{"id":52935,"date":"2024-09-23T14:17:25","date_gmt":"2024-09-23T20:17:25","guid":{"rendered":"https:\/\/www.tecdmx.org.mx\/?p=52935"},"modified":"2024-09-23T14:18:29","modified_gmt":"2024-09-23T20:18:29","slug":"aviso-de-sesion-publica-solemne-del-24-de-septiembre-de-2024","status":"publish","type":"post","link":"https:\/\/www.tecdmx.org.mx\/index.php\/avisos-publicos\/aviso-de-sesion\/2024\/09\/23\/aviso-de-sesion-publica-solemne-del-24-de-septiembre-de-2024\/","title":{"rendered":"AVISO DE SESI\u00d3N P\u00daBLICA SOLEMNE del 24 de septiembre de 2024"},"content":{"rendered":"\n<p>EN LA CIUDAD DE M\u00c9XICO, EL PLENO DEL TRIBUNAL ELECTORAL DE LA CIUDAD DE M\u00c9XICO CELEBRAR\u00c1 SESI\u00d3N P\u00daBLICA SOLEMNE <strong>EL D\u00cdA 24 DE SEPTIEMBRE DE 2024 A LAS 17:00 HORAS<\/strong>, <strong>EN EL SAL\u00d3N DESTINADO PARA TAL EFECTO<\/strong>, UBICADO EN EL TERCER PISO DE SU EDIFICIO SEDE, SITO EN CALLE MAGDALENA N\u00daMERO 21, UNIDAD TERRITORIAL DEL VALLE, DEMARCACI\u00d3N TERRITORIAL BENITO JU\u00c1REZ, C\u00d3DIGO POSTAL 03100. LO ANTERIOR, CON FUNDAMENTO EN LOS ART\u00cdCULOS 2, P\u00c1RRAFO TERCERO; 165, P\u00c1RRAFOS PRIMERO Y SEGUNDO, FRACCIONES II, III Y V; 171, 178, 179, FRACCIONES I, IV, VI, VII Y VIII; 180 FRACCI\u00d3N IV; 182 P\u00c1RRAFOS PRIMERO, SEGUNDO FRACCIONES II Y V, AS\u00cd COMO \u00daLTIMO P\u00c1RRAFO DEL C\u00d3DIGO DE INSTITUCIONES Y PROCEDIMIENTOS ELECTORALES, RELACIONADOS CON LOS NUMERALES 85 P\u00c1RRAFO PRIMERO Y 86 P\u00c1RRAFO SEGUNDO, DE LA LEY PROCESAL ELECTORAL, AMBOS DE LA CIUDAD DE M\u00c9XICO; A FIN DE RESOLVER EL ASUNTO GENERAL TECDMX-AG-008\/2024 Y CON EL OBJETO DE DAR CUMPLIMIENTO A LA ATRIBUCI\u00d3N PREVISTA EN EL ART\u00cdCULO 359, FRACCI\u00d3N IV, P\u00c1RRAFO SEGUNDO DEL CITADO C\u00d3DIGO, RELATIVA A:<\/p>\n\n\n\n<div style=\"height:50px\" aria-hidden=\"true\" class=\"wp-block-spacer\"><\/div>\n\n\n\n<p class=\"has-text-align-center has-medium-font-size\"><strong>LA DECLARACI\u00d3N DE TITULAR ELECTA DE LA JEFATURA DE GOBIERNO DE LA CIUDAD DE M\u00c9XICO A LA CIUDADANA<\/strong> <\/p>\n\n\n\n<p class=\"has-text-align-center has-large-font-size\"><strong>CLARA MARINA BRUGADA MOLINA<\/strong><\/p>\n\n\n\n<div style=\"height:50px\" aria-hidden=\"true\" class=\"wp-block-spacer\"><\/div>\n","protected":false},"excerpt":{"rendered":"<p>EN LA CIUDAD DE M\u00c9XICO, EL PLENO DEL TRIBUNAL ELECTORAL DE LA CIUDAD DE M\u00c9XICO CELEBRAR\u00c1 SESI\u00d3N P\u00daBLICA SOLEMNE EL D\u00cdA 24 DE SEPTIEMBRE DE 2024 A LAS 17:00 HORAS, [&hellip;]<\/p>\n","protected":false},"author":13,"featured_media":45591,"comment_status":"closed","ping_status":"closed","sticky":false,"template":"page-templates\/page-full-width.php","format":"standard","meta":{"_acf_changed":false,"_exactmetrics_skip_tracking":false,"_exactmetrics_sitenote_active":false,"_exactmetrics_sitenote_note":"","_exactmetrics_sitenote_category":0,"footnotes":""},"categories":[48],"tags":[],"acf":[],"yoast_head":"<!-- This site is optimized with the Yoast SEO plugin v22.3 - https:\/\/yoast.com\/wordpress\/plugins\/seo\/ -->\n<title>AVISO DE SESI\u00d3N P\u00daBLICA SOLEMNE del 24 de septiembre de 2024 - Tribunal Electoral de la Ciudad de M\u00e9xico<\/title>\n<meta name=\"robots\" content=\"index, follow, max-snippet:-1, max-image-preview:large, max-video-preview:-1\" \/>\n<link rel=\"canonical\" href=\"https:\/\/www.tecdmx.org.mx\/index.php\/avisos-publicos\/aviso-de-sesion\/2024\/09\/23\/aviso-de-sesion-publica-solemne-del-24-de-septiembre-de-2024\/\" \/>\n<meta property=\"og:locale\" content=\"es_ES\" \/>\n<meta property=\"og:type\" content=\"article\" \/>\n<meta property=\"og:title\" content=\"AVISO DE SESI\u00d3N P\u00daBLICA SOLEMNE del 24 de septiembre de 2024 - Tribunal Electoral de la Ciudad de M\u00e9xico\" \/>\n<meta property=\"og:description\" content=\"EN LA CIUDAD DE M\u00c9XICO, EL PLENO DEL TRIBUNAL ELECTORAL DE LA CIUDAD DE M\u00c9XICO CELEBRAR\u00c1 SESI\u00d3N P\u00daBLICA SOLEMNE EL D\u00cdA 24 DE SEPTIEMBRE DE 2024 A LAS 17:00 HORAS, [&hellip;]\" \/>\n<meta property=\"og:url\" content=\"https:\/\/www.tecdmx.org.mx\/index.php\/avisos-publicos\/aviso-de-sesion\/2024\/09\/23\/aviso-de-sesion-publica-solemne-del-24-de-septiembre-de-2024\/\" \/>\n<meta property=\"og:site_name\" content=\"Tribunal Electoral de la Ciudad de M\u00e9xico\" \/>\n<meta property=\"article:publisher\" content=\"https:\/\/www.facebook.com\/TECDMX\/\" \/>\n<meta property=\"article:published_time\" content=\"2024-09-23T20:17:25+00:00\" \/>\n<meta property=\"article:modified_time\" content=\"2024-09-23T20:18:29+00:00\" \/>\n<meta property=\"og:image\" content=\"https:\/\/www.tecdmx.org.mx\/wp-content\/uploads\/2023\/11\/Botones-_Sesion_publica.png\" \/>\n\t<meta property=\"og:image:width\" content=\"900\" \/>\n\t<meta property=\"og:image:height\" content=\"600\" \/>\n\t<meta property=\"og:image:type\" content=\"image\/png\" \/>\n<meta name=\"author\" content=\"Difusion2025\" \/>\n<meta name=\"twitter:card\" content=\"summary_large_image\" \/>\n<meta name=\"twitter:creator\" content=\"@tecdmx\" \/>\n<meta name=\"twitter:site\" content=\"@tecdmx\" \/>\n<meta name=\"twitter:label1\" content=\"Escrito por\" \/>\n\t<meta name=\"twitter:data1\" content=\"Difusion2025\" \/>\n\t<meta name=\"twitter:label2\" content=\"Tiempo de lectura\" \/>\n\t<meta name=\"twitter:data2\" content=\"2 minutos\" \/>\n<script type=\"application\/ld+json\" class=\"yoast-schema-graph\">{\"@context\":\"https:\/\/schema.org\",\"@graph\":[{\"@type\":\"WebPage\",\"@id\":\"https:\/\/www.tecdmx.org.mx\/index.php\/avisos-publicos\/aviso-de-sesion\/2024\/09\/23\/aviso-de-sesion-publica-solemne-del-24-de-septiembre-de-2024\/\",\"url\":\"https:\/\/www.tecdmx.org.mx\/index.php\/avisos-publicos\/aviso-de-sesion\/2024\/09\/23\/aviso-de-sesion-publica-solemne-del-24-de-septiembre-de-2024\/\",\"name\":\"AVISO DE SESI\u00d3N P\u00daBLICA SOLEMNE del 24 de septiembre de 2024 - Tribunal Electoral de la Ciudad de M\u00e9xico\",\"isPartOf\":{\"@id\":\"https:\/\/www.tecdmx.org.mx\/#website\"},\"primaryImageOfPage\":{\"@id\":\"https:\/\/www.tecdmx.org.mx\/index.php\/avisos-publicos\/aviso-de-sesion\/2024\/09\/23\/aviso-de-sesion-publica-solemne-del-24-de-septiembre-de-2024\/#primaryimage\"},\"image\":{\"@id\":\"https:\/\/www.tecdmx.org.mx\/index.php\/avisos-publicos\/aviso-de-sesion\/2024\/09\/23\/aviso-de-sesion-publica-solemne-del-24-de-septiembre-de-2024\/#primaryimage\"},\"thumbnailUrl\":\"https:\/\/www.tecdmx.org.mx\/wp-content\/uploads\/2023\/11\/Botones-_Sesion_publica.png\",\"datePublished\":\"2024-09-23T20:17:25+00:00\",\"dateModified\":\"2024-09-23T20:18:29+00:00\",\"author\":{\"@id\":\"https:\/\/www.tecdmx.org.mx\/#\/schema\/person\/208c898199fb3234203823c5f0cf31d6\"},\"breadcrumb\":{\"@id\":\"https:\/\/www.tecdmx.org.mx\/index.php\/avisos-publicos\/aviso-de-sesion\/2024\/09\/23\/aviso-de-sesion-publica-solemne-del-24-de-septiembre-de-2024\/#breadcrumb\"},\"inLanguage\":\"es\",\"potentialAction\":[{\"@type\":\"ReadAction\",\"target\":[\"https:\/\/www.tecdmx.org.mx\/index.php\/avisos-publicos\/aviso-de-sesion\/2024\/09\/23\/aviso-de-sesion-publica-solemne-del-24-de-septiembre-de-2024\/\"]}]},{\"@type\":\"ImageObject\",\"inLanguage\":\"es\",\"@id\":\"https:\/\/www.tecdmx.org.mx\/index.php\/avisos-publicos\/aviso-de-sesion\/2024\/09\/23\/aviso-de-sesion-publica-solemne-del-24-de-septiembre-de-2024\/#primaryimage\",\"url\":\"https:\/\/www.tecdmx.org.mx\/wp-content\/uploads\/2023\/11\/Botones-_Sesion_publica.png\",\"contentUrl\":\"https:\/\/www.tecdmx.org.mx\/wp-content\/uploads\/2023\/11\/Botones-_Sesion_publica.png\",\"width\":900,\"height\":600},{\"@type\":\"BreadcrumbList\",\"@id\":\"https:\/\/www.tecdmx.org.mx\/index.php\/avisos-publicos\/aviso-de-sesion\/2024\/09\/23\/aviso-de-sesion-publica-solemne-del-24-de-septiembre-de-2024\/#breadcrumb\",\"itemListElement\":[{\"@type\":\"ListItem\",\"position\":1,\"name\":\"Portada\",\"item\":\"https:\/\/www.tecdmx.org.mx\/\"},{\"@type\":\"ListItem\",\"position\":2,\"name\":\"AVISO DE SESI\u00d3N P\u00daBLICA SOLEMNE del 24 de septiembre de 2024\"}]},{\"@type\":\"WebSite\",\"@id\":\"https:\/\/www.tecdmx.org.mx\/#website\",\"url\":\"https:\/\/www.tecdmx.org.mx\/\",\"name\":\"Tribunal Electoral de la Ciudad de M\u00e9xico\",\"description\":\"25 a\u00f1os garantizando justicia en tu elecci\u00f3n\",\"potentialAction\":[{\"@type\":\"SearchAction\",\"target\":{\"@type\":\"EntryPoint\",\"urlTemplate\":\"https:\/\/www.tecdmx.org.mx\/?s={search_term_string}\"},\"query-input\":\"required name=search_term_string\"}],\"inLanguage\":\"es\"},{\"@type\":\"Person\",\"@id\":\"https:\/\/www.tecdmx.org.mx\/#\/schema\/person\/208c898199fb3234203823c5f0cf31d6\",\"name\":\"Difusion2025\",\"image\":{\"@type\":\"ImageObject\",\"inLanguage\":\"es\",\"@id\":\"https:\/\/www.tecdmx.org.mx\/#\/schema\/person\/image\/\",\"url\":\"https:\/\/secure.gravatar.com\/avatar\/6f7a4ba3acb418040e90a2eb99b5df28?s=96&d=mm&r=g\",\"contentUrl\":\"https:\/\/secure.gravatar.com\/avatar\/6f7a4ba3acb418040e90a2eb99b5df28?s=96&d=mm&r=g\",\"caption\":\"Difusion2025\"}}]}<\/script>\n<!-- \/ Yoast SEO plugin. -->","yoast_head_json":{"title":"AVISO DE SESI\u00d3N P\u00daBLICA SOLEMNE del 24 de septiembre de 2024 - Tribunal Electoral de la Ciudad de M\u00e9xico","robots":{"index":"index","follow":"follow","max-snippet":"max-snippet:-1","max-image-preview":"max-image-preview:large","max-video-preview":"max-video-preview:-1"},"canonical":"https:\/\/www.tecdmx.org.mx\/index.php\/avisos-publicos\/aviso-de-sesion\/2024\/09\/23\/aviso-de-sesion-publica-solemne-del-24-de-septiembre-de-2024\/","og_locale":"es_ES","og_type":"article","og_title":"AVISO DE SESI\u00d3N P\u00daBLICA SOLEMNE del 24 de septiembre de 2024 - Tribunal Electoral de la Ciudad de M\u00e9xico","og_description":"EN LA CIUDAD DE M\u00c9XICO, EL PLENO DEL TRIBUNAL ELECTORAL DE LA CIUDAD DE M\u00c9XICO CELEBRAR\u00c1 SESI\u00d3N P\u00daBLICA SOLEMNE EL D\u00cdA 24 DE SEPTIEMBRE DE 2024 A LAS 17:00 HORAS, [&hellip;]","og_url":"https:\/\/www.tecdmx.org.mx\/index.php\/avisos-publicos\/aviso-de-sesion\/2024\/09\/23\/aviso-de-sesion-publica-solemne-del-24-de-septiembre-de-2024\/","og_site_name":"Tribunal Electoral de la Ciudad de M\u00e9xico","article_publisher":"https:\/\/www.facebook.com\/TECDMX\/","article_published_time":"2024-09-23T20:17:25+00:00","article_modified_time":"2024-09-23T20:18:29+00:00","og_image":[{"width":900,"height":600,"url":"https:\/\/www.tecdmx.org.mx\/wp-content\/uploads\/2023\/11\/Botones-_Sesion_publica.png","type":"image\/png"}],"author":"Difusion2025","twitter_card":"summary_large_image","twitter_creator":"@tecdmx","twitter_site":"@tecdmx","twitter_misc":{"Escrito por":"Difusion2025","Tiempo de lectura":"2 minutos"},"schema":{"@context":"https:\/\/schema.org","@graph":[{"@type":"WebPage","@id":"https:\/\/www.tecdmx.org.mx\/index.php\/avisos-publicos\/aviso-de-sesion\/2024\/09\/23\/aviso-de-sesion-publica-solemne-del-24-de-septiembre-de-2024\/","url":"https:\/\/www.tecdmx.org.mx\/index.php\/avisos-publicos\/aviso-de-sesion\/2024\/09\/23\/aviso-de-sesion-publica-solemne-del-24-de-septiembre-de-2024\/","name":"AVISO DE SESI\u00d3N P\u00daBLICA SOLEMNE del 24 de septiembre de 2024 - Tribunal Electoral de la Ciudad de M\u00e9xico","isPartOf":{"@id":"https:\/\/www.tecdmx.org.mx\/#website"},"primaryImageOfPage":{"@id":"https:\/\/www.tecdmx.org.mx\/index.php\/avisos-publicos\/aviso-de-sesion\/2024\/09\/23\/aviso-de-sesion-publica-solemne-del-24-de-septiembre-de-2024\/#primaryimage"},"image":{"@id":"https:\/\/www.tecdmx.org.mx\/index.php\/avisos-publicos\/aviso-de-sesion\/2024\/09\/23\/aviso-de-sesion-publica-solemne-del-24-de-septiembre-de-2024\/#primaryimage"},"thumbnailUrl":"https:\/\/www.tecdmx.org.mx\/wp-content\/uploads\/2023\/11\/Botones-_Sesion_publica.png","datePublished":"2024-09-23T20:17:25+00:00","dateModified":"2024-09-23T20:18:29+00:00","author":{"@id":"https:\/\/www.tecdmx.org.mx\/#\/schema\/person\/208c898199fb3234203823c5f0cf31d6"},"breadcrumb":{"@id":"https:\/\/www.tecdmx.org.mx\/index.php\/avisos-publicos\/aviso-de-sesion\/2024\/09\/23\/aviso-de-sesion-publica-solemne-del-24-de-septiembre-de-2024\/#breadcrumb"},"inLanguage":"es","potentialAction":[{"@type":"ReadAction","target":["https:\/\/www.tecdmx.org.mx\/index.php\/avisos-publicos\/aviso-de-sesion\/2024\/09\/23\/aviso-de-sesion-publica-solemne-del-24-de-septiembre-de-2024\/"]}]},{"@type":"ImageObject","inLanguage":"es","@id":"https:\/\/www.tecdmx.org.mx\/index.php\/avisos-publicos\/aviso-de-sesion\/2024\/09\/23\/aviso-de-sesion-publica-solemne-del-24-de-septiembre-de-2024\/#primaryimage","url":"https:\/\/www.tecdmx.org.mx\/wp-content\/uploads\/2023\/11\/Botones-_Sesion_publica.png","contentUrl":"https:\/\/www.tecdmx.org.mx\/wp-content\/uploads\/2023\/11\/Botones-_Sesion_publica.png","width":900,"height":600},{"@type":"BreadcrumbList","@id":"https:\/\/www.tecdmx.org.mx\/index.php\/avisos-publicos\/aviso-de-sesion\/2024\/09\/23\/aviso-de-sesion-publica-solemne-del-24-de-septiembre-de-2024\/#breadcrumb","itemListElement":[{"@type":"ListItem","position":1,"name":"Portada","item":"https:\/\/www.tecdmx.org.mx\/"},{"@type":"ListItem","position":2,"name":"AVISO DE SESI\u00d3N P\u00daBLICA SOLEMNE del 24 de septiembre de 2024"}]},{"@type":"WebSite","@id":"https:\/\/www.tecdmx.org.mx\/#website","url":"https:\/\/www.tecdmx.org.mx\/","name":"Tribunal Electoral de la Ciudad de M\u00e9xico","description":"25 a\u00f1os garantizando justicia en tu elecci\u00f3n","potentialAction":[{"@type":"SearchAction","target":{"@type":"EntryPoint","urlTemplate":"https:\/\/www.tecdmx.org.mx\/?s={search_term_string}"},"query-input":"required name=search_term_string"}],"inLanguage":"es"},{"@type":"Person","@id":"https:\/\/www.tecdmx.org.mx\/#\/schema\/person\/208c898199fb3234203823c5f0cf31d6","name":"Difusion2025","image":{"@type":"ImageObject","inLanguage":"es","@id":"https:\/\/www.tecdmx.org.mx\/#\/schema\/person\/image\/","url":"https:\/\/secure.gravatar.com\/avatar\/6f7a4ba3acb418040e90a2eb99b5df28?s=96&d=mm&r=g","contentUrl":"https:\/\/secure.gravatar.com\/avatar\/6f7a4ba3acb418040e90a2eb99b5df28?s=96&d=mm&r=g","caption":"Difusion2025"}}]}},"_links":{"self":[{"href":"https:\/\/www.tecdmx.org.mx\/index.php\/wp-json\/wp\/v2\/posts\/52935"}],"collection":[{"href":"https:\/\/www.tecdmx.org.mx\/index.php\/wp-json\/wp\/v2\/posts"}],"about":[{"href":"https:\/\/www.tecdmx.org.mx\/index.php\/wp-json\/wp\/v2\/types\/post"}],"author":[{"embeddable":true,"href":"https:\/\/www.tecdmx.org.mx\/index.php\/wp-json\/wp\/v2\/users\/13"}],"replies":[{"embeddable":true,"href":"https:\/\/www.tecdmx.org.mx\/index.php\/wp-json\/wp\/v2\/comments?post=52935"}],"version-history":[{"count":3,"href":"https:\/\/www.tecdmx.org.mx\/index.php\/wp-json\/wp\/v2\/posts\/52935\/revisions"}],"predecessor-version":[{"id":52939,"href":"https:\/\/www.tecdmx.org.mx\/index.php\/wp-json\/wp\/v2\/posts\/52935\/revisions\/52939"}],"wp:featuredmedia":[{"embeddable":true,"href":"https:\/\/www.tecdmx.org.mx\/index.php\/wp-json\/wp\/v2\/media\/45591"}],"wp:attachment":[{"href":"https:\/\/www.tecdmx.org.mx\/index.php\/wp-json\/wp\/v2\/media?parent=52935"}],"wp:term":[{"taxonomy":"category","embeddable":true,"href":"https:\/\/www.tecdmx.org.mx\/index.php\/wp-json\/wp\/v2\/categories?post=52935"},{"taxonomy":"post_tag","embeddable":true,"href":"https:\/\/www.tecdmx.org.mx\/index.php\/wp-json\/wp\/v2\/tags?post=52935"}],"curies":[{"name":"wp","href":"https:\/\/api.w.org\/{rel}","templated":true}]}}