{"id":54708,"date":"2025-01-02T17:16:44","date_gmt":"2025-01-02T23:16:44","guid":{"rendered":"https:\/\/www.tecdmx.org.mx\/?p=54708"},"modified":"2025-01-07T10:26:39","modified_gmt":"2025-01-07T16:26:39","slug":"boletin-n-01","status":"publish","type":"post","link":"https:\/\/www.tecdmx.org.mx\/index.php\/comunicados\/2025\/01\/02\/boletin-n-01\/","title":{"rendered":"Bolet\u00edn N\u00b0 01"},"content":{"rendered":"\n<p class=\"has-text-align-right\">Ciudad de M\u00e9xico, a 2 de enero de 2025<\/p>\n\n\n\n<p class=\"has-text-align-right\"><strong>&nbsp;Bolet\u00edn #01<\/strong><\/p>\n\n\n\n<p class=\"has-text-align-center\"><strong>TECDMX DECLAR\u00d3 LA INEXISTENCIA DE UNA INFRACCI\u00d3N ELECTORAL ATRIBUIDA A ALESSANDRA ROJO DE LA VEGA PICCOLO.<\/strong><\/p>\n\n\n<div class=\"wp-block-image\">\n<figure class=\"aligncenter size-full\"><img loading=\"lazy\" decoding=\"async\" width=\"1280\" height=\"720\" src=\"https:\/\/www.tecdmx.org.mx\/wp-content\/uploads\/2025\/01\/SP-20250102.jpeg\" alt=\"\" class=\"wp-image-54674\" srcset=\"https:\/\/www.tecdmx.org.mx\/wp-content\/uploads\/2025\/01\/SP-20250102-444x250.jpeg 444w, https:\/\/www.tecdmx.org.mx\/wp-content\/uploads\/2025\/01\/SP-20250102-622x350.jpeg 622w, https:\/\/www.tecdmx.org.mx\/wp-content\/uploads\/2025\/01\/SP-20250102-768x432.jpeg 768w, https:\/\/www.tecdmx.org.mx\/wp-content\/uploads\/2025\/01\/SP-20250102.jpeg 1280w\" sizes=\"(max-width: 1280px) 100vw, 1280px\" \/><\/figure><\/div>\n\n\n<p>El Pleno del Tribunal Electoral de la Ciudad de M\u00e9xico (TECDMX), celebr\u00f3 esta tarde Sesi\u00f3n P\u00fablica, en la que las Magistraturas resolvieron los siguientes Procedimientos Especiales Sancionadores:<\/p>\n\n\n\n<figure class=\"wp-block-table\"><table><tbody><tr><td><strong>Expediente<\/strong><\/td><td><strong>Queja<\/strong><\/td><td><strong>Resoluci\u00f3n<\/strong><\/td><\/tr><tr><td><strong>TECDMX- PES-111\/2024<\/strong><\/td><td>Violaci\u00f3n a los principios imparcialidad, neutralidad y equidad en la contienda, as\u00ed como actos anticipados de campa\u00f1a, atribuidos a Alessandra Rojo de la Vega Piccolo, en su calidad de otrora candidata a la alcald\u00eda Cuauht\u00e9moc.<\/td><td>Se sobresey\u00f3 por una parte y por otra se declar\u00f3 la inexistencia de la infracci\u00f3n.<\/td><\/tr><tr><td><strong>TECDMX- PES-089\/2024<\/strong><\/td><td>Vulneraci\u00f3n al inter\u00e9s superior de la infancia y adolescencia, atribuida a Jorge Alvarado Galicia, entonces candidato a la Alcald\u00eda Milpa Alta, postulado por la coalici\u00f3n \u201cVA X LA CDMX\u201d y otros.<\/td><td>Se declar\u00f3 la existenciade las infracciones denunciadas, en consecuencia, se impuso una multa de diez Unidades de Medida y Actualizaci\u00f3n y una amonestaci\u00f3n.&nbsp;<\/td><\/tr><tr><td><strong>TECDMX- PES-147\/2024<\/strong><\/td><td>Promoci\u00f3n personalizada, actos anticipados de precampa\u00f1a y campa\u00f1a, atribuidos a Erika Lizeth Rosales Medina, otrora directora de Inclusi\u00f3n y Bienestar de la Alcald\u00eda Xochimilco, derivada de la colocaci\u00f3n de seis lonas y dos pintas en bardas constatadas en diversas ubicaciones dentro de la demarcaci\u00f3n territorial Xochimilco, as\u00ed como de<strong> <\/strong>culpa <em>in vigilando<\/em> atribuida a los partidos Morena, del Trabajo y Verde Ecologista de M\u00e9xico.<\/td><td>Se declar\u00f3 la<strong> <\/strong>inexistencia de las infracciones denunciadas.<\/td><\/tr><tr><td><strong>TECDMX- PES-153\/2024<\/strong><\/td><td>Actos anticipados de campa\u00f1a, promoci\u00f3n personalizada, uso indebido de recursos p\u00fablicos, vulneraci\u00f3n a los principios de imparcialidad, neutralidad y equidad en la contienda electoral, atribuidos a Alfa Eliana Gonz\u00e1lez Magallanes, en su calidad de aspirante al cargo de alcaldesa de Tlalpan, postulada por la coalici\u00f3n VA X LA CDMX, y otra persona.<\/td><td>Se declar\u00f3 la<strong> <\/strong>inexistencia de las infracciones denunciadas.<\/td><\/tr><tr><td><strong>TECDMX- PES-160\/2024<\/strong><\/td><td>Vulneraci\u00f3n al inter\u00e9s superior de la infancia y adolescencia, atribuida a Mar\u00eda Gabriela Salido Mago, otrora candidata a Diputada por el Distrito 5 Local de la Ciudad de M\u00e9xico, as\u00ed como de culpa <em>in vigilando<\/em>, atribuida a los partidos pol\u00edticos, integrantes de la coalici\u00f3n \u201cVA X LA CDMX\u201d.<\/td><td>Se declar\u00f3 la existenciade las infracciones denunciadas, en consecuencia, se impuso una multa de diez Unidades de Medida y Actualizaci\u00f3n y una amonestaci\u00f3n.&nbsp;<\/td><\/tr><tr><td><strong>TECDMX- PES-190\/2024<\/strong><\/td><td>Violencia Pol\u00edtica contra las Mujeres en Raz\u00f3n de G\u00e9nero atribuida a Armando Ram\u00edrez Fuentes, en su calidad de militante del partido Morena.<\/td><td>Se declar\u00f3 la inexistencia de la infracci\u00f3n y se dejaron sin efecto las medidas de protecci\u00f3n.<\/td><\/tr><tr><td><strong>TECDMX- PES-196\/2024<\/strong><\/td><td>Vulneraci\u00f3n al inter\u00e9s superior de la ni\u00f1ez y la adolescencia, atribuida a Ernesto Alarc\u00f3n Jim\u00e9nez, otrora candidato a la Diputaci\u00f3n Local por el Distrito 33 de la Ciudad De M\u00e9xico, postulado por la coalici\u00f3n \u201cVA X LA CDMX\u201d integrada por los partidos pol\u00edticos Acci\u00f3n Nacional, Revolucionario Institucional y de la Revoluci\u00f3n Democr\u00e1tica; as\u00ed como de culpa <em>in vigilando<\/em>, atribuida a los partidos Acci\u00f3n Nacional y Revolucionario Institucional.<\/td><td>Por una parte, se declar\u00f3 la inexistencia de la infracci\u00f3n, respecto de doce menores, no obstante, se declar\u00f3 la existencia de \u00e9sta respecto de cuatro menores y,en consecuencia, se impuso una multa de diez Unidades de Medida y Actualizaci\u00f3n, as\u00ed como una amonestaci\u00f3n p\u00fablica.<\/td><\/tr><tr><td><strong>TECDMX- PES-199\/2024<\/strong><\/td><td>Vulneraci\u00f3n al inter\u00e9s superior de la infancia y adolescencia, atribuida a<strong> <\/strong>Jos\u00e9 Octavio Rivero Villase\u00f1or, otrora candidato a la Alcald\u00eda Milpa Alta, as\u00ed como de culpa <em>in<\/em> <em>vigilando<\/em>, atribuida a los partidos Morena, del Trabajo y Verde Ecologista de M\u00e9xico.<\/td><td>Se declar\u00f3 la existenciade las infracciones denunciadas, en consecuencia, se impuso una multa de diez Unidades de Medida y Actualizaci\u00f3n y una amonestaci\u00f3n.<\/td><\/tr><tr><td><strong>TECDMX- PES-204\/2024<\/strong><\/td><td>Culpa <em>in vigilando<\/em> atribuida al Partido Acci\u00f3n Nacional, en atenci\u00f3n a lo resuelto en el Procedimiento Especial Sancionador 156\/2024.<\/td><td>Se declar\u00f3 la existencia de la omisi\u00f3n de cuidado, en consecuencia, se impusouna sanci\u00f3n consistente en una amonestaci\u00f3n p\u00fablica.<\/td><\/tr><\/tbody><\/table><\/figure>\n\n\n\n<p>Finalmente, el Pleno determin\u00f3 desechar de plano la demanda que origin\u00f3 el siguiente Juicio:<\/p>\n\n\n\n<figure class=\"wp-block-table\"><table><tbody><tr><td>&nbsp;<strong>&nbsp;Expediente<\/strong><\/td><td><strong>Acto Impugnado&nbsp;<\/strong><\/td><\/tr><tr><td><strong>TECDMX- JLDC-153\/2024<\/strong><strong><\/strong><\/td><td>Convocatoria emitida por las Autoridades Tradicionales a la Asamblea Comunitaria del pueblo de San Andr\u00e9s Mixquic.<\/td><\/tr><\/tbody><\/table><\/figure>\n\n\n\n<p class=\"has-text-align-center\">&#8211; O &#8211; O &#8211; O &#8211;<\/p>\n","protected":false},"excerpt":{"rendered":"<p>Ciudad de M\u00e9xico, a 2 de enero de 2025 &nbsp;Bolet\u00edn #01 TECDMX DECLAR\u00d3 LA INEXISTENCIA DE UNA INFRACCI\u00d3N ELECTORAL ATRIBUIDA A ALESSANDRA ROJO DE LA VEGA PICCOLO. El Pleno del [&hellip;]<\/p>\n","protected":false},"author":13,"featured_media":45590,"comment_status":"open","ping_status":"open","sticky":false,"template":"","format":"standard","meta":{"_acf_changed":false,"_exactmetrics_skip_tracking":false,"_exactmetrics_sitenote_active":false,"_exactmetrics_sitenote_note":"","_exactmetrics_sitenote_category":0,"footnotes":""},"categories":[32,47],"tags":[],"acf":[],"yoast_head":"<!-- This site is optimized with the Yoast SEO plugin v22.3 - https:\/\/yoast.com\/wordpress\/plugins\/seo\/ -->\n<title>Bolet\u00edn N\u00b0 01 - Tribunal Electoral de la Ciudad de M\u00e9xico<\/title>\n<meta name=\"robots\" content=\"index, follow, max-snippet:-1, max-image-preview:large, max-video-preview:-1\" \/>\n<link rel=\"canonical\" href=\"https:\/\/www.tecdmx.org.mx\/index.php\/comunicados\/2025\/01\/02\/boletin-n-01\/\" \/>\n<meta property=\"og:locale\" content=\"es_ES\" \/>\n<meta property=\"og:type\" content=\"article\" \/>\n<meta property=\"og:title\" content=\"Bolet\u00edn N\u00b0 01 - Tribunal Electoral de la Ciudad de M\u00e9xico\" \/>\n<meta property=\"og:description\" content=\"Ciudad de M\u00e9xico, a 2 de enero de 2025 &nbsp;Bolet\u00edn #01 TECDMX DECLAR\u00d3 LA INEXISTENCIA DE UNA INFRACCI\u00d3N ELECTORAL ATRIBUIDA A ALESSANDRA ROJO DE LA VEGA PICCOLO. El Pleno del [&hellip;]\" \/>\n<meta property=\"og:url\" content=\"https:\/\/www.tecdmx.org.mx\/index.php\/comunicados\/2025\/01\/02\/boletin-n-01\/\" \/>\n<meta property=\"og:site_name\" content=\"Tribunal Electoral de la Ciudad de M\u00e9xico\" \/>\n<meta property=\"article:publisher\" content=\"https:\/\/www.facebook.com\/TECDMX\/\" \/>\n<meta property=\"article:published_time\" content=\"2025-01-02T23:16:44+00:00\" \/>\n<meta property=\"article:modified_time\" content=\"2025-01-07T16:26:39+00:00\" \/>\n<meta property=\"og:image\" content=\"https:\/\/www.tecdmx.org.mx\/wp-content\/uploads\/2023\/11\/Botones-_Comunicado.png\" \/>\n\t<meta property=\"og:image:width\" content=\"900\" \/>\n\t<meta property=\"og:image:height\" content=\"600\" \/>\n\t<meta property=\"og:image:type\" content=\"image\/png\" \/>\n<meta name=\"author\" content=\"Difusion2025\" \/>\n<meta name=\"twitter:card\" content=\"summary_large_image\" \/>\n<meta name=\"twitter:creator\" content=\"@tecdmx\" \/>\n<meta name=\"twitter:site\" content=\"@tecdmx\" \/>\n<meta name=\"twitter:label1\" content=\"Escrito por\" \/>\n\t<meta name=\"twitter:data1\" content=\"Difusion2025\" \/>\n\t<meta name=\"twitter:label2\" content=\"Tiempo de lectura\" \/>\n\t<meta name=\"twitter:data2\" content=\"4 minutos\" \/>\n<script type=\"application\/ld+json\" class=\"yoast-schema-graph\">{\"@context\":\"https:\/\/schema.org\",\"@graph\":[{\"@type\":\"WebPage\",\"@id\":\"https:\/\/www.tecdmx.org.mx\/index.php\/comunicados\/2025\/01\/02\/boletin-n-01\/\",\"url\":\"https:\/\/www.tecdmx.org.mx\/index.php\/comunicados\/2025\/01\/02\/boletin-n-01\/\",\"name\":\"Bolet\u00edn N\u00b0 01 - Tribunal Electoral de la Ciudad de M\u00e9xico\",\"isPartOf\":{\"@id\":\"https:\/\/www.tecdmx.org.mx\/#website\"},\"primaryImageOfPage\":{\"@id\":\"https:\/\/www.tecdmx.org.mx\/index.php\/comunicados\/2025\/01\/02\/boletin-n-01\/#primaryimage\"},\"image\":{\"@id\":\"https:\/\/www.tecdmx.org.mx\/index.php\/comunicados\/2025\/01\/02\/boletin-n-01\/#primaryimage\"},\"thumbnailUrl\":\"https:\/\/www.tecdmx.org.mx\/wp-content\/uploads\/2023\/11\/Botones-_Comunicado.png\",\"datePublished\":\"2025-01-02T23:16:44+00:00\",\"dateModified\":\"2025-01-07T16:26:39+00:00\",\"author\":{\"@id\":\"https:\/\/www.tecdmx.org.mx\/#\/schema\/person\/208c898199fb3234203823c5f0cf31d6\"},\"breadcrumb\":{\"@id\":\"https:\/\/www.tecdmx.org.mx\/index.php\/comunicados\/2025\/01\/02\/boletin-n-01\/#breadcrumb\"},\"inLanguage\":\"es\",\"potentialAction\":[{\"@type\":\"ReadAction\",\"target\":[\"https:\/\/www.tecdmx.org.mx\/index.php\/comunicados\/2025\/01\/02\/boletin-n-01\/\"]}]},{\"@type\":\"ImageObject\",\"inLanguage\":\"es\",\"@id\":\"https:\/\/www.tecdmx.org.mx\/index.php\/comunicados\/2025\/01\/02\/boletin-n-01\/#primaryimage\",\"url\":\"https:\/\/www.tecdmx.org.mx\/wp-content\/uploads\/2023\/11\/Botones-_Comunicado.png\",\"contentUrl\":\"https:\/\/www.tecdmx.org.mx\/wp-content\/uploads\/2023\/11\/Botones-_Comunicado.png\",\"width\":900,\"height\":600},{\"@type\":\"BreadcrumbList\",\"@id\":\"https:\/\/www.tecdmx.org.mx\/index.php\/comunicados\/2025\/01\/02\/boletin-n-01\/#breadcrumb\",\"itemListElement\":[{\"@type\":\"ListItem\",\"position\":1,\"name\":\"Portada\",\"item\":\"https:\/\/www.tecdmx.org.mx\/\"},{\"@type\":\"ListItem\",\"position\":2,\"name\":\"Bolet\u00edn N\u00b0 01\"}]},{\"@type\":\"WebSite\",\"@id\":\"https:\/\/www.tecdmx.org.mx\/#website\",\"url\":\"https:\/\/www.tecdmx.org.mx\/\",\"name\":\"Tribunal Electoral de la Ciudad de M\u00e9xico\",\"description\":\"25 a\u00f1os garantizando justicia en tu elecci\u00f3n\",\"potentialAction\":[{\"@type\":\"SearchAction\",\"target\":{\"@type\":\"EntryPoint\",\"urlTemplate\":\"https:\/\/www.tecdmx.org.mx\/?s={search_term_string}\"},\"query-input\":\"required name=search_term_string\"}],\"inLanguage\":\"es\"},{\"@type\":\"Person\",\"@id\":\"https:\/\/www.tecdmx.org.mx\/#\/schema\/person\/208c898199fb3234203823c5f0cf31d6\",\"name\":\"Difusion2025\",\"image\":{\"@type\":\"ImageObject\",\"inLanguage\":\"es\",\"@id\":\"https:\/\/www.tecdmx.org.mx\/#\/schema\/person\/image\/\",\"url\":\"https:\/\/secure.gravatar.com\/avatar\/6f7a4ba3acb418040e90a2eb99b5df28?s=96&d=mm&r=g\",\"contentUrl\":\"https:\/\/secure.gravatar.com\/avatar\/6f7a4ba3acb418040e90a2eb99b5df28?s=96&d=mm&r=g\",\"caption\":\"Difusion2025\"}}]}<\/script>\n<!-- \/ Yoast SEO plugin. -->","yoast_head_json":{"title":"Bolet\u00edn N\u00b0 01 - Tribunal Electoral de la Ciudad de M\u00e9xico","robots":{"index":"index","follow":"follow","max-snippet":"max-snippet:-1","max-image-preview":"max-image-preview:large","max-video-preview":"max-video-preview:-1"},"canonical":"https:\/\/www.tecdmx.org.mx\/index.php\/comunicados\/2025\/01\/02\/boletin-n-01\/","og_locale":"es_ES","og_type":"article","og_title":"Bolet\u00edn N\u00b0 01 - Tribunal Electoral de la Ciudad de M\u00e9xico","og_description":"Ciudad de M\u00e9xico, a 2 de enero de 2025 &nbsp;Bolet\u00edn #01 TECDMX DECLAR\u00d3 LA INEXISTENCIA DE UNA INFRACCI\u00d3N ELECTORAL ATRIBUIDA A ALESSANDRA ROJO DE LA VEGA PICCOLO. El Pleno del [&hellip;]","og_url":"https:\/\/www.tecdmx.org.mx\/index.php\/comunicados\/2025\/01\/02\/boletin-n-01\/","og_site_name":"Tribunal Electoral de la Ciudad de M\u00e9xico","article_publisher":"https:\/\/www.facebook.com\/TECDMX\/","article_published_time":"2025-01-02T23:16:44+00:00","article_modified_time":"2025-01-07T16:26:39+00:00","og_image":[{"width":900,"height":600,"url":"https:\/\/www.tecdmx.org.mx\/wp-content\/uploads\/2023\/11\/Botones-_Comunicado.png","type":"image\/png"}],"author":"Difusion2025","twitter_card":"summary_large_image","twitter_creator":"@tecdmx","twitter_site":"@tecdmx","twitter_misc":{"Escrito por":"Difusion2025","Tiempo de lectura":"4 minutos"},"schema":{"@context":"https:\/\/schema.org","@graph":[{"@type":"WebPage","@id":"https:\/\/www.tecdmx.org.mx\/index.php\/comunicados\/2025\/01\/02\/boletin-n-01\/","url":"https:\/\/www.tecdmx.org.mx\/index.php\/comunicados\/2025\/01\/02\/boletin-n-01\/","name":"Bolet\u00edn N\u00b0 01 - Tribunal Electoral de la Ciudad de M\u00e9xico","isPartOf":{"@id":"https:\/\/www.tecdmx.org.mx\/#website"},"primaryImageOfPage":{"@id":"https:\/\/www.tecdmx.org.mx\/index.php\/comunicados\/2025\/01\/02\/boletin-n-01\/#primaryimage"},"image":{"@id":"https:\/\/www.tecdmx.org.mx\/index.php\/comunicados\/2025\/01\/02\/boletin-n-01\/#primaryimage"},"thumbnailUrl":"https:\/\/www.tecdmx.org.mx\/wp-content\/uploads\/2023\/11\/Botones-_Comunicado.png","datePublished":"2025-01-02T23:16:44+00:00","dateModified":"2025-01-07T16:26:39+00:00","author":{"@id":"https:\/\/www.tecdmx.org.mx\/#\/schema\/person\/208c898199fb3234203823c5f0cf31d6"},"breadcrumb":{"@id":"https:\/\/www.tecdmx.org.mx\/index.php\/comunicados\/2025\/01\/02\/boletin-n-01\/#breadcrumb"},"inLanguage":"es","potentialAction":[{"@type":"ReadAction","target":["https:\/\/www.tecdmx.org.mx\/index.php\/comunicados\/2025\/01\/02\/boletin-n-01\/"]}]},{"@type":"ImageObject","inLanguage":"es","@id":"https:\/\/www.tecdmx.org.mx\/index.php\/comunicados\/2025\/01\/02\/boletin-n-01\/#primaryimage","url":"https:\/\/www.tecdmx.org.mx\/wp-content\/uploads\/2023\/11\/Botones-_Comunicado.png","contentUrl":"https:\/\/www.tecdmx.org.mx\/wp-content\/uploads\/2023\/11\/Botones-_Comunicado.png","width":900,"height":600},{"@type":"BreadcrumbList","@id":"https:\/\/www.tecdmx.org.mx\/index.php\/comunicados\/2025\/01\/02\/boletin-n-01\/#breadcrumb","itemListElement":[{"@type":"ListItem","position":1,"name":"Portada","item":"https:\/\/www.tecdmx.org.mx\/"},{"@type":"ListItem","position":2,"name":"Bolet\u00edn N\u00b0 01"}]},{"@type":"WebSite","@id":"https:\/\/www.tecdmx.org.mx\/#website","url":"https:\/\/www.tecdmx.org.mx\/","name":"Tribunal Electoral de la Ciudad de M\u00e9xico","description":"25 a\u00f1os garantizando justicia en tu elecci\u00f3n","potentialAction":[{"@type":"SearchAction","target":{"@type":"EntryPoint","urlTemplate":"https:\/\/www.tecdmx.org.mx\/?s={search_term_string}"},"query-input":"required name=search_term_string"}],"inLanguage":"es"},{"@type":"Person","@id":"https:\/\/www.tecdmx.org.mx\/#\/schema\/person\/208c898199fb3234203823c5f0cf31d6","name":"Difusion2025","image":{"@type":"ImageObject","inLanguage":"es","@id":"https:\/\/www.tecdmx.org.mx\/#\/schema\/person\/image\/","url":"https:\/\/secure.gravatar.com\/avatar\/6f7a4ba3acb418040e90a2eb99b5df28?s=96&d=mm&r=g","contentUrl":"https:\/\/secure.gravatar.com\/avatar\/6f7a4ba3acb418040e90a2eb99b5df28?s=96&d=mm&r=g","caption":"Difusion2025"}}]}},"_links":{"self":[{"href":"https:\/\/www.tecdmx.org.mx\/index.php\/wp-json\/wp\/v2\/posts\/54708"}],"collection":[{"href":"https:\/\/www.tecdmx.org.mx\/index.php\/wp-json\/wp\/v2\/posts"}],"about":[{"href":"https:\/\/www.tecdmx.org.mx\/index.php\/wp-json\/wp\/v2\/types\/post"}],"author":[{"embeddable":true,"href":"https:\/\/www.tecdmx.org.mx\/index.php\/wp-json\/wp\/v2\/users\/13"}],"replies":[{"embeddable":true,"href":"https:\/\/www.tecdmx.org.mx\/index.php\/wp-json\/wp\/v2\/comments?post=54708"}],"version-history":[{"count":3,"href":"https:\/\/www.tecdmx.org.mx\/index.php\/wp-json\/wp\/v2\/posts\/54708\/revisions"}],"predecessor-version":[{"id":54717,"href":"https:\/\/www.tecdmx.org.mx\/index.php\/wp-json\/wp\/v2\/posts\/54708\/revisions\/54717"}],"wp:featuredmedia":[{"embeddable":true,"href":"https:\/\/www.tecdmx.org.mx\/index.php\/wp-json\/wp\/v2\/media\/45590"}],"wp:attachment":[{"href":"https:\/\/www.tecdmx.org.mx\/index.php\/wp-json\/wp\/v2\/media?parent=54708"}],"wp:term":[{"taxonomy":"category","embeddable":true,"href":"https:\/\/www.tecdmx.org.mx\/index.php\/wp-json\/wp\/v2\/categories?post=54708"},{"taxonomy":"post_tag","embeddable":true,"href":"https:\/\/www.tecdmx.org.mx\/index.php\/wp-json\/wp\/v2\/tags?post=54708"}],"curies":[{"name":"wp","href":"https:\/\/api.w.org\/{rel}","templated":true}]}}