{"id":56155,"date":"2025-04-24T20:11:35","date_gmt":"2025-04-25T02:11:35","guid":{"rendered":"https:\/\/www.tecdmx.org.mx\/?p=56155"},"modified":"2025-04-24T20:11:37","modified_gmt":"2025-04-25T02:11:37","slug":"boletin-n-17","status":"publish","type":"post","link":"https:\/\/www.tecdmx.org.mx\/index.php\/comunicados\/2025\/04\/24\/boletin-n-17\/","title":{"rendered":"Bolet\u00edn N\u00b0 17"},"content":{"rendered":"\n<p class=\"has-text-align-right\"><\/p>\n\n\n\n<p class=\"has-text-align-right\"><\/p>\n\n\n<div class=\"wp-block-image\">\n<figure class=\"aligncenter size-full\"><img loading=\"lazy\" decoding=\"async\" width=\"1280\" height=\"611\" src=\"https:\/\/www.tecdmx.org.mx\/wp-content\/uploads\/2025\/04\/WhatsApp-Image-2025-04-24-at-19.16.23.jpeg\" alt=\"\" class=\"wp-image-56157\" srcset=\"https:\/\/www.tecdmx.org.mx\/wp-content\/uploads\/2025\/04\/WhatsApp-Image-2025-04-24-at-19.16.23-446x213.jpeg 446w, https:\/\/www.tecdmx.org.mx\/wp-content\/uploads\/2025\/04\/WhatsApp-Image-2025-04-24-at-19.16.23-733x350.jpeg 733w, https:\/\/www.tecdmx.org.mx\/wp-content\/uploads\/2025\/04\/WhatsApp-Image-2025-04-24-at-19.16.23-768x367.jpeg 768w, https:\/\/www.tecdmx.org.mx\/wp-content\/uploads\/2025\/04\/WhatsApp-Image-2025-04-24-at-19.16.23.jpeg 1280w\" sizes=\"(max-width: 1280px) 100vw, 1280px\" \/><\/figure><\/div>\n\n\n<p><\/p>\n\n\n\n<p class=\"has-text-align-right\">Ciudad de M\u00e9xico, a 24 de abril de 2025<\/p>\n\n\n\n<p><\/p>\n\n\n\n<p class=\"has-text-align-center\"><strong>SE REALIZ\u00d3 LA INSTALACI\u00d3N DEL PLENO DEL TRIBUNAL ELECTORAL DE LA CIUDAD DE M\u00c9XICO, CON LAS MAGISTRATURAS DESIGNADAS POR EL SENADO DE LA REP\u00daBLICA EL 9 DE ABRIL DE 2025.<\/strong><\/p>\n\n\n\n<p>El Magistrado Presidente, Armando Ambriz Hern\u00e1ndez, declar\u00f3 formalmente instalado el pleno del TECDMX, conformado por las siguientes Magistraturas designadas por el Senado de la Rep\u00fablica definidas el 9 de abril del a\u00f1o en curso:<\/p>\n\n\n\n<p><strong>Armando Ambriz Hern\u00e1ndez. <\/strong>Magistrado Presidente.<\/p>\n\n\n\n<p>Licenciado en Derecho egresado de la Universidad Aut\u00f3noma de Guadalajara. Cuenta con posgrado en Derecho Corporativo y Econ\u00f3mico y Maestr\u00eda en Derecho Procesal Constitucional, ambos por la Universidad Panamericana, as\u00ed como Especialidad en Justicia Electoral.<\/p>\n\n\n\n<p>Se ha desempe\u00f1ado como servidor p\u00fablico en diversas dependencias tanto federales como estatales. Asimismo, labor\u00f3 12 a\u00f1os en el Poder Judicial de la Federaci\u00f3n como secretario de Estudio y Cuenta del Tribunal Electoral del Poder Judicial de la Federaci\u00f3n.<\/p>\n\n\n\n<p>Durante su intervenci\u00f3n, al declarar la instalaci\u00f3n de la nueva integraci\u00f3n plenaria, el Magistrado Ambriz dio la bienvenida a las nuevas Magistraturas y les invit\u00f3 a dirigir un mensaje.<\/p>\n\n\n\n<p><strong>Jos\u00e9 Jes\u00fas Hern\u00e1ndez Rodr\u00edguez. <\/strong>Magistrado Electoral.<\/p>\n\n\n\n<p>Licenciado en Derecho, Maestro en Gobierno y Pol\u00edticas P\u00fablicas y candidato a Doctor en Administraci\u00f3n P\u00fablica. Cuenta con una trayectoria profesional de m\u00e1s de catorce a\u00f1os en instituciones electorales, tanto a nivel federal como local, destacando su participaci\u00f3n en el Tribunal Electoral del Poder Judicial de la Federaci\u00f3n, el Instituto Nacional Electoral, el Instituto Electoral del Distrito Federal y el Instituto Federal Electoral.&nbsp; En el Tribunal Electoral del Poder Judicial de la Federaci\u00f3n, ha ocupado diversos cargos de alta responsabilidad, entre ellos: director General de Planeaci\u00f3n y Evaluaci\u00f3n Institucional, Secretario de Estudio y Cuenta, Director de Derechos Humanos y Participaci\u00f3n Pol\u00edtica, Director de Vinculaci\u00f3n Institucional Nacional y Secretario de Tesis.<\/p>\n\n\n\n<p>Durante su participaci\u00f3n, el magistrado Hern\u00e1ndez destac\u00f3 lo siguiente:<\/p>\n\n\n\n<ul>\n<li>Reconstruir la confianza en las instituciones de impartici\u00f3n de justicia es hoy por hoy el mayor desaf\u00edo que existe en el pa\u00eds.<\/li>\n\n\n\n<li>Ser designado como Magistrado electoral es un compromiso vital con la justicia, con la democracia y, sobre todo, con la ciudadan\u00eda.<\/li>\n\n\n\n<li>El gran reto que enfrentamos como instituciones electorales es uno solo: recuperar la confianza de la gente.<\/li>\n\n\n\n<li>Creo en la justicia, en la democracia y, sobre todo, en el poder transformador de las instituciones cuando \u00e9stas son honestas, coherentes y comprometidas.<\/li>\n\n\n\n<li>Debemos construir sentencias que no solo sean impecables en t\u00e9cnica, sino tambi\u00e9n ejemplares en \u00e9tica.<\/li>\n\n\n\n<li>La administraci\u00f3n de justicia electoral, la pluralidad de partidos, el dinamismo social y la importancia pol\u00edtica de esta metr\u00f3poli, requieren de una instituci\u00f3n electoral s\u00f3lida y eficiente que garantice que los derechos pol\u00edtico-electorales de todas las personas habitantes sean respetados pues, no hay democracia verdadera sin justicia cercana ni justicia leg\u00edtima sin reconocimiento y confianza del pueblo.<\/li>\n<\/ul>\n\n\n\n<p><strong>Laura Patricia Jim\u00e9nez Castillo. <\/strong>Magistrada Electoral.<\/p>\n\n\n\n<p>Licenciada en derecho por la Universidad Nacional Aut\u00f3noma de M\u00e9xico y Maestra en Derecho en la Divisi\u00f3n de Estudios de posgrado de la Facultad de Derecho de la Universidad Nacional Aut\u00f3noma de M\u00e9xico, donde obtuvo el grado por excelencia acad\u00e9mica.<\/p>\n\n\n\n<p>En materia electoral se desempe\u00f1\u00f3 profesionalmente en el entonces Instituto Federal Electoral dentro de la Direcci\u00f3n de Quejas de la Direcci\u00f3n Jur\u00eddica. Asimismo, fungi\u00f3 como secretaria de Estudio y Cuenta adscrita a la Sala Regional Especializada del Tribunal Electoral del Poder Judicial de la Federaci\u00f3n, donde realiz\u00f3 diversas funciones jurisdiccionales, entre ellos, la elaboraci\u00f3n de dict\u00e1menes y proyectos de sentencia.<\/p>\n\n\n\n<p>Cuenta con m\u00faltiples diplomados, seminarios y cursos de actualizaci\u00f3n y profesionalizaci\u00f3n en materia electoral, y ha impartido diversos cursos y talleres acerca del Procedimiento Especial Sancionador, Violencia Pol\u00edtica por Raz\u00f3n de G\u00e9nero y elaboraci\u00f3n de Sentencias, entre otros.<\/p>\n\n\n\n<p>Durante su intervenci\u00f3n, la Magistrada Jim\u00e9nez se\u00f1al\u00f3 que hoy inicia una nueva etapa que exige, adem\u00e1s de un rigor en el estudio jur\u00eddico, una apertura permanente al di\u00e1logo y a la construcci\u00f3n de consensos, misma que abre una oportunidad para fortalecer desde la unidad y el profesionalismo el trabajo jurisdiccional, y reiter\u00f3 su compromiso con una justicia electoral cercana, abierta, accesible, transparente y con perspectiva de g\u00e9nero, con el objetivo de que este Tribunal Electoral garantice que los derechos pol\u00edtico-electorales sean protegidos con imparcialidad y apego a los principios constitucionales.<\/p>\n\n\n\n<p><strong>Karina Salgado Lunar. <\/strong>Magistrada Electoral.<\/p>\n\n\n\n<p>Licenciada en derecho, egresada de la Universidad Nacional Aut\u00f3noma de M\u00e9xico, con Diplomado en Derecho Electoral, impartido por la Escuela Judicial Electoral del Tribunal Electoral del Poder Judicial de la Federaci\u00f3n, Fiscal\u00eda Especializada para la atenci\u00f3n de Delitos Electorales, Tribunal Electoral de la Ciudad de M\u00e9xico y el Instituto Electoral de la Ciudad de M\u00e9xico. Cuenta con una trayectoria en el \u00e1mbito electoral de m\u00e1s de 22 a\u00f1os, en la que realiz\u00f3 diversas funciones directivas, entre ellas, Titular de la Oficina de Transparencia, Acceso a la Informaci\u00f3n P\u00fablica, Datos Personales y Archivo en el Instituto Electoral de la Ciudad de M\u00e9xico. Por otra parte, fue asesora en el Instituto Electoral de la Ciudad de M\u00e9xico y prest\u00f3 sus servicios en el extinto Instituto Nacional de Transparencia, Acceso a la Informaci\u00f3n P\u00fablica y Protecci\u00f3n de Datos Personales. Asimismo, se desempe\u00f1\u00f3 en el Instituto Electoral como Asesora en la Secretar\u00eda Ejecutiva; coordinadora de gesti\u00f3n en la otrora Direcci\u00f3n Ejecutiva de Asociaciones Pol\u00edticas; subdirectora de convenios y contratos, y jefatura de departamento de registro de contratos en el \u00e1rea jur\u00eddica.<\/p>\n\n\n\n<p>Durante su intervenci\u00f3n, la Magistrada Salgado refrend\u00f3 el compromiso por servir con integridad, transparencia y dedicaci\u00f3n ante los nuevos retos que requieren de una autoridad electoral fortalecida, que garantice procesos democr\u00e1ticos y de participaci\u00f3n ciudadana justos y transparentes que promuevan la confianza p\u00fablica en una ciudad democr\u00e1tica participativa y con derechos bien establecidos.<\/p>\n\n\n\n<p><strong>Osiris V\u00e1zquez Rangel. <\/strong>Magistrado Electoral.<\/p>\n\n\n\n<p>Licenciado, Maestro y Doctor en Derecho, as\u00ed como especialista en: Derechos Humanos y Garant\u00edas Constitucionales; Ciencia Pol\u00edtica; Valoraci\u00f3n racional de la prueba con perspectiva de g\u00e9nero; y Justicia Constitucional, interpretaci\u00f3n y aplicaci\u00f3n de la Constituci\u00f3n. Ingres\u00f3 al \u00e1mbito jurisdiccional electoral en 2003, ocupando los cargos de secretario Auxiliar; secretario de Estudio y Cuenta; Coordinador de Ponencia y director del Centro de Capacitaci\u00f3n del Tribunal Electoral de la Ciudad de M\u00e9xico. En el Tribunal Electoral del Poder Judicial de la Federaci\u00f3n se desempe\u00f1\u00f3 como secretario de Estudio y Cuenta en la Sala Superior y en la Sala Regional Especializada, en la que tambi\u00e9n fue secretario Instructor.<\/p>\n\n\n\n<p>Actualmente es catedr\u00e1tico en la Divisi\u00f3n de Estudios de Posgrado de la Facultad de Derecho de la UNAM y en el Centro de Estudios Superiores en Ciencias Jur\u00eddicas y Criminol\u00f3gicas.<\/p>\n\n\n\n<p>Durante su intervenci\u00f3n, el Magistrado V\u00e1zquez resalt\u00f3 la necesidad de una democracia inclusiva en la que las reglas de los procesos electorales sean cumplidas y respetadas para que la ciudadan\u00eda tenga la confianza suficiente y participe ampliamente, tanto en las votaciones de los cargos de elecci\u00f3n popular como en los mecanismos de democracia directa. Asimismo, enfatiz\u00f3 que es necesario poner en pr\u00e1ctica la b\u00fasqueda del consenso por convencimiento, para hacer prevalecer el inter\u00e9s del derecho electoral y los principios democr\u00e1ticos, por encima de cualquier otro.<\/p>\n\n\n\n<p>Finalmente, las Magistraturas resolvieron desechar de plano las demandas que dieron origen a los siguientes juicios, debido a la presentaci\u00f3n extempor\u00e1nea de la demanda en el primer caso, y en el segundo por carecer de la firma aut\u00f3grafa de la persona promovente:<\/p>\n\n\n\n<figure class=\"wp-block-table\"><table><tbody><tr><td><strong>Expediente <\/strong><strong><\/strong><\/td><td><strong>Acto impugnado<\/strong><strong><s><\/s><\/strong><\/td><\/tr><tr><td><strong>TECDMX-JEL-022\/2025<\/strong><strong><\/strong><\/td><td>El acuerdo IECM\/ACU-CG-036\/2025, a trav\u00e9s del cual el Consejo General del Instituto Electoral de la Ciudad de M\u00e9xico aprob\u00f3 los Lineamientos para garantizar la equidad en la contienda y el cumplimiento de las reglas de propaganda para la elecci\u00f3n de personas juzgadoras del Poder Judicial de la Ciudad de M\u00e9xico.<\/td><\/tr><tr><td><strong>TECDMX-JLDC-047\/2025<\/strong><strong><\/strong><\/td><td>El acuerdo por el que la Comisi\u00f3n Permanente de Quejas del Instituto Electoral de la Ciudad de M\u00e9xico determin\u00f3 desechar la queja identificada con la clave IECM-QNA\/014\/2025.<\/td><\/tr><\/tbody><\/table><\/figure>\n\n\n\n<p>Las resoluciones de los juicios incluidos en el presente Bolet\u00edn, as\u00ed como las correspondientes a todos los casos anteriores resueltos por el Pleno del TECDMX, pueden encontrarse en el siguiente enlace:<\/p>\n\n\n\n<figure class=\"wp-block-embed is-type-wp-embed is-provider-tribunal-electoral-de-la-ciudad-de-m-xico wp-block-embed-tribunal-electoral-de-la-ciudad-de-m-xico\"><div class=\"wp-block-embed__wrapper\">\n<blockquote class=\"wp-embedded-content\" data-secret=\"yqVJQV2SfW\"><a href=\"https:\/\/www.tecdmx.org.mx\/index.php\/sentencias_inicio\/\">Sentencias<\/a><\/blockquote><iframe class=\"wp-embedded-content\" sandbox=\"allow-scripts\" security=\"restricted\" style=\"position: absolute; clip: rect(1px, 1px, 1px, 1px);\" title=\"\u00abSentencias\u00bb \u2014 Tribunal Electoral de la Ciudad de M\u00e9xico\" src=\"https:\/\/www.tecdmx.org.mx\/index.php\/sentencias_inicio\/embed\/#?secret=zywtLib2Zs#?secret=yqVJQV2SfW\" data-secret=\"yqVJQV2SfW\" width=\"500\" height=\"282\" frameborder=\"0\" marginwidth=\"0\" marginheight=\"0\" scrolling=\"no\"><\/iframe>\n<\/div><\/figure>\n\n\n\n<p>Asimismo, las sesiones p\u00fablicas pueden visualizarse en los siguientes enlaces:<\/p>\n\n\n\n<p>YouTube:&nbsp;<a href=\"https:\/\/www.youtube.com\/channel\/UCILoyDM81UjNykkgUbxpafA\">https:\/\/www.youtube.com\/channel\/UCILoyDM81UjNykkgUbxpafA<\/a><\/p>\n\n\n\n<p>Sitio Web:&nbsp;<a href=\"http:\/\/www.tecdmx.org.mx\/\">www.tecdmx.org.mx<\/a><\/p>\n","protected":false},"excerpt":{"rendered":"<p>Ciudad de M\u00e9xico, a 24 de abril de 2025 SE REALIZ\u00d3 LA INSTALACI\u00d3N DEL PLENO DEL TRIBUNAL ELECTORAL DE LA CIUDAD DE M\u00c9XICO, CON LAS MAGISTRATURAS DESIGNADAS POR EL SENADO [&hellip;]<\/p>\n","protected":false},"author":13,"featured_media":45590,"comment_status":"open","ping_status":"open","sticky":false,"template":"","format":"standard","meta":{"_acf_changed":false,"_exactmetrics_skip_tracking":false,"_exactmetrics_sitenote_active":false,"_exactmetrics_sitenote_note":"","_exactmetrics_sitenote_category":0,"footnotes":""},"categories":[32,47],"tags":[],"acf":[],"yoast_head":"<!-- This site is optimized with the Yoast SEO plugin v22.3 - https:\/\/yoast.com\/wordpress\/plugins\/seo\/ -->\n<title>Bolet\u00edn N\u00b0 17 - Tribunal Electoral de la Ciudad de M\u00e9xico<\/title>\n<meta name=\"robots\" content=\"index, follow, max-snippet:-1, max-image-preview:large, max-video-preview:-1\" \/>\n<link rel=\"canonical\" href=\"https:\/\/www.tecdmx.org.mx\/index.php\/comunicados\/2025\/04\/24\/boletin-n-17\/\" \/>\n<meta property=\"og:locale\" content=\"es_ES\" \/>\n<meta property=\"og:type\" content=\"article\" \/>\n<meta property=\"og:title\" content=\"Bolet\u00edn N\u00b0 17 - Tribunal Electoral de la Ciudad de M\u00e9xico\" \/>\n<meta property=\"og:description\" content=\"Ciudad de M\u00e9xico, a 24 de abril de 2025 SE REALIZ\u00d3 LA INSTALACI\u00d3N DEL PLENO DEL TRIBUNAL ELECTORAL DE LA CIUDAD DE M\u00c9XICO, CON LAS MAGISTRATURAS DESIGNADAS POR EL SENADO [&hellip;]\" \/>\n<meta property=\"og:url\" content=\"https:\/\/www.tecdmx.org.mx\/index.php\/comunicados\/2025\/04\/24\/boletin-n-17\/\" \/>\n<meta property=\"og:site_name\" content=\"Tribunal Electoral de la Ciudad de M\u00e9xico\" \/>\n<meta property=\"article:publisher\" content=\"https:\/\/www.facebook.com\/TECDMX\/\" \/>\n<meta property=\"article:published_time\" content=\"2025-04-25T02:11:35+00:00\" \/>\n<meta property=\"article:modified_time\" content=\"2025-04-25T02:11:37+00:00\" \/>\n<meta property=\"og:image\" content=\"https:\/\/www.tecdmx.org.mx\/wp-content\/uploads\/2023\/11\/Botones-_Comunicado.png\" \/>\n\t<meta property=\"og:image:width\" content=\"900\" \/>\n\t<meta property=\"og:image:height\" content=\"600\" \/>\n\t<meta property=\"og:image:type\" content=\"image\/png\" \/>\n<meta name=\"author\" content=\"Difusion2025\" \/>\n<meta name=\"twitter:card\" content=\"summary_large_image\" \/>\n<meta name=\"twitter:creator\" content=\"@tecdmx\" \/>\n<meta name=\"twitter:site\" content=\"@tecdmx\" \/>\n<meta name=\"twitter:label1\" content=\"Escrito por\" \/>\n\t<meta name=\"twitter:data1\" content=\"Difusion2025\" \/>\n\t<meta name=\"twitter:label2\" content=\"Tiempo de lectura\" \/>\n\t<meta name=\"twitter:data2\" content=\"7 minutos\" \/>\n<script type=\"application\/ld+json\" class=\"yoast-schema-graph\">{\"@context\":\"https:\/\/schema.org\",\"@graph\":[{\"@type\":\"WebPage\",\"@id\":\"https:\/\/www.tecdmx.org.mx\/index.php\/comunicados\/2025\/04\/24\/boletin-n-17\/\",\"url\":\"https:\/\/www.tecdmx.org.mx\/index.php\/comunicados\/2025\/04\/24\/boletin-n-17\/\",\"name\":\"Bolet\u00edn N\u00b0 17 - Tribunal Electoral de la Ciudad de M\u00e9xico\",\"isPartOf\":{\"@id\":\"https:\/\/www.tecdmx.org.mx\/#website\"},\"primaryImageOfPage\":{\"@id\":\"https:\/\/www.tecdmx.org.mx\/index.php\/comunicados\/2025\/04\/24\/boletin-n-17\/#primaryimage\"},\"image\":{\"@id\":\"https:\/\/www.tecdmx.org.mx\/index.php\/comunicados\/2025\/04\/24\/boletin-n-17\/#primaryimage\"},\"thumbnailUrl\":\"https:\/\/www.tecdmx.org.mx\/wp-content\/uploads\/2023\/11\/Botones-_Comunicado.png\",\"datePublished\":\"2025-04-25T02:11:35+00:00\",\"dateModified\":\"2025-04-25T02:11:37+00:00\",\"author\":{\"@id\":\"https:\/\/www.tecdmx.org.mx\/#\/schema\/person\/208c898199fb3234203823c5f0cf31d6\"},\"breadcrumb\":{\"@id\":\"https:\/\/www.tecdmx.org.mx\/index.php\/comunicados\/2025\/04\/24\/boletin-n-17\/#breadcrumb\"},\"inLanguage\":\"es\",\"potentialAction\":[{\"@type\":\"ReadAction\",\"target\":[\"https:\/\/www.tecdmx.org.mx\/index.php\/comunicados\/2025\/04\/24\/boletin-n-17\/\"]}]},{\"@type\":\"ImageObject\",\"inLanguage\":\"es\",\"@id\":\"https:\/\/www.tecdmx.org.mx\/index.php\/comunicados\/2025\/04\/24\/boletin-n-17\/#primaryimage\",\"url\":\"https:\/\/www.tecdmx.org.mx\/wp-content\/uploads\/2023\/11\/Botones-_Comunicado.png\",\"contentUrl\":\"https:\/\/www.tecdmx.org.mx\/wp-content\/uploads\/2023\/11\/Botones-_Comunicado.png\",\"width\":900,\"height\":600},{\"@type\":\"BreadcrumbList\",\"@id\":\"https:\/\/www.tecdmx.org.mx\/index.php\/comunicados\/2025\/04\/24\/boletin-n-17\/#breadcrumb\",\"itemListElement\":[{\"@type\":\"ListItem\",\"position\":1,\"name\":\"Portada\",\"item\":\"https:\/\/www.tecdmx.org.mx\/\"},{\"@type\":\"ListItem\",\"position\":2,\"name\":\"Bolet\u00edn N\u00b0 17\"}]},{\"@type\":\"WebSite\",\"@id\":\"https:\/\/www.tecdmx.org.mx\/#website\",\"url\":\"https:\/\/www.tecdmx.org.mx\/\",\"name\":\"Tribunal Electoral de la Ciudad de M\u00e9xico\",\"description\":\"25 a\u00f1os garantizando justicia en tu elecci\u00f3n\",\"potentialAction\":[{\"@type\":\"SearchAction\",\"target\":{\"@type\":\"EntryPoint\",\"urlTemplate\":\"https:\/\/www.tecdmx.org.mx\/?s={search_term_string}\"},\"query-input\":\"required name=search_term_string\"}],\"inLanguage\":\"es\"},{\"@type\":\"Person\",\"@id\":\"https:\/\/www.tecdmx.org.mx\/#\/schema\/person\/208c898199fb3234203823c5f0cf31d6\",\"name\":\"Difusion2025\",\"image\":{\"@type\":\"ImageObject\",\"inLanguage\":\"es\",\"@id\":\"https:\/\/www.tecdmx.org.mx\/#\/schema\/person\/image\/\",\"url\":\"https:\/\/secure.gravatar.com\/avatar\/6f7a4ba3acb418040e90a2eb99b5df28?s=96&d=mm&r=g\",\"contentUrl\":\"https:\/\/secure.gravatar.com\/avatar\/6f7a4ba3acb418040e90a2eb99b5df28?s=96&d=mm&r=g\",\"caption\":\"Difusion2025\"}}]}<\/script>\n<!-- \/ Yoast SEO plugin. -->","yoast_head_json":{"title":"Bolet\u00edn N\u00b0 17 - Tribunal Electoral de la Ciudad de M\u00e9xico","robots":{"index":"index","follow":"follow","max-snippet":"max-snippet:-1","max-image-preview":"max-image-preview:large","max-video-preview":"max-video-preview:-1"},"canonical":"https:\/\/www.tecdmx.org.mx\/index.php\/comunicados\/2025\/04\/24\/boletin-n-17\/","og_locale":"es_ES","og_type":"article","og_title":"Bolet\u00edn N\u00b0 17 - Tribunal Electoral de la Ciudad de M\u00e9xico","og_description":"Ciudad de M\u00e9xico, a 24 de abril de 2025 SE REALIZ\u00d3 LA INSTALACI\u00d3N DEL PLENO DEL TRIBUNAL ELECTORAL DE LA CIUDAD DE M\u00c9XICO, CON LAS MAGISTRATURAS DESIGNADAS POR EL SENADO [&hellip;]","og_url":"https:\/\/www.tecdmx.org.mx\/index.php\/comunicados\/2025\/04\/24\/boletin-n-17\/","og_site_name":"Tribunal Electoral de la Ciudad de M\u00e9xico","article_publisher":"https:\/\/www.facebook.com\/TECDMX\/","article_published_time":"2025-04-25T02:11:35+00:00","article_modified_time":"2025-04-25T02:11:37+00:00","og_image":[{"width":900,"height":600,"url":"https:\/\/www.tecdmx.org.mx\/wp-content\/uploads\/2023\/11\/Botones-_Comunicado.png","type":"image\/png"}],"author":"Difusion2025","twitter_card":"summary_large_image","twitter_creator":"@tecdmx","twitter_site":"@tecdmx","twitter_misc":{"Escrito por":"Difusion2025","Tiempo de lectura":"7 minutos"},"schema":{"@context":"https:\/\/schema.org","@graph":[{"@type":"WebPage","@id":"https:\/\/www.tecdmx.org.mx\/index.php\/comunicados\/2025\/04\/24\/boletin-n-17\/","url":"https:\/\/www.tecdmx.org.mx\/index.php\/comunicados\/2025\/04\/24\/boletin-n-17\/","name":"Bolet\u00edn N\u00b0 17 - Tribunal Electoral de la Ciudad de M\u00e9xico","isPartOf":{"@id":"https:\/\/www.tecdmx.org.mx\/#website"},"primaryImageOfPage":{"@id":"https:\/\/www.tecdmx.org.mx\/index.php\/comunicados\/2025\/04\/24\/boletin-n-17\/#primaryimage"},"image":{"@id":"https:\/\/www.tecdmx.org.mx\/index.php\/comunicados\/2025\/04\/24\/boletin-n-17\/#primaryimage"},"thumbnailUrl":"https:\/\/www.tecdmx.org.mx\/wp-content\/uploads\/2023\/11\/Botones-_Comunicado.png","datePublished":"2025-04-25T02:11:35+00:00","dateModified":"2025-04-25T02:11:37+00:00","author":{"@id":"https:\/\/www.tecdmx.org.mx\/#\/schema\/person\/208c898199fb3234203823c5f0cf31d6"},"breadcrumb":{"@id":"https:\/\/www.tecdmx.org.mx\/index.php\/comunicados\/2025\/04\/24\/boletin-n-17\/#breadcrumb"},"inLanguage":"es","potentialAction":[{"@type":"ReadAction","target":["https:\/\/www.tecdmx.org.mx\/index.php\/comunicados\/2025\/04\/24\/boletin-n-17\/"]}]},{"@type":"ImageObject","inLanguage":"es","@id":"https:\/\/www.tecdmx.org.mx\/index.php\/comunicados\/2025\/04\/24\/boletin-n-17\/#primaryimage","url":"https:\/\/www.tecdmx.org.mx\/wp-content\/uploads\/2023\/11\/Botones-_Comunicado.png","contentUrl":"https:\/\/www.tecdmx.org.mx\/wp-content\/uploads\/2023\/11\/Botones-_Comunicado.png","width":900,"height":600},{"@type":"BreadcrumbList","@id":"https:\/\/www.tecdmx.org.mx\/index.php\/comunicados\/2025\/04\/24\/boletin-n-17\/#breadcrumb","itemListElement":[{"@type":"ListItem","position":1,"name":"Portada","item":"https:\/\/www.tecdmx.org.mx\/"},{"@type":"ListItem","position":2,"name":"Bolet\u00edn N\u00b0 17"}]},{"@type":"WebSite","@id":"https:\/\/www.tecdmx.org.mx\/#website","url":"https:\/\/www.tecdmx.org.mx\/","name":"Tribunal Electoral de la Ciudad de M\u00e9xico","description":"25 a\u00f1os garantizando justicia en tu elecci\u00f3n","potentialAction":[{"@type":"SearchAction","target":{"@type":"EntryPoint","urlTemplate":"https:\/\/www.tecdmx.org.mx\/?s={search_term_string}"},"query-input":"required name=search_term_string"}],"inLanguage":"es"},{"@type":"Person","@id":"https:\/\/www.tecdmx.org.mx\/#\/schema\/person\/208c898199fb3234203823c5f0cf31d6","name":"Difusion2025","image":{"@type":"ImageObject","inLanguage":"es","@id":"https:\/\/www.tecdmx.org.mx\/#\/schema\/person\/image\/","url":"https:\/\/secure.gravatar.com\/avatar\/6f7a4ba3acb418040e90a2eb99b5df28?s=96&d=mm&r=g","contentUrl":"https:\/\/secure.gravatar.com\/avatar\/6f7a4ba3acb418040e90a2eb99b5df28?s=96&d=mm&r=g","caption":"Difusion2025"}}]}},"_links":{"self":[{"href":"https:\/\/www.tecdmx.org.mx\/index.php\/wp-json\/wp\/v2\/posts\/56155"}],"collection":[{"href":"https:\/\/www.tecdmx.org.mx\/index.php\/wp-json\/wp\/v2\/posts"}],"about":[{"href":"https:\/\/www.tecdmx.org.mx\/index.php\/wp-json\/wp\/v2\/types\/post"}],"author":[{"embeddable":true,"href":"https:\/\/www.tecdmx.org.mx\/index.php\/wp-json\/wp\/v2\/users\/13"}],"replies":[{"embeddable":true,"href":"https:\/\/www.tecdmx.org.mx\/index.php\/wp-json\/wp\/v2\/comments?post=56155"}],"version-history":[{"count":1,"href":"https:\/\/www.tecdmx.org.mx\/index.php\/wp-json\/wp\/v2\/posts\/56155\/revisions"}],"predecessor-version":[{"id":56158,"href":"https:\/\/www.tecdmx.org.mx\/index.php\/wp-json\/wp\/v2\/posts\/56155\/revisions\/56158"}],"wp:featuredmedia":[{"embeddable":true,"href":"https:\/\/www.tecdmx.org.mx\/index.php\/wp-json\/wp\/v2\/media\/45590"}],"wp:attachment":[{"href":"https:\/\/www.tecdmx.org.mx\/index.php\/wp-json\/wp\/v2\/media?parent=56155"}],"wp:term":[{"taxonomy":"category","embeddable":true,"href":"https:\/\/www.tecdmx.org.mx\/index.php\/wp-json\/wp\/v2\/categories?post=56155"},{"taxonomy":"post_tag","embeddable":true,"href":"https:\/\/www.tecdmx.org.mx\/index.php\/wp-json\/wp\/v2\/tags?post=56155"}],"curies":[{"name":"wp","href":"https:\/\/api.w.org\/{rel}","templated":true}]}}