{"id":56593,"date":"2025-06-05T18:05:01","date_gmt":"2025-06-06T00:05:01","guid":{"rendered":"https:\/\/www.tecdmx.org.mx\/?p=56593"},"modified":"2025-06-05T18:05:03","modified_gmt":"2025-06-06T00:05:03","slug":"boletin-n-21","status":"publish","type":"post","link":"https:\/\/www.tecdmx.org.mx\/index.php\/comunicados\/2025\/06\/05\/boletin-n-21\/","title":{"rendered":"Bolet\u00edn N\u00b0 21"},"content":{"rendered":"\n<p class=\"has-text-align-right\"><\/p>\n\n\n<div class=\"wp-block-image\">\n<figure class=\"aligncenter size-full\"><img loading=\"lazy\" decoding=\"async\" width=\"1280\" height=\"597\" src=\"https:\/\/www.tecdmx.org.mx\/wp-content\/uploads\/2025\/06\/WhatsApp-Image-2025-06-05-at-18.00.06.jpeg\" alt=\"\" class=\"wp-image-56594\" srcset=\"https:\/\/www.tecdmx.org.mx\/wp-content\/uploads\/2025\/06\/WhatsApp-Image-2025-06-05-at-18.00.06-446x208.jpeg 446w, https:\/\/www.tecdmx.org.mx\/wp-content\/uploads\/2025\/06\/WhatsApp-Image-2025-06-05-at-18.00.06-750x350.jpeg 750w, https:\/\/www.tecdmx.org.mx\/wp-content\/uploads\/2025\/06\/WhatsApp-Image-2025-06-05-at-18.00.06-768x358.jpeg 768w, https:\/\/www.tecdmx.org.mx\/wp-content\/uploads\/2025\/06\/WhatsApp-Image-2025-06-05-at-18.00.06.jpeg 1280w\" sizes=\"(max-width: 1280px) 100vw, 1280px\" \/><\/figure><\/div>\n\n\n<p class=\"has-text-align-right\">Ciudad de M\u00e9xico, a 5 de junio de 2025<\/p>\n\n\n\n<p class=\"has-text-align-center\"><strong>EL TECDMX CONFIRM\u00d3 LA INSACULACI\u00d3N PARA DESIGNAR A UNA PERSONA REPRESENTANTE DE LA UNIDAD TERRITORIAL DM NACIONAL, ANTE LA COORDINACI\u00d3N DE PARTICIPACI\u00d3N COMUNITARIA<\/strong><\/p>\n\n\n\n<p>El Pleno del Tribunal Electoral de la Ciudad de M\u00e9xico (TECDMX), celebr\u00f3 esta tarde Sesi\u00f3n P\u00fablica, en la que las Magistraturas resolvieron el siguiente Juicio para la Protecci\u00f3n de los Derechos Pol\u00edtico-electorales de la Ciudadan\u00eda:<\/p>\n\n\n\n<figure class=\"wp-block-table\"><table><tbody><tr><td><strong>Expediente<\/strong><\/td><td><strong>Acto Impugnado<\/strong><\/td><td><strong>Resoluci\u00f3n<\/strong><\/td><\/tr><tr><td><strong>TECDMX-JLDC-054\/2025 Y TECDMX-JLDC-055\/2025 ACUMULADO<\/strong><strong><\/strong><\/td><td>La reuni\u00f3n de insaculaci\u00f3n celebrada el once de abril de dos mil veinticinco por la Comisi\u00f3n de Participaci\u00f3n Comunitaria de la Unidad Territorial DM Nacional, Gustavo A. Madero, para designar a la persona representante y sus auxiliares ante la Coordinaci\u00f3n de Participaci\u00f3n Comunitaria.<\/td><td>Se confirm\u00f3 el acto controvertido.<\/td><\/tr><\/tbody><\/table><\/figure>\n\n\n\n<p>Asimismo, el Pleno resolvi\u00f3 los siguientes Juicios:<\/p>\n\n\n\n<figure class=\"wp-block-table\"><table><tbody><tr><td colspan=\"3\"><strong>Juicios electorales<\/strong><\/td><\/tr><tr><td><strong>Expediente<\/strong><\/td><td><strong>Acto Impugnado<\/strong><\/td><td><strong>Resoluci\u00f3n<\/strong><\/td><\/tr><tr><td><strong>TECDMX-JEL-017\/2025 Y TECDMX-JEL-031\/2025 ACUMULADO<\/strong><strong><\/strong><\/td><td><a>\u201cConvocatoria a la reuni\u00f3n de trabajo de la Comisi\u00f3n de Participaci\u00f3n Comunitaria<\/a>\u201d, de la Unidad Territorial Independencia San Ram\u00f3n (U-Hab), clave 08-017, en la Alcald\u00eda La Magdalena Contreras.<\/td><td><a>Por una parte, se sobresee la demanda del JEL 031, y por otra, se confirm\u00f3 el acto controvertido.<\/a><\/td><\/tr><\/tbody><\/table><\/figure>\n\n\n\n<figure class=\"wp-block-table\"><table><tbody><tr><td colspan=\"3\"><strong>Juicios para la Protecci\u00f3n de los Derechos Pol\u00edtico-electorales de la Ciudadan\u00eda<\/strong><\/td><\/tr><tr><td><strong>Expediente<\/strong><\/td><td><strong>Acto Impugnado<\/strong><\/td><td><strong>Resoluci\u00f3n<\/strong><\/td><\/tr><tr><td><strong>TECDMX-JLDC-052\/2025<\/strong><strong><\/strong><\/td><td>Asamblea informativa de veintitr\u00e9s de febrero y la Asamblea de deliberaci\u00f3n, determinaci\u00f3n y decisi\u00f3n de seis de abril, ambas de dos mil veinticinco, relativas al Presupuesto Participativo 2025, celebradas en el Pueblo de Santa Cecilia Tepetlapa.<\/td><td>Por una parte, se sobresee el medio de impugnaci\u00f3n toda vez que \u00e9ste se present\u00f3 de manera extempor\u00e1nea, respecto de la asamblea de veintitr\u00e9s de abril y, por otra parte, confirm\u00f3 la asamblea de seis de abril.<\/td><\/tr><tr><td><strong>TECDMX-JLDC-057\/2025<\/strong><strong><\/strong><\/td><td>La asamblea comunitaria informativa celebrada el veintisiete de abril del a\u00f1o en curso, en el pueblo originario de San Andr\u00e9s Totoltepec, Tlalpan.<\/td><td>Seconfirm\u00f3la asamblea controvertida. &nbsp;&nbsp;&nbsp;&nbsp;&nbsp;&nbsp;&nbsp;&nbsp;&nbsp;&nbsp;&nbsp;&nbsp;&nbsp;&nbsp;<\/td><\/tr><\/tbody><\/table><\/figure>\n\n\n\n<p>Finalmente, el Pleno determin\u00f3 desechar de plano las demandas que dieron origen a los siguientes juicios, por haberse presentado fuera del plazo legal:<\/p>\n\n\n\n<figure class=\"wp-block-table\"><table><tbody><tr><td><strong>Expediente <\/strong><strong><\/strong><\/td><td><strong>Acto impugnado<\/strong><strong><s><\/s><\/strong><\/td><\/tr><tr><td><strong>TECDMX-JEL-032\/2025<\/strong><strong><\/strong><\/td><td>El acuerdo IECM\/ACU-CG-062\/2025 emitido por el Consejo General del Instituto Electoral de la Ciudad de M\u00e9xico el treinta de abril del a\u00f1o en curso por el que se aprueba la designaci\u00f3n y lista de reserva de Supervisores\/as Electorales Locales y Capacitadores\/as Asistentes Electorales Locales.<\/td><\/tr><tr><td><strong>TECDMX-JLDC-060\/2025<\/strong><\/td><td>La resoluci\u00f3n de once de abril del a\u00f1o en curso, emitida en el expediente CNHJ-CM-127-2025 por la Comisi\u00f3n Nacional de Honestidad y Justicia del Partido Morena.<\/td><\/tr><\/tbody><\/table><\/figure>\n\n\n\n<p>Las resoluciones de los juicios incluidos en el presente Bolet\u00edn, as\u00ed como las correspondientes a todos los casos anteriores resueltos por el Pleno del TECDMX, pueden encontrarse en el siguiente enlace:<\/p>\n\n\n\n<figure class=\"wp-block-embed is-type-wp-embed is-provider-tribunal-electoral-de-la-ciudad-de-m-xico wp-block-embed-tribunal-electoral-de-la-ciudad-de-m-xico\"><div class=\"wp-block-embed__wrapper\">\n<blockquote class=\"wp-embedded-content\" data-secret=\"yqVJQV2SfW\"><a href=\"https:\/\/www.tecdmx.org.mx\/index.php\/sentencias_inicio\/\">Sentencias<\/a><\/blockquote><iframe class=\"wp-embedded-content\" sandbox=\"allow-scripts\" security=\"restricted\" style=\"position: absolute; clip: rect(1px, 1px, 1px, 1px);\" title=\"\u00abSentencias\u00bb \u2014 Tribunal Electoral de la Ciudad de M\u00e9xico\" src=\"https:\/\/www.tecdmx.org.mx\/index.php\/sentencias_inicio\/embed\/#?secret=zywtLib2Zs#?secret=yqVJQV2SfW\" data-secret=\"yqVJQV2SfW\" width=\"500\" height=\"282\" frameborder=\"0\" marginwidth=\"0\" marginheight=\"0\" scrolling=\"no\"><\/iframe>\n<\/div><\/figure>\n\n\n\n<p>Asimismo, las sesiones p\u00fablicas pueden visualizarse en los siguientes enlaces:<\/p>\n\n\n\n<p>YouTube:&nbsp;<a href=\"https:\/\/www.youtube.com\/channel\/UCILoyDM81UjNykkgUbxpafA\">https:\/\/www.youtube.com\/channel\/UCILoyDM81UjNykkgUbxpafA<\/a><\/p>\n\n\n\n<p>Sitio Web:&nbsp;<a href=\"http:\/\/www.tecdmx.org.mx\/\">www.tecdmx.org.mx<\/a><\/p>\n","protected":false},"excerpt":{"rendered":"<p>Ciudad de M\u00e9xico, a 5 de junio de 2025 EL TECDMX CONFIRM\u00d3 LA INSACULACI\u00d3N PARA DESIGNAR A UNA PERSONA REPRESENTANTE DE LA UNIDAD TERRITORIAL DM NACIONAL, ANTE LA COORDINACI\u00d3N DE [&hellip;]<\/p>\n","protected":false},"author":13,"featured_media":45590,"comment_status":"open","ping_status":"open","sticky":false,"template":"","format":"standard","meta":{"_acf_changed":false,"_exactmetrics_skip_tracking":false,"_exactmetrics_sitenote_active":false,"_exactmetrics_sitenote_note":"","_exactmetrics_sitenote_category":0,"footnotes":""},"categories":[32,47],"tags":[],"acf":[],"yoast_head":"<!-- This site is optimized with the Yoast SEO plugin v22.3 - https:\/\/yoast.com\/wordpress\/plugins\/seo\/ -->\n<title>Bolet\u00edn N\u00b0 21 - Tribunal Electoral de la Ciudad de M\u00e9xico<\/title>\n<meta name=\"robots\" content=\"index, follow, max-snippet:-1, max-image-preview:large, max-video-preview:-1\" \/>\n<link rel=\"canonical\" href=\"https:\/\/www.tecdmx.org.mx\/index.php\/comunicados\/2025\/06\/05\/boletin-n-21\/\" \/>\n<meta property=\"og:locale\" content=\"es_ES\" \/>\n<meta property=\"og:type\" content=\"article\" \/>\n<meta property=\"og:title\" content=\"Bolet\u00edn N\u00b0 21 - Tribunal Electoral de la Ciudad de M\u00e9xico\" \/>\n<meta property=\"og:description\" content=\"Ciudad de M\u00e9xico, a 5 de junio de 2025 EL TECDMX CONFIRM\u00d3 LA INSACULACI\u00d3N PARA DESIGNAR A UNA PERSONA REPRESENTANTE DE LA UNIDAD TERRITORIAL DM NACIONAL, ANTE LA COORDINACI\u00d3N DE [&hellip;]\" \/>\n<meta property=\"og:url\" content=\"https:\/\/www.tecdmx.org.mx\/index.php\/comunicados\/2025\/06\/05\/boletin-n-21\/\" \/>\n<meta property=\"og:site_name\" content=\"Tribunal Electoral de la Ciudad de M\u00e9xico\" \/>\n<meta property=\"article:publisher\" content=\"https:\/\/www.facebook.com\/TECDMX\/\" \/>\n<meta property=\"article:published_time\" content=\"2025-06-06T00:05:01+00:00\" \/>\n<meta property=\"article:modified_time\" content=\"2025-06-06T00:05:03+00:00\" \/>\n<meta property=\"og:image\" content=\"https:\/\/www.tecdmx.org.mx\/wp-content\/uploads\/2023\/11\/Botones-_Comunicado.png\" \/>\n\t<meta property=\"og:image:width\" content=\"900\" \/>\n\t<meta property=\"og:image:height\" content=\"600\" \/>\n\t<meta property=\"og:image:type\" content=\"image\/png\" \/>\n<meta name=\"author\" content=\"Difusion2025\" \/>\n<meta name=\"twitter:card\" content=\"summary_large_image\" \/>\n<meta name=\"twitter:creator\" content=\"@tecdmx\" \/>\n<meta name=\"twitter:site\" content=\"@tecdmx\" \/>\n<meta name=\"twitter:label1\" content=\"Escrito por\" \/>\n\t<meta name=\"twitter:data1\" content=\"Difusion2025\" \/>\n\t<meta name=\"twitter:label2\" content=\"Tiempo de lectura\" \/>\n\t<meta name=\"twitter:data2\" content=\"3 minutos\" \/>\n<script type=\"application\/ld+json\" class=\"yoast-schema-graph\">{\"@context\":\"https:\/\/schema.org\",\"@graph\":[{\"@type\":\"WebPage\",\"@id\":\"https:\/\/www.tecdmx.org.mx\/index.php\/comunicados\/2025\/06\/05\/boletin-n-21\/\",\"url\":\"https:\/\/www.tecdmx.org.mx\/index.php\/comunicados\/2025\/06\/05\/boletin-n-21\/\",\"name\":\"Bolet\u00edn N\u00b0 21 - Tribunal Electoral de la Ciudad de M\u00e9xico\",\"isPartOf\":{\"@id\":\"https:\/\/www.tecdmx.org.mx\/#website\"},\"primaryImageOfPage\":{\"@id\":\"https:\/\/www.tecdmx.org.mx\/index.php\/comunicados\/2025\/06\/05\/boletin-n-21\/#primaryimage\"},\"image\":{\"@id\":\"https:\/\/www.tecdmx.org.mx\/index.php\/comunicados\/2025\/06\/05\/boletin-n-21\/#primaryimage\"},\"thumbnailUrl\":\"https:\/\/www.tecdmx.org.mx\/wp-content\/uploads\/2023\/11\/Botones-_Comunicado.png\",\"datePublished\":\"2025-06-06T00:05:01+00:00\",\"dateModified\":\"2025-06-06T00:05:03+00:00\",\"author\":{\"@id\":\"https:\/\/www.tecdmx.org.mx\/#\/schema\/person\/208c898199fb3234203823c5f0cf31d6\"},\"breadcrumb\":{\"@id\":\"https:\/\/www.tecdmx.org.mx\/index.php\/comunicados\/2025\/06\/05\/boletin-n-21\/#breadcrumb\"},\"inLanguage\":\"es\",\"potentialAction\":[{\"@type\":\"ReadAction\",\"target\":[\"https:\/\/www.tecdmx.org.mx\/index.php\/comunicados\/2025\/06\/05\/boletin-n-21\/\"]}]},{\"@type\":\"ImageObject\",\"inLanguage\":\"es\",\"@id\":\"https:\/\/www.tecdmx.org.mx\/index.php\/comunicados\/2025\/06\/05\/boletin-n-21\/#primaryimage\",\"url\":\"https:\/\/www.tecdmx.org.mx\/wp-content\/uploads\/2023\/11\/Botones-_Comunicado.png\",\"contentUrl\":\"https:\/\/www.tecdmx.org.mx\/wp-content\/uploads\/2023\/11\/Botones-_Comunicado.png\",\"width\":900,\"height\":600},{\"@type\":\"BreadcrumbList\",\"@id\":\"https:\/\/www.tecdmx.org.mx\/index.php\/comunicados\/2025\/06\/05\/boletin-n-21\/#breadcrumb\",\"itemListElement\":[{\"@type\":\"ListItem\",\"position\":1,\"name\":\"Portada\",\"item\":\"https:\/\/www.tecdmx.org.mx\/\"},{\"@type\":\"ListItem\",\"position\":2,\"name\":\"Bolet\u00edn N\u00b0 21\"}]},{\"@type\":\"WebSite\",\"@id\":\"https:\/\/www.tecdmx.org.mx\/#website\",\"url\":\"https:\/\/www.tecdmx.org.mx\/\",\"name\":\"Tribunal Electoral de la Ciudad de M\u00e9xico\",\"description\":\"25 a\u00f1os garantizando justicia en tu elecci\u00f3n\",\"potentialAction\":[{\"@type\":\"SearchAction\",\"target\":{\"@type\":\"EntryPoint\",\"urlTemplate\":\"https:\/\/www.tecdmx.org.mx\/?s={search_term_string}\"},\"query-input\":\"required name=search_term_string\"}],\"inLanguage\":\"es\"},{\"@type\":\"Person\",\"@id\":\"https:\/\/www.tecdmx.org.mx\/#\/schema\/person\/208c898199fb3234203823c5f0cf31d6\",\"name\":\"Difusion2025\",\"image\":{\"@type\":\"ImageObject\",\"inLanguage\":\"es\",\"@id\":\"https:\/\/www.tecdmx.org.mx\/#\/schema\/person\/image\/\",\"url\":\"https:\/\/secure.gravatar.com\/avatar\/6f7a4ba3acb418040e90a2eb99b5df28?s=96&d=mm&r=g\",\"contentUrl\":\"https:\/\/secure.gravatar.com\/avatar\/6f7a4ba3acb418040e90a2eb99b5df28?s=96&d=mm&r=g\",\"caption\":\"Difusion2025\"}}]}<\/script>\n<!-- \/ Yoast SEO plugin. -->","yoast_head_json":{"title":"Bolet\u00edn N\u00b0 21 - Tribunal Electoral de la Ciudad de M\u00e9xico","robots":{"index":"index","follow":"follow","max-snippet":"max-snippet:-1","max-image-preview":"max-image-preview:large","max-video-preview":"max-video-preview:-1"},"canonical":"https:\/\/www.tecdmx.org.mx\/index.php\/comunicados\/2025\/06\/05\/boletin-n-21\/","og_locale":"es_ES","og_type":"article","og_title":"Bolet\u00edn N\u00b0 21 - Tribunal Electoral de la Ciudad de M\u00e9xico","og_description":"Ciudad de M\u00e9xico, a 5 de junio de 2025 EL TECDMX CONFIRM\u00d3 LA INSACULACI\u00d3N PARA DESIGNAR A UNA PERSONA REPRESENTANTE DE LA UNIDAD TERRITORIAL DM NACIONAL, ANTE LA COORDINACI\u00d3N DE [&hellip;]","og_url":"https:\/\/www.tecdmx.org.mx\/index.php\/comunicados\/2025\/06\/05\/boletin-n-21\/","og_site_name":"Tribunal Electoral de la Ciudad de M\u00e9xico","article_publisher":"https:\/\/www.facebook.com\/TECDMX\/","article_published_time":"2025-06-06T00:05:01+00:00","article_modified_time":"2025-06-06T00:05:03+00:00","og_image":[{"width":900,"height":600,"url":"https:\/\/www.tecdmx.org.mx\/wp-content\/uploads\/2023\/11\/Botones-_Comunicado.png","type":"image\/png"}],"author":"Difusion2025","twitter_card":"summary_large_image","twitter_creator":"@tecdmx","twitter_site":"@tecdmx","twitter_misc":{"Escrito por":"Difusion2025","Tiempo de lectura":"3 minutos"},"schema":{"@context":"https:\/\/schema.org","@graph":[{"@type":"WebPage","@id":"https:\/\/www.tecdmx.org.mx\/index.php\/comunicados\/2025\/06\/05\/boletin-n-21\/","url":"https:\/\/www.tecdmx.org.mx\/index.php\/comunicados\/2025\/06\/05\/boletin-n-21\/","name":"Bolet\u00edn N\u00b0 21 - Tribunal Electoral de la Ciudad de M\u00e9xico","isPartOf":{"@id":"https:\/\/www.tecdmx.org.mx\/#website"},"primaryImageOfPage":{"@id":"https:\/\/www.tecdmx.org.mx\/index.php\/comunicados\/2025\/06\/05\/boletin-n-21\/#primaryimage"},"image":{"@id":"https:\/\/www.tecdmx.org.mx\/index.php\/comunicados\/2025\/06\/05\/boletin-n-21\/#primaryimage"},"thumbnailUrl":"https:\/\/www.tecdmx.org.mx\/wp-content\/uploads\/2023\/11\/Botones-_Comunicado.png","datePublished":"2025-06-06T00:05:01+00:00","dateModified":"2025-06-06T00:05:03+00:00","author":{"@id":"https:\/\/www.tecdmx.org.mx\/#\/schema\/person\/208c898199fb3234203823c5f0cf31d6"},"breadcrumb":{"@id":"https:\/\/www.tecdmx.org.mx\/index.php\/comunicados\/2025\/06\/05\/boletin-n-21\/#breadcrumb"},"inLanguage":"es","potentialAction":[{"@type":"ReadAction","target":["https:\/\/www.tecdmx.org.mx\/index.php\/comunicados\/2025\/06\/05\/boletin-n-21\/"]}]},{"@type":"ImageObject","inLanguage":"es","@id":"https:\/\/www.tecdmx.org.mx\/index.php\/comunicados\/2025\/06\/05\/boletin-n-21\/#primaryimage","url":"https:\/\/www.tecdmx.org.mx\/wp-content\/uploads\/2023\/11\/Botones-_Comunicado.png","contentUrl":"https:\/\/www.tecdmx.org.mx\/wp-content\/uploads\/2023\/11\/Botones-_Comunicado.png","width":900,"height":600},{"@type":"BreadcrumbList","@id":"https:\/\/www.tecdmx.org.mx\/index.php\/comunicados\/2025\/06\/05\/boletin-n-21\/#breadcrumb","itemListElement":[{"@type":"ListItem","position":1,"name":"Portada","item":"https:\/\/www.tecdmx.org.mx\/"},{"@type":"ListItem","position":2,"name":"Bolet\u00edn N\u00b0 21"}]},{"@type":"WebSite","@id":"https:\/\/www.tecdmx.org.mx\/#website","url":"https:\/\/www.tecdmx.org.mx\/","name":"Tribunal Electoral de la Ciudad de M\u00e9xico","description":"25 a\u00f1os garantizando justicia en tu elecci\u00f3n","potentialAction":[{"@type":"SearchAction","target":{"@type":"EntryPoint","urlTemplate":"https:\/\/www.tecdmx.org.mx\/?s={search_term_string}"},"query-input":"required name=search_term_string"}],"inLanguage":"es"},{"@type":"Person","@id":"https:\/\/www.tecdmx.org.mx\/#\/schema\/person\/208c898199fb3234203823c5f0cf31d6","name":"Difusion2025","image":{"@type":"ImageObject","inLanguage":"es","@id":"https:\/\/www.tecdmx.org.mx\/#\/schema\/person\/image\/","url":"https:\/\/secure.gravatar.com\/avatar\/6f7a4ba3acb418040e90a2eb99b5df28?s=96&d=mm&r=g","contentUrl":"https:\/\/secure.gravatar.com\/avatar\/6f7a4ba3acb418040e90a2eb99b5df28?s=96&d=mm&r=g","caption":"Difusion2025"}}]}},"_links":{"self":[{"href":"https:\/\/www.tecdmx.org.mx\/index.php\/wp-json\/wp\/v2\/posts\/56593"}],"collection":[{"href":"https:\/\/www.tecdmx.org.mx\/index.php\/wp-json\/wp\/v2\/posts"}],"about":[{"href":"https:\/\/www.tecdmx.org.mx\/index.php\/wp-json\/wp\/v2\/types\/post"}],"author":[{"embeddable":true,"href":"https:\/\/www.tecdmx.org.mx\/index.php\/wp-json\/wp\/v2\/users\/13"}],"replies":[{"embeddable":true,"href":"https:\/\/www.tecdmx.org.mx\/index.php\/wp-json\/wp\/v2\/comments?post=56593"}],"version-history":[{"count":1,"href":"https:\/\/www.tecdmx.org.mx\/index.php\/wp-json\/wp\/v2\/posts\/56593\/revisions"}],"predecessor-version":[{"id":56596,"href":"https:\/\/www.tecdmx.org.mx\/index.php\/wp-json\/wp\/v2\/posts\/56593\/revisions\/56596"}],"wp:featuredmedia":[{"embeddable":true,"href":"https:\/\/www.tecdmx.org.mx\/index.php\/wp-json\/wp\/v2\/media\/45590"}],"wp:attachment":[{"href":"https:\/\/www.tecdmx.org.mx\/index.php\/wp-json\/wp\/v2\/media?parent=56593"}],"wp:term":[{"taxonomy":"category","embeddable":true,"href":"https:\/\/www.tecdmx.org.mx\/index.php\/wp-json\/wp\/v2\/categories?post=56593"},{"taxonomy":"post_tag","embeddable":true,"href":"https:\/\/www.tecdmx.org.mx\/index.php\/wp-json\/wp\/v2\/tags?post=56593"}],"curies":[{"name":"wp","href":"https:\/\/api.w.org\/{rel}","templated":true}]}}