{"id":56675,"date":"2025-06-12T16:45:12","date_gmt":"2025-06-12T22:45:12","guid":{"rendered":"https:\/\/www.tecdmx.org.mx\/?p=56675"},"modified":"2025-06-12T16:45:26","modified_gmt":"2025-06-12T22:45:26","slug":"boletin-n-22","status":"publish","type":"post","link":"https:\/\/www.tecdmx.org.mx\/index.php\/comunicados\/2025\/06\/12\/boletin-n-22\/","title":{"rendered":"Bolet\u00edn N\u00b0 22"},"content":{"rendered":"\n<p class=\"has-text-align-right\"><\/p>\n\n\n<div class=\"wp-block-image\">\n<figure class=\"aligncenter size-full\"><img loading=\"lazy\" decoding=\"async\" width=\"1280\" height=\"720\" src=\"https:\/\/www.tecdmx.org.mx\/wp-content\/uploads\/2025\/06\/WhatsApp-Image-2025-06-12-at-15.10.13.jpeg\" alt=\"\" class=\"wp-image-56676\" srcset=\"https:\/\/www.tecdmx.org.mx\/wp-content\/uploads\/2025\/06\/WhatsApp-Image-2025-06-12-at-15.10.13-444x250.jpeg 444w, https:\/\/www.tecdmx.org.mx\/wp-content\/uploads\/2025\/06\/WhatsApp-Image-2025-06-12-at-15.10.13-622x350.jpeg 622w, https:\/\/www.tecdmx.org.mx\/wp-content\/uploads\/2025\/06\/WhatsApp-Image-2025-06-12-at-15.10.13-768x432.jpeg 768w, https:\/\/www.tecdmx.org.mx\/wp-content\/uploads\/2025\/06\/WhatsApp-Image-2025-06-12-at-15.10.13.jpeg 1280w\" sizes=\"(max-width: 1280px) 100vw, 1280px\" \/><\/figure><\/div>\n\n\n<p class=\"has-text-align-right\">Ciudad de M\u00e9xico, a 12 de junio de 2025<\/p>\n\n\n\n<p><strong>\u00a0<\/strong><\/p>\n\n\n\n<p class=\"has-text-align-center\"><strong>EL TECDMX CONFIRM\u00d3 <\/strong><strong>LA DETERMINACI\u00d3N DE LAS AUTORIDADES TRADICIONALES DEL PUEBLO ORIGINARIO DE SAN PEDRO TL\u00c1HUAC, RESPECTO DE LA SELECCI\u00d3N DE UN PROYECTO DE PRESUPUESTO PARTICIPATIVO 2025.<\/strong><strong><\/strong><\/p>\n\n\n\n<p>El Pleno del Tribunal Electoral de la Ciudad de M\u00e9xico (TECDMX), celebr\u00f3 esta tarde Sesi\u00f3n P\u00fablica, en la que las Magistraturas resolvieron el siguiente Juicio para la protecci\u00f3n de los derechos pol\u00edtico-electorales de la ciudadan\u00eda:<\/p>\n\n\n\n<figure class=\"wp-block-table\"><table><tbody><tr><td><strong>Expediente<\/strong><\/td><td><strong>Acto Impugnado<\/strong><\/td><td><strong>Resoluci\u00f3n<\/strong><\/td><\/tr><tr><td><strong>TECDMX-JLDC-061\/2025<\/strong><strong><\/strong><\/td><td>La determinaci\u00f3n de las autoridades tradicionales del pueblo originario de San Pedro Tl\u00e1huac, respecto de la elecci\u00f3n del proyecto para ser ejecutado con los recursos del presupuesto participativo 2025, sin ponerlo a consideraci\u00f3n a trav\u00e9s de una asamblea.<\/td><td>Se confirm\u00f3 la determinaci\u00f3n impugnada.<\/td><\/tr><\/tbody><\/table><\/figure>\n\n\n\n<p>Asimismo, el Pleno resolvi\u00f3 los siguientes juicios y procedimiento:<\/p>\n\n\n\n<figure class=\"wp-block-table\"><table><tbody><tr><td colspan=\"3\"><strong>Juicio Electoral<\/strong><\/td><\/tr><tr><td><strong>Expediente<\/strong><\/td><td><strong>Acto Impugnado<\/strong><\/td><td><strong>Resoluci\u00f3n<\/strong><\/td><\/tr><tr><td><strong>TECDMX-JEL-024\/2025<\/strong><strong><\/strong><\/td><td>Actos atribuidos al \u00d3rgano Dictaminador de la Alcald\u00eda Xochimilco, consistentes en la presunta omisi\u00f3n de notificar a la parte actora, la sesi\u00f3n en la que se resolvi\u00f3 la viabilidad t\u00e9cnica del proyecto denominado \u201cEncausamiento del Agua Pluvial hacia la Barranca\u201d, correspondiente a la Unidad Territorial San Mateo Xalpa, en el marco del Presupuesto Participativo 2025.<\/td><td>Se confirmaron los actos impugnados.<\/td><\/tr><\/tbody><\/table><\/figure>\n\n\n\n<figure class=\"wp-block-table\"><table><tbody><tr><td colspan=\"3\"><strong>Juicios para la <\/strong><strong>P<\/strong><strong>rotecci\u00f3n de los <\/strong><strong>D<\/strong><strong>erechos <\/strong><strong>P<\/strong><strong>ol\u00edtico-<\/strong><strong>E<\/strong><strong>lectorales de la Ciudadan\u00eda<\/strong><\/td><\/tr><tr><td><strong>Expediente<\/strong><\/td><td><strong>Acto Impugnado<\/strong><\/td><td><strong>Resoluci\u00f3n<\/strong><\/td><\/tr><tr><td><strong>TECDMX-JLDC-063\/2025<\/strong><strong><\/strong><\/td><td>La Asamblea de once de mayo de dos mil veinticinco, en la cual, se realiz\u00f3 la Consulta Ind\u00edgena respecto al proyecto \u201cUtop\u00eda\u201d, en el Pueblo Originario de San Pedro Cuajimalpa, en la Alcald\u00eda Cuajimalpa de Morelos.<\/td><td>Se confirm\u00f3 la Asamblea controvertida.<\/td><\/tr><tr><td><strong>TECDMX-JLDC-066\/2025 Y TECDMX-JLDC-067\/2025 <\/strong><strong>ACUMULADO<\/strong><strong><\/strong><\/td><td><a>Las resoluciones de ocho de mayo de dos mil veinticinco, emitidas por la Comisi\u00f3n Nacional de Honestidad y Justicia de MORENA en los expedientes CNHJ-CN-142\/2025 y CNHJ-CN-143\/2025, en las que determin\u00f3 el desechamiento de las quejas contenidas en los mismos<\/a>.<\/td><td>Se confirmaron las resoluciones partidistas.<\/td><\/tr><\/tbody><\/table><\/figure>\n\n\n\n<figure class=\"wp-block-table\"><table><tbody><tr><td colspan=\"3\"><strong>Procedimiento Especial <s>S<\/s>ancionador<\/strong><\/td><\/tr><tr><td><strong>Expediente<\/strong><\/td><td><strong>Acto Impugnado<\/strong><\/td><td><strong>Resoluci\u00f3n<\/strong><\/td><\/tr><tr><td><strong>TECDMX-PES-007\/2025<\/strong><\/td><td>Vulneraci\u00f3n al principio de laicidad atribuida a Nadia Sierra Campos, candidata a Magistrada en Materia Familiar por el distrito judicial electoral local 10 de la Ciudad de M\u00e9xico.<\/td><td>Se declar\u00f3 inexistente la infracci\u00f3n denunciada.<\/td><\/tr><\/tbody><\/table><\/figure>\n\n\n\n<p>Las resoluciones de los juicios y el procedimiento, incluidos en el presente Bolet\u00edn, as\u00ed como las correspondientes a todos los casos anteriores resueltos por el Pleno del TECDMX, pueden encontrarse en el siguiente enlace:<\/p>\n\n\n\n<figure class=\"wp-block-embed is-type-wp-embed is-provider-tribunal-electoral-de-la-ciudad-de-m-xico wp-block-embed-tribunal-electoral-de-la-ciudad-de-m-xico\"><div class=\"wp-block-embed__wrapper\">\n<blockquote class=\"wp-embedded-content\" data-secret=\"yqVJQV2SfW\"><a href=\"https:\/\/www.tecdmx.org.mx\/index.php\/sentencias_inicio\/\">Sentencias<\/a><\/blockquote><iframe class=\"wp-embedded-content\" sandbox=\"allow-scripts\" security=\"restricted\" style=\"position: absolute; clip: rect(1px, 1px, 1px, 1px);\" title=\"\u00abSentencias\u00bb \u2014 Tribunal Electoral de la Ciudad de M\u00e9xico\" src=\"https:\/\/www.tecdmx.org.mx\/index.php\/sentencias_inicio\/embed\/#?secret=zywtLib2Zs#?secret=yqVJQV2SfW\" data-secret=\"yqVJQV2SfW\" width=\"500\" height=\"282\" frameborder=\"0\" marginwidth=\"0\" marginheight=\"0\" scrolling=\"no\"><\/iframe>\n<\/div><\/figure>\n\n\n\n<p>Asimismo, las sesiones p\u00fablicas pueden visualizarse en los siguientes enlaces:<\/p>\n\n\n\n<p>YouTube:&nbsp;<a href=\"https:\/\/www.youtube.com\/channel\/UCILoyDM81UjNykkgUbxpafA\">https:\/\/www.youtube.com\/channel\/UCILoyDM81UjNykkgUbxpafA<\/a><\/p>\n\n\n\n<p>Sitio Web: <a href=\"http:\/\/www.tecdmx.org.mx\">www.tecdmx.org.mx<\/a><\/p>\n","protected":false},"excerpt":{"rendered":"<p>Ciudad de M\u00e9xico, a 12 de junio de 2025 \u00a0 EL TECDMX CONFIRM\u00d3 LA DETERMINACI\u00d3N DE LAS AUTORIDADES TRADICIONALES DEL PUEBLO ORIGINARIO DE SAN PEDRO TL\u00c1HUAC, RESPECTO DE LA SELECCI\u00d3N [&hellip;]<\/p>\n","protected":false},"author":13,"featured_media":45590,"comment_status":"open","ping_status":"open","sticky":false,"template":"","format":"standard","meta":{"_acf_changed":false,"_exactmetrics_skip_tracking":false,"_exactmetrics_sitenote_active":false,"_exactmetrics_sitenote_note":"","_exactmetrics_sitenote_category":0,"footnotes":""},"categories":[32,47],"tags":[],"acf":[],"yoast_head":"<!-- This site is optimized with the Yoast SEO plugin v22.3 - https:\/\/yoast.com\/wordpress\/plugins\/seo\/ -->\n<title>Bolet\u00edn N\u00b0 22 - Tribunal Electoral de la Ciudad de M\u00e9xico<\/title>\n<meta name=\"robots\" content=\"index, follow, max-snippet:-1, max-image-preview:large, max-video-preview:-1\" \/>\n<link rel=\"canonical\" href=\"https:\/\/www.tecdmx.org.mx\/index.php\/comunicados\/2025\/06\/12\/boletin-n-22\/\" \/>\n<meta property=\"og:locale\" content=\"es_ES\" \/>\n<meta property=\"og:type\" content=\"article\" \/>\n<meta property=\"og:title\" content=\"Bolet\u00edn N\u00b0 22 - Tribunal Electoral de la Ciudad de M\u00e9xico\" \/>\n<meta property=\"og:description\" content=\"Ciudad de M\u00e9xico, a 12 de junio de 2025 \u00a0 EL TECDMX CONFIRM\u00d3 LA DETERMINACI\u00d3N DE LAS AUTORIDADES TRADICIONALES DEL PUEBLO ORIGINARIO DE SAN PEDRO TL\u00c1HUAC, RESPECTO DE LA SELECCI\u00d3N [&hellip;]\" \/>\n<meta property=\"og:url\" content=\"https:\/\/www.tecdmx.org.mx\/index.php\/comunicados\/2025\/06\/12\/boletin-n-22\/\" \/>\n<meta property=\"og:site_name\" content=\"Tribunal Electoral de la Ciudad de M\u00e9xico\" \/>\n<meta property=\"article:publisher\" content=\"https:\/\/www.facebook.com\/TECDMX\/\" \/>\n<meta property=\"article:published_time\" content=\"2025-06-12T22:45:12+00:00\" \/>\n<meta property=\"article:modified_time\" content=\"2025-06-12T22:45:26+00:00\" \/>\n<meta property=\"og:image\" content=\"https:\/\/www.tecdmx.org.mx\/wp-content\/uploads\/2023\/11\/Botones-_Comunicado.png\" \/>\n\t<meta property=\"og:image:width\" content=\"900\" \/>\n\t<meta property=\"og:image:height\" content=\"600\" \/>\n\t<meta property=\"og:image:type\" content=\"image\/png\" \/>\n<meta name=\"author\" content=\"Difusion2025\" \/>\n<meta name=\"twitter:card\" content=\"summary_large_image\" \/>\n<meta name=\"twitter:creator\" content=\"@tecdmx\" \/>\n<meta name=\"twitter:site\" content=\"@tecdmx\" \/>\n<meta name=\"twitter:label1\" content=\"Escrito por\" \/>\n\t<meta name=\"twitter:data1\" content=\"Difusion2025\" \/>\n\t<meta name=\"twitter:label2\" content=\"Tiempo de lectura\" \/>\n\t<meta name=\"twitter:data2\" content=\"3 minutos\" \/>\n<script type=\"application\/ld+json\" class=\"yoast-schema-graph\">{\"@context\":\"https:\/\/schema.org\",\"@graph\":[{\"@type\":\"WebPage\",\"@id\":\"https:\/\/www.tecdmx.org.mx\/index.php\/comunicados\/2025\/06\/12\/boletin-n-22\/\",\"url\":\"https:\/\/www.tecdmx.org.mx\/index.php\/comunicados\/2025\/06\/12\/boletin-n-22\/\",\"name\":\"Bolet\u00edn N\u00b0 22 - Tribunal Electoral de la Ciudad de M\u00e9xico\",\"isPartOf\":{\"@id\":\"https:\/\/www.tecdmx.org.mx\/#website\"},\"primaryImageOfPage\":{\"@id\":\"https:\/\/www.tecdmx.org.mx\/index.php\/comunicados\/2025\/06\/12\/boletin-n-22\/#primaryimage\"},\"image\":{\"@id\":\"https:\/\/www.tecdmx.org.mx\/index.php\/comunicados\/2025\/06\/12\/boletin-n-22\/#primaryimage\"},\"thumbnailUrl\":\"https:\/\/www.tecdmx.org.mx\/wp-content\/uploads\/2023\/11\/Botones-_Comunicado.png\",\"datePublished\":\"2025-06-12T22:45:12+00:00\",\"dateModified\":\"2025-06-12T22:45:26+00:00\",\"author\":{\"@id\":\"https:\/\/www.tecdmx.org.mx\/#\/schema\/person\/208c898199fb3234203823c5f0cf31d6\"},\"breadcrumb\":{\"@id\":\"https:\/\/www.tecdmx.org.mx\/index.php\/comunicados\/2025\/06\/12\/boletin-n-22\/#breadcrumb\"},\"inLanguage\":\"es\",\"potentialAction\":[{\"@type\":\"ReadAction\",\"target\":[\"https:\/\/www.tecdmx.org.mx\/index.php\/comunicados\/2025\/06\/12\/boletin-n-22\/\"]}]},{\"@type\":\"ImageObject\",\"inLanguage\":\"es\",\"@id\":\"https:\/\/www.tecdmx.org.mx\/index.php\/comunicados\/2025\/06\/12\/boletin-n-22\/#primaryimage\",\"url\":\"https:\/\/www.tecdmx.org.mx\/wp-content\/uploads\/2023\/11\/Botones-_Comunicado.png\",\"contentUrl\":\"https:\/\/www.tecdmx.org.mx\/wp-content\/uploads\/2023\/11\/Botones-_Comunicado.png\",\"width\":900,\"height\":600},{\"@type\":\"BreadcrumbList\",\"@id\":\"https:\/\/www.tecdmx.org.mx\/index.php\/comunicados\/2025\/06\/12\/boletin-n-22\/#breadcrumb\",\"itemListElement\":[{\"@type\":\"ListItem\",\"position\":1,\"name\":\"Portada\",\"item\":\"https:\/\/www.tecdmx.org.mx\/\"},{\"@type\":\"ListItem\",\"position\":2,\"name\":\"Bolet\u00edn N\u00b0 22\"}]},{\"@type\":\"WebSite\",\"@id\":\"https:\/\/www.tecdmx.org.mx\/#website\",\"url\":\"https:\/\/www.tecdmx.org.mx\/\",\"name\":\"Tribunal Electoral de la Ciudad de M\u00e9xico\",\"description\":\"25 a\u00f1os garantizando justicia en tu elecci\u00f3n\",\"potentialAction\":[{\"@type\":\"SearchAction\",\"target\":{\"@type\":\"EntryPoint\",\"urlTemplate\":\"https:\/\/www.tecdmx.org.mx\/?s={search_term_string}\"},\"query-input\":\"required name=search_term_string\"}],\"inLanguage\":\"es\"},{\"@type\":\"Person\",\"@id\":\"https:\/\/www.tecdmx.org.mx\/#\/schema\/person\/208c898199fb3234203823c5f0cf31d6\",\"name\":\"Difusion2025\",\"image\":{\"@type\":\"ImageObject\",\"inLanguage\":\"es\",\"@id\":\"https:\/\/www.tecdmx.org.mx\/#\/schema\/person\/image\/\",\"url\":\"https:\/\/secure.gravatar.com\/avatar\/6f7a4ba3acb418040e90a2eb99b5df28?s=96&d=mm&r=g\",\"contentUrl\":\"https:\/\/secure.gravatar.com\/avatar\/6f7a4ba3acb418040e90a2eb99b5df28?s=96&d=mm&r=g\",\"caption\":\"Difusion2025\"}}]}<\/script>\n<!-- \/ Yoast SEO plugin. -->","yoast_head_json":{"title":"Bolet\u00edn N\u00b0 22 - Tribunal Electoral de la Ciudad de M\u00e9xico","robots":{"index":"index","follow":"follow","max-snippet":"max-snippet:-1","max-image-preview":"max-image-preview:large","max-video-preview":"max-video-preview:-1"},"canonical":"https:\/\/www.tecdmx.org.mx\/index.php\/comunicados\/2025\/06\/12\/boletin-n-22\/","og_locale":"es_ES","og_type":"article","og_title":"Bolet\u00edn N\u00b0 22 - Tribunal Electoral de la Ciudad de M\u00e9xico","og_description":"Ciudad de M\u00e9xico, a 12 de junio de 2025 \u00a0 EL TECDMX CONFIRM\u00d3 LA DETERMINACI\u00d3N DE LAS AUTORIDADES TRADICIONALES DEL PUEBLO ORIGINARIO DE SAN PEDRO TL\u00c1HUAC, RESPECTO DE LA SELECCI\u00d3N [&hellip;]","og_url":"https:\/\/www.tecdmx.org.mx\/index.php\/comunicados\/2025\/06\/12\/boletin-n-22\/","og_site_name":"Tribunal Electoral de la Ciudad de M\u00e9xico","article_publisher":"https:\/\/www.facebook.com\/TECDMX\/","article_published_time":"2025-06-12T22:45:12+00:00","article_modified_time":"2025-06-12T22:45:26+00:00","og_image":[{"width":900,"height":600,"url":"https:\/\/www.tecdmx.org.mx\/wp-content\/uploads\/2023\/11\/Botones-_Comunicado.png","type":"image\/png"}],"author":"Difusion2025","twitter_card":"summary_large_image","twitter_creator":"@tecdmx","twitter_site":"@tecdmx","twitter_misc":{"Escrito por":"Difusion2025","Tiempo de lectura":"3 minutos"},"schema":{"@context":"https:\/\/schema.org","@graph":[{"@type":"WebPage","@id":"https:\/\/www.tecdmx.org.mx\/index.php\/comunicados\/2025\/06\/12\/boletin-n-22\/","url":"https:\/\/www.tecdmx.org.mx\/index.php\/comunicados\/2025\/06\/12\/boletin-n-22\/","name":"Bolet\u00edn N\u00b0 22 - Tribunal Electoral de la Ciudad de M\u00e9xico","isPartOf":{"@id":"https:\/\/www.tecdmx.org.mx\/#website"},"primaryImageOfPage":{"@id":"https:\/\/www.tecdmx.org.mx\/index.php\/comunicados\/2025\/06\/12\/boletin-n-22\/#primaryimage"},"image":{"@id":"https:\/\/www.tecdmx.org.mx\/index.php\/comunicados\/2025\/06\/12\/boletin-n-22\/#primaryimage"},"thumbnailUrl":"https:\/\/www.tecdmx.org.mx\/wp-content\/uploads\/2023\/11\/Botones-_Comunicado.png","datePublished":"2025-06-12T22:45:12+00:00","dateModified":"2025-06-12T22:45:26+00:00","author":{"@id":"https:\/\/www.tecdmx.org.mx\/#\/schema\/person\/208c898199fb3234203823c5f0cf31d6"},"breadcrumb":{"@id":"https:\/\/www.tecdmx.org.mx\/index.php\/comunicados\/2025\/06\/12\/boletin-n-22\/#breadcrumb"},"inLanguage":"es","potentialAction":[{"@type":"ReadAction","target":["https:\/\/www.tecdmx.org.mx\/index.php\/comunicados\/2025\/06\/12\/boletin-n-22\/"]}]},{"@type":"ImageObject","inLanguage":"es","@id":"https:\/\/www.tecdmx.org.mx\/index.php\/comunicados\/2025\/06\/12\/boletin-n-22\/#primaryimage","url":"https:\/\/www.tecdmx.org.mx\/wp-content\/uploads\/2023\/11\/Botones-_Comunicado.png","contentUrl":"https:\/\/www.tecdmx.org.mx\/wp-content\/uploads\/2023\/11\/Botones-_Comunicado.png","width":900,"height":600},{"@type":"BreadcrumbList","@id":"https:\/\/www.tecdmx.org.mx\/index.php\/comunicados\/2025\/06\/12\/boletin-n-22\/#breadcrumb","itemListElement":[{"@type":"ListItem","position":1,"name":"Portada","item":"https:\/\/www.tecdmx.org.mx\/"},{"@type":"ListItem","position":2,"name":"Bolet\u00edn N\u00b0 22"}]},{"@type":"WebSite","@id":"https:\/\/www.tecdmx.org.mx\/#website","url":"https:\/\/www.tecdmx.org.mx\/","name":"Tribunal Electoral de la Ciudad de M\u00e9xico","description":"25 a\u00f1os garantizando justicia en tu elecci\u00f3n","potentialAction":[{"@type":"SearchAction","target":{"@type":"EntryPoint","urlTemplate":"https:\/\/www.tecdmx.org.mx\/?s={search_term_string}"},"query-input":"required name=search_term_string"}],"inLanguage":"es"},{"@type":"Person","@id":"https:\/\/www.tecdmx.org.mx\/#\/schema\/person\/208c898199fb3234203823c5f0cf31d6","name":"Difusion2025","image":{"@type":"ImageObject","inLanguage":"es","@id":"https:\/\/www.tecdmx.org.mx\/#\/schema\/person\/image\/","url":"https:\/\/secure.gravatar.com\/avatar\/6f7a4ba3acb418040e90a2eb99b5df28?s=96&d=mm&r=g","contentUrl":"https:\/\/secure.gravatar.com\/avatar\/6f7a4ba3acb418040e90a2eb99b5df28?s=96&d=mm&r=g","caption":"Difusion2025"}}]}},"_links":{"self":[{"href":"https:\/\/www.tecdmx.org.mx\/index.php\/wp-json\/wp\/v2\/posts\/56675"}],"collection":[{"href":"https:\/\/www.tecdmx.org.mx\/index.php\/wp-json\/wp\/v2\/posts"}],"about":[{"href":"https:\/\/www.tecdmx.org.mx\/index.php\/wp-json\/wp\/v2\/types\/post"}],"author":[{"embeddable":true,"href":"https:\/\/www.tecdmx.org.mx\/index.php\/wp-json\/wp\/v2\/users\/13"}],"replies":[{"embeddable":true,"href":"https:\/\/www.tecdmx.org.mx\/index.php\/wp-json\/wp\/v2\/comments?post=56675"}],"version-history":[{"count":1,"href":"https:\/\/www.tecdmx.org.mx\/index.php\/wp-json\/wp\/v2\/posts\/56675\/revisions"}],"predecessor-version":[{"id":56678,"href":"https:\/\/www.tecdmx.org.mx\/index.php\/wp-json\/wp\/v2\/posts\/56675\/revisions\/56678"}],"wp:featuredmedia":[{"embeddable":true,"href":"https:\/\/www.tecdmx.org.mx\/index.php\/wp-json\/wp\/v2\/media\/45590"}],"wp:attachment":[{"href":"https:\/\/www.tecdmx.org.mx\/index.php\/wp-json\/wp\/v2\/media?parent=56675"}],"wp:term":[{"taxonomy":"category","embeddable":true,"href":"https:\/\/www.tecdmx.org.mx\/index.php\/wp-json\/wp\/v2\/categories?post=56675"},{"taxonomy":"post_tag","embeddable":true,"href":"https:\/\/www.tecdmx.org.mx\/index.php\/wp-json\/wp\/v2\/tags?post=56675"}],"curies":[{"name":"wp","href":"https:\/\/api.w.org\/{rel}","templated":true}]}}