{"id":56882,"date":"2025-06-25T20:26:34","date_gmt":"2025-06-26T02:26:34","guid":{"rendered":"https:\/\/www.tecdmx.org.mx\/?p=56882"},"modified":"2025-06-25T20:26:36","modified_gmt":"2025-06-26T02:26:36","slug":"boletin-n-24","status":"publish","type":"post","link":"https:\/\/www.tecdmx.org.mx\/index.php\/comunicados\/2025\/06\/25\/boletin-n-24\/","title":{"rendered":"Bolet\u00edn N\u00b0 24"},"content":{"rendered":"\n<p class=\"has-text-align-right\"><\/p>\n\n\n<div class=\"wp-block-image\">\n<figure class=\"aligncenter size-full\"><img loading=\"lazy\" decoding=\"async\" width=\"1280\" height=\"853\" src=\"https:\/\/www.tecdmx.org.mx\/wp-content\/uploads\/2025\/06\/WhatsApp-Image-2025-06-25-at-18.50.18-1.jpeg\" alt=\"\" class=\"wp-image-56885\" srcset=\"https:\/\/www.tecdmx.org.mx\/wp-content\/uploads\/2025\/06\/WhatsApp-Image-2025-06-25-at-18.50.18-1-375x250.jpeg 375w, https:\/\/www.tecdmx.org.mx\/wp-content\/uploads\/2025\/06\/WhatsApp-Image-2025-06-25-at-18.50.18-1-525x350.jpeg 525w, https:\/\/www.tecdmx.org.mx\/wp-content\/uploads\/2025\/06\/WhatsApp-Image-2025-06-25-at-18.50.18-1-768x512.jpeg 768w, https:\/\/www.tecdmx.org.mx\/wp-content\/uploads\/2025\/06\/WhatsApp-Image-2025-06-25-at-18.50.18-1.jpeg 1280w\" sizes=\"(max-width: 1280px) 100vw, 1280px\" \/><\/figure><\/div>\n\n\n<p class=\"has-text-align-right\"><\/p>\n\n\n\n<p class=\"has-text-align-right\">Ciudad de M\u00e9xico, a 25 de junio de 2025<\/p>\n\n\n\n<p><\/p>\n\n\n\n<p class=\"has-text-align-center\"><strong>TECDMX REALIZA PRESENTACI\u00d3N DEL LIBRO DE MARTA LAMAS: \u201c\u00bfIDEOLOG\u00cdA DE G\u00c9NERO? DISPUTAS POL\u00cdTICAS SOBRE LA DIFERENCIA SEXUAL\u201d.<\/strong><\/p>\n\n\n\n<p>Esta ma\u00f1ana la Antrop\u00f3loga, Activista y Escritora Marta Lamas Encabo, present\u00f3 el libro: \u201c\u00bfIdeolog\u00eda de G\u00e9nero? Disputas Pol\u00edticas Sobre la Diferencia Sexual\u201d, en el marco de un espacio de discusi\u00f3n y an\u00e1lisis en torno a \u00bfQu\u00e9 es la ideolog\u00eda de g\u00e9nero?, analizar el impacto de esta ideolog\u00eda en las pol\u00edticas p\u00fablicas nacionales e internacionales y el debate sobre la igualdad y la diferencia.<\/p>\n\n\n\n<p>Durante su presentaci\u00f3n, la Doctora Lamas realiz\u00f3 un recuento del concepto de G\u00e9nero y su relaci\u00f3n con la cultura y el impacto que ha tenido en la sociedad, y relat\u00f3 los enfrentamientos que ha tenido la ideolog\u00eda de G\u00e9nero con movimientos pol\u00edticos que contrastan con la visi\u00f3n inclusiva bajo la perspectiva de g\u00e9nero. Asimismo, se\u00f1al\u00f3 que la conciencia y an\u00e1lisis en esta materia ha influido en temas tan relevantes como la inclusi\u00f3n de las mujeres en la vida p\u00fablica, as\u00ed como la paridad en los cargos electivos.<\/p>\n\n\n\n<p>Por otra parte, destac\u00f3 que la diversidad y la tolerancia son bases para la salud democr\u00e1tica en torno a la convivencia entre hombres y mujeres, y explic\u00f3 que su libro llama a la tolerancia en el mejor de los sentidos, la \u00e9tica de la consideraci\u00f3n, y el derecho de las mujeres y todas las personas, a decidir en un \u00e1mbito de libertad.<\/p>\n\n\n\n<p>En su mensaje de bienvenida, el Magistrado presidente del TECDMX, Mtro. Armando Ambriz Hern\u00e1ndez, destac\u00f3 que la Doctora Lamas, as\u00ed como su obra, han dejado una profunda huella en los estudios de G\u00e9nero y en la vida p\u00fablica mexicana. Se\u00f1al\u00f3 que la obra de Lamas representa un ant\u00eddoto contra la desinformaci\u00f3n y un llamado al pensamiento complejo que surge en un contexto importante de grandes transformaciones a nivel mundial, en el que los consensos democr\u00e1ticos son constantemente puestos a prueba, y ante los que la Doctora Lamas nos ofrece un amplio marco anal\u00edtico en materia de G\u00e9nero, que tiene un gran impacto social entre las personas y las instituciones. Finalmente, se\u00f1al\u00f3 que quienes trabajamos en el sector p\u00fablico en materia electoral, valoramos notablemente los trabajos y puntos de vista que fomentan la reflexi\u00f3n cr\u00edtica y el entendimiento mutuo.<\/p>\n\n\n\n<p>Durante su intervenci\u00f3n, la Magistrada Karina Salgado Lunar, Presidenta del Comit\u00e9 de G\u00e9nero y Derechos Humanos del TECDMX, se\u00f1al\u00f3 que es muy importante que exista una literatura especializada que explique el tema de g\u00e9nero desde una \u00f3ptica acad\u00e9mica y tambi\u00e9n desde la experiencia, por lo que la obra nos da herramientas importantes para entender a fondo el concepto de Ideolog\u00eda de G\u00e9nero y su papel contra la desigualdad estructural entre los diversos grupos poblacionales y \u00e1mbitos de desarrollo. Coment\u00f3 tambi\u00e9n que el libro que se present\u00f3 nos recuerda que el g\u00e9nero es una herramienta fundamental hacia una sociedad m\u00e1s igualitaria y justa.<\/p>\n\n\n\n<p>Por su parte, el Magistrado Jos\u00e9 Jes\u00fas Hern\u00e1ndez Rodr\u00edguez indic\u00f3 que el trabajo de la autora es una fuente de inspiraci\u00f3n y gu\u00eda para quienes trabajamos en la promoci\u00f3n de la igualdad y la defensa de los Derechos Humanos, y ha sido fundamental para visibilizar las m\u00faltiples desigualdades que enfrentan las mujeres y, con base en ello, impulsar cambios significativos en la sociedad. Coment\u00f3 que el libro de Marta Lamas es una herramienta esencial para comprender las estructuras de poder y la desigualdad que a\u00fan persiste y que el an\u00e1lisis realizado desentra\u00f1a los fundamentos te\u00f3ricos del G\u00e9nero, desmonta mitos y nos invita a reflexionar acerca de los desaf\u00edos que enfrenta la lucha por la igualdad sustantiva.<\/p>\n\n\n\n<p>En uso de la voz, la Magistrada Laura Patricia Jim\u00e9nez Castillo destac\u00f3 que es necesario contrarrestar cualquier narrativa que pretenda devolver privilegios a ciertos sectores de la sociedad que intentan restar o disminuir derechos a otras personas, y que el t\u00edtulo de esta obra nos recuerda que es necesario seguir uniendo esfuerzos para que la deuda hist\u00f3rica que existe en torno a la diversidad y desigualdad de g\u00e9nero no siga incrementando. Se\u00f1al\u00f3 que en tanto existan disputas o controversias en materia de ideolog\u00eda de g\u00e9nero, la Justicia Electoral no puede permanecer quieta porque justamente, desde esta trinchera, se puede no solo reafirmar los derechos de las personas, sino tambi\u00e9n fomentar la sana discusi\u00f3n p\u00fablica que promueva el di\u00e1logo abierto, transparente, libre de prejuicios y violencia.<\/p>\n\n\n\n<p>En su participaci\u00f3n, el Magistrado Osiris V\u00e1zquez Rangel destac\u00f3 que el libro nos ofrece una herramienta indispensable para comprender uno de los debates m\u00e1s complejos y polarizados de nuestro tiempo como lo es la Ideolog\u00eda de G\u00e9nero. Se\u00f1al\u00f3 tambi\u00e9n que la obra ofrece un an\u00e1lisis que rastrea c\u00f3mo, dicho concepto, cargado de connotaciones negativas y utilizado como arma arrojadiza en diferentes frentes, ha sido construido y desplegado para resistir avances en derechos y presionar la legitimidad de los derechos de g\u00e9nero. Asimismo, coment\u00f3 que el Libro es una invitaci\u00f3n a no dejarse arrastrar por discursos simplistas y a mantener una postura informada ante la desinformaci\u00f3n, as\u00ed como una reivindicaci\u00f3n del valor de los estudios de g\u00e9nero como herramienta para entender y transformar el mundo. &nbsp;<\/p>\n\n\n\n<figure class=\"wp-block-image size-full\"><img loading=\"lazy\" decoding=\"async\" width=\"1280\" height=\"853\" src=\"https:\/\/www.tecdmx.org.mx\/wp-content\/uploads\/2025\/06\/WhatsApp-Image-2025-06-25-at-18.50.18.jpeg\" alt=\"\" class=\"wp-image-56884\" srcset=\"https:\/\/www.tecdmx.org.mx\/wp-content\/uploads\/2025\/06\/WhatsApp-Image-2025-06-25-at-18.50.18-375x250.jpeg 375w, https:\/\/www.tecdmx.org.mx\/wp-content\/uploads\/2025\/06\/WhatsApp-Image-2025-06-25-at-18.50.18-525x350.jpeg 525w, https:\/\/www.tecdmx.org.mx\/wp-content\/uploads\/2025\/06\/WhatsApp-Image-2025-06-25-at-18.50.18-768x512.jpeg 768w, https:\/\/www.tecdmx.org.mx\/wp-content\/uploads\/2025\/06\/WhatsApp-Image-2025-06-25-at-18.50.18.jpeg 1280w\" sizes=\"(max-width: 1280px) 100vw, 1280px\" \/><\/figure>\n\n\n\n<p>El evento completo puede visualizarse en el siguiente enlace de YouTube:<\/p>\n\n\n\n<figure class=\"wp-block-embed is-type-video is-provider-youtube wp-block-embed-youtube wp-embed-aspect-16-9 wp-has-aspect-ratio\"><div class=\"wp-block-embed__wrapper\">\n<iframe loading=\"lazy\" title=\"Presentaci\u00f3n del libro: \u201c\u00bfIdeolog\u00eda de g\u00e9nero? Disputas pol\u00edticas sobre la diferencia sexual\u201d\" width=\"500\" height=\"281\" src=\"https:\/\/www.youtube.com\/embed\/pEBQiu4Pu6w?feature=oembed\" frameborder=\"0\" allow=\"accelerometer; autoplay; clipboard-write; encrypted-media; gyroscope; picture-in-picture; web-share\" referrerpolicy=\"strict-origin-when-cross-origin\" allowfullscreen><\/iframe>\n<\/div><\/figure>\n","protected":false},"excerpt":{"rendered":"<p>Ciudad de M\u00e9xico, a 25 de junio de 2025 TECDMX REALIZA PRESENTACI\u00d3N DEL LIBRO DE MARTA LAMAS: \u201c\u00bfIDEOLOG\u00cdA DE G\u00c9NERO? DISPUTAS POL\u00cdTICAS SOBRE LA DIFERENCIA SEXUAL\u201d. Esta ma\u00f1ana la Antrop\u00f3loga, [&hellip;]<\/p>\n","protected":false},"author":13,"featured_media":45590,"comment_status":"open","ping_status":"open","sticky":false,"template":"","format":"standard","meta":{"_acf_changed":false,"_exactmetrics_skip_tracking":false,"_exactmetrics_sitenote_active":false,"_exactmetrics_sitenote_note":"","_exactmetrics_sitenote_category":0,"footnotes":""},"categories":[32,47],"tags":[],"acf":[],"yoast_head":"<!-- This site is optimized with the Yoast SEO plugin v22.3 - https:\/\/yoast.com\/wordpress\/plugins\/seo\/ -->\n<title>Bolet\u00edn N\u00b0 24 - Tribunal Electoral de la Ciudad de M\u00e9xico<\/title>\n<meta name=\"robots\" content=\"index, follow, max-snippet:-1, max-image-preview:large, max-video-preview:-1\" \/>\n<link rel=\"canonical\" href=\"https:\/\/www.tecdmx.org.mx\/index.php\/comunicados\/2025\/06\/25\/boletin-n-24\/\" \/>\n<meta property=\"og:locale\" content=\"es_ES\" \/>\n<meta property=\"og:type\" content=\"article\" \/>\n<meta property=\"og:title\" content=\"Bolet\u00edn N\u00b0 24 - Tribunal Electoral de la Ciudad de M\u00e9xico\" \/>\n<meta property=\"og:description\" content=\"Ciudad de M\u00e9xico, a 25 de junio de 2025 TECDMX REALIZA PRESENTACI\u00d3N DEL LIBRO DE MARTA LAMAS: \u201c\u00bfIDEOLOG\u00cdA DE G\u00c9NERO? DISPUTAS POL\u00cdTICAS SOBRE LA DIFERENCIA SEXUAL\u201d. Esta ma\u00f1ana la Antrop\u00f3loga, [&hellip;]\" \/>\n<meta property=\"og:url\" content=\"https:\/\/www.tecdmx.org.mx\/index.php\/comunicados\/2025\/06\/25\/boletin-n-24\/\" \/>\n<meta property=\"og:site_name\" content=\"Tribunal Electoral de la Ciudad de M\u00e9xico\" \/>\n<meta property=\"article:publisher\" content=\"https:\/\/www.facebook.com\/TECDMX\/\" \/>\n<meta property=\"article:published_time\" content=\"2025-06-26T02:26:34+00:00\" \/>\n<meta property=\"article:modified_time\" content=\"2025-06-26T02:26:36+00:00\" \/>\n<meta property=\"og:image\" content=\"https:\/\/www.tecdmx.org.mx\/wp-content\/uploads\/2023\/11\/Botones-_Comunicado.png\" \/>\n\t<meta property=\"og:image:width\" content=\"900\" \/>\n\t<meta property=\"og:image:height\" content=\"600\" \/>\n\t<meta property=\"og:image:type\" content=\"image\/png\" \/>\n<meta name=\"author\" content=\"Difusion2025\" \/>\n<meta name=\"twitter:card\" content=\"summary_large_image\" \/>\n<meta name=\"twitter:creator\" content=\"@tecdmx\" \/>\n<meta name=\"twitter:site\" content=\"@tecdmx\" \/>\n<meta name=\"twitter:label1\" content=\"Escrito por\" \/>\n\t<meta name=\"twitter:data1\" content=\"Difusion2025\" \/>\n\t<meta name=\"twitter:label2\" content=\"Tiempo de lectura\" \/>\n\t<meta name=\"twitter:data2\" content=\"5 minutos\" \/>\n<script type=\"application\/ld+json\" class=\"yoast-schema-graph\">{\"@context\":\"https:\/\/schema.org\",\"@graph\":[{\"@type\":\"WebPage\",\"@id\":\"https:\/\/www.tecdmx.org.mx\/index.php\/comunicados\/2025\/06\/25\/boletin-n-24\/\",\"url\":\"https:\/\/www.tecdmx.org.mx\/index.php\/comunicados\/2025\/06\/25\/boletin-n-24\/\",\"name\":\"Bolet\u00edn N\u00b0 24 - Tribunal Electoral de la Ciudad de M\u00e9xico\",\"isPartOf\":{\"@id\":\"https:\/\/www.tecdmx.org.mx\/#website\"},\"primaryImageOfPage\":{\"@id\":\"https:\/\/www.tecdmx.org.mx\/index.php\/comunicados\/2025\/06\/25\/boletin-n-24\/#primaryimage\"},\"image\":{\"@id\":\"https:\/\/www.tecdmx.org.mx\/index.php\/comunicados\/2025\/06\/25\/boletin-n-24\/#primaryimage\"},\"thumbnailUrl\":\"https:\/\/www.tecdmx.org.mx\/wp-content\/uploads\/2023\/11\/Botones-_Comunicado.png\",\"datePublished\":\"2025-06-26T02:26:34+00:00\",\"dateModified\":\"2025-06-26T02:26:36+00:00\",\"author\":{\"@id\":\"https:\/\/www.tecdmx.org.mx\/#\/schema\/person\/208c898199fb3234203823c5f0cf31d6\"},\"breadcrumb\":{\"@id\":\"https:\/\/www.tecdmx.org.mx\/index.php\/comunicados\/2025\/06\/25\/boletin-n-24\/#breadcrumb\"},\"inLanguage\":\"es\",\"potentialAction\":[{\"@type\":\"ReadAction\",\"target\":[\"https:\/\/www.tecdmx.org.mx\/index.php\/comunicados\/2025\/06\/25\/boletin-n-24\/\"]}]},{\"@type\":\"ImageObject\",\"inLanguage\":\"es\",\"@id\":\"https:\/\/www.tecdmx.org.mx\/index.php\/comunicados\/2025\/06\/25\/boletin-n-24\/#primaryimage\",\"url\":\"https:\/\/www.tecdmx.org.mx\/wp-content\/uploads\/2023\/11\/Botones-_Comunicado.png\",\"contentUrl\":\"https:\/\/www.tecdmx.org.mx\/wp-content\/uploads\/2023\/11\/Botones-_Comunicado.png\",\"width\":900,\"height\":600},{\"@type\":\"BreadcrumbList\",\"@id\":\"https:\/\/www.tecdmx.org.mx\/index.php\/comunicados\/2025\/06\/25\/boletin-n-24\/#breadcrumb\",\"itemListElement\":[{\"@type\":\"ListItem\",\"position\":1,\"name\":\"Portada\",\"item\":\"https:\/\/www.tecdmx.org.mx\/\"},{\"@type\":\"ListItem\",\"position\":2,\"name\":\"Bolet\u00edn N\u00b0 24\"}]},{\"@type\":\"WebSite\",\"@id\":\"https:\/\/www.tecdmx.org.mx\/#website\",\"url\":\"https:\/\/www.tecdmx.org.mx\/\",\"name\":\"Tribunal Electoral de la Ciudad de M\u00e9xico\",\"description\":\"25 a\u00f1os garantizando justicia en tu elecci\u00f3n\",\"potentialAction\":[{\"@type\":\"SearchAction\",\"target\":{\"@type\":\"EntryPoint\",\"urlTemplate\":\"https:\/\/www.tecdmx.org.mx\/?s={search_term_string}\"},\"query-input\":\"required name=search_term_string\"}],\"inLanguage\":\"es\"},{\"@type\":\"Person\",\"@id\":\"https:\/\/www.tecdmx.org.mx\/#\/schema\/person\/208c898199fb3234203823c5f0cf31d6\",\"name\":\"Difusion2025\",\"image\":{\"@type\":\"ImageObject\",\"inLanguage\":\"es\",\"@id\":\"https:\/\/www.tecdmx.org.mx\/#\/schema\/person\/image\/\",\"url\":\"https:\/\/secure.gravatar.com\/avatar\/6f7a4ba3acb418040e90a2eb99b5df28?s=96&d=mm&r=g\",\"contentUrl\":\"https:\/\/secure.gravatar.com\/avatar\/6f7a4ba3acb418040e90a2eb99b5df28?s=96&d=mm&r=g\",\"caption\":\"Difusion2025\"}}]}<\/script>\n<!-- \/ Yoast SEO plugin. -->","yoast_head_json":{"title":"Bolet\u00edn N\u00b0 24 - Tribunal Electoral de la Ciudad de M\u00e9xico","robots":{"index":"index","follow":"follow","max-snippet":"max-snippet:-1","max-image-preview":"max-image-preview:large","max-video-preview":"max-video-preview:-1"},"canonical":"https:\/\/www.tecdmx.org.mx\/index.php\/comunicados\/2025\/06\/25\/boletin-n-24\/","og_locale":"es_ES","og_type":"article","og_title":"Bolet\u00edn N\u00b0 24 - Tribunal Electoral de la Ciudad de M\u00e9xico","og_description":"Ciudad de M\u00e9xico, a 25 de junio de 2025 TECDMX REALIZA PRESENTACI\u00d3N DEL LIBRO DE MARTA LAMAS: \u201c\u00bfIDEOLOG\u00cdA DE G\u00c9NERO? DISPUTAS POL\u00cdTICAS SOBRE LA DIFERENCIA SEXUAL\u201d. Esta ma\u00f1ana la Antrop\u00f3loga, [&hellip;]","og_url":"https:\/\/www.tecdmx.org.mx\/index.php\/comunicados\/2025\/06\/25\/boletin-n-24\/","og_site_name":"Tribunal Electoral de la Ciudad de M\u00e9xico","article_publisher":"https:\/\/www.facebook.com\/TECDMX\/","article_published_time":"2025-06-26T02:26:34+00:00","article_modified_time":"2025-06-26T02:26:36+00:00","og_image":[{"width":900,"height":600,"url":"https:\/\/www.tecdmx.org.mx\/wp-content\/uploads\/2023\/11\/Botones-_Comunicado.png","type":"image\/png"}],"author":"Difusion2025","twitter_card":"summary_large_image","twitter_creator":"@tecdmx","twitter_site":"@tecdmx","twitter_misc":{"Escrito por":"Difusion2025","Tiempo de lectura":"5 minutos"},"schema":{"@context":"https:\/\/schema.org","@graph":[{"@type":"WebPage","@id":"https:\/\/www.tecdmx.org.mx\/index.php\/comunicados\/2025\/06\/25\/boletin-n-24\/","url":"https:\/\/www.tecdmx.org.mx\/index.php\/comunicados\/2025\/06\/25\/boletin-n-24\/","name":"Bolet\u00edn N\u00b0 24 - Tribunal Electoral de la Ciudad de M\u00e9xico","isPartOf":{"@id":"https:\/\/www.tecdmx.org.mx\/#website"},"primaryImageOfPage":{"@id":"https:\/\/www.tecdmx.org.mx\/index.php\/comunicados\/2025\/06\/25\/boletin-n-24\/#primaryimage"},"image":{"@id":"https:\/\/www.tecdmx.org.mx\/index.php\/comunicados\/2025\/06\/25\/boletin-n-24\/#primaryimage"},"thumbnailUrl":"https:\/\/www.tecdmx.org.mx\/wp-content\/uploads\/2023\/11\/Botones-_Comunicado.png","datePublished":"2025-06-26T02:26:34+00:00","dateModified":"2025-06-26T02:26:36+00:00","author":{"@id":"https:\/\/www.tecdmx.org.mx\/#\/schema\/person\/208c898199fb3234203823c5f0cf31d6"},"breadcrumb":{"@id":"https:\/\/www.tecdmx.org.mx\/index.php\/comunicados\/2025\/06\/25\/boletin-n-24\/#breadcrumb"},"inLanguage":"es","potentialAction":[{"@type":"ReadAction","target":["https:\/\/www.tecdmx.org.mx\/index.php\/comunicados\/2025\/06\/25\/boletin-n-24\/"]}]},{"@type":"ImageObject","inLanguage":"es","@id":"https:\/\/www.tecdmx.org.mx\/index.php\/comunicados\/2025\/06\/25\/boletin-n-24\/#primaryimage","url":"https:\/\/www.tecdmx.org.mx\/wp-content\/uploads\/2023\/11\/Botones-_Comunicado.png","contentUrl":"https:\/\/www.tecdmx.org.mx\/wp-content\/uploads\/2023\/11\/Botones-_Comunicado.png","width":900,"height":600},{"@type":"BreadcrumbList","@id":"https:\/\/www.tecdmx.org.mx\/index.php\/comunicados\/2025\/06\/25\/boletin-n-24\/#breadcrumb","itemListElement":[{"@type":"ListItem","position":1,"name":"Portada","item":"https:\/\/www.tecdmx.org.mx\/"},{"@type":"ListItem","position":2,"name":"Bolet\u00edn N\u00b0 24"}]},{"@type":"WebSite","@id":"https:\/\/www.tecdmx.org.mx\/#website","url":"https:\/\/www.tecdmx.org.mx\/","name":"Tribunal Electoral de la Ciudad de M\u00e9xico","description":"25 a\u00f1os garantizando justicia en tu elecci\u00f3n","potentialAction":[{"@type":"SearchAction","target":{"@type":"EntryPoint","urlTemplate":"https:\/\/www.tecdmx.org.mx\/?s={search_term_string}"},"query-input":"required name=search_term_string"}],"inLanguage":"es"},{"@type":"Person","@id":"https:\/\/www.tecdmx.org.mx\/#\/schema\/person\/208c898199fb3234203823c5f0cf31d6","name":"Difusion2025","image":{"@type":"ImageObject","inLanguage":"es","@id":"https:\/\/www.tecdmx.org.mx\/#\/schema\/person\/image\/","url":"https:\/\/secure.gravatar.com\/avatar\/6f7a4ba3acb418040e90a2eb99b5df28?s=96&d=mm&r=g","contentUrl":"https:\/\/secure.gravatar.com\/avatar\/6f7a4ba3acb418040e90a2eb99b5df28?s=96&d=mm&r=g","caption":"Difusion2025"}}]}},"_links":{"self":[{"href":"https:\/\/www.tecdmx.org.mx\/index.php\/wp-json\/wp\/v2\/posts\/56882"}],"collection":[{"href":"https:\/\/www.tecdmx.org.mx\/index.php\/wp-json\/wp\/v2\/posts"}],"about":[{"href":"https:\/\/www.tecdmx.org.mx\/index.php\/wp-json\/wp\/v2\/types\/post"}],"author":[{"embeddable":true,"href":"https:\/\/www.tecdmx.org.mx\/index.php\/wp-json\/wp\/v2\/users\/13"}],"replies":[{"embeddable":true,"href":"https:\/\/www.tecdmx.org.mx\/index.php\/wp-json\/wp\/v2\/comments?post=56882"}],"version-history":[{"count":1,"href":"https:\/\/www.tecdmx.org.mx\/index.php\/wp-json\/wp\/v2\/posts\/56882\/revisions"}],"predecessor-version":[{"id":56886,"href":"https:\/\/www.tecdmx.org.mx\/index.php\/wp-json\/wp\/v2\/posts\/56882\/revisions\/56886"}],"wp:featuredmedia":[{"embeddable":true,"href":"https:\/\/www.tecdmx.org.mx\/index.php\/wp-json\/wp\/v2\/media\/45590"}],"wp:attachment":[{"href":"https:\/\/www.tecdmx.org.mx\/index.php\/wp-json\/wp\/v2\/media?parent=56882"}],"wp:term":[{"taxonomy":"category","embeddable":true,"href":"https:\/\/www.tecdmx.org.mx\/index.php\/wp-json\/wp\/v2\/categories?post=56882"},{"taxonomy":"post_tag","embeddable":true,"href":"https:\/\/www.tecdmx.org.mx\/index.php\/wp-json\/wp\/v2\/tags?post=56882"}],"curies":[{"name":"wp","href":"https:\/\/api.w.org\/{rel}","templated":true}]}}