{"id":59924,"date":"2025-11-07T17:47:50","date_gmt":"2025-11-07T23:47:50","guid":{"rendered":"https:\/\/www.tecdmx.org.mx\/?p=59924"},"modified":"2026-02-09T12:54:37","modified_gmt":"2026-02-09T18:54:37","slug":"boletin-n-48","status":"publish","type":"post","link":"https:\/\/www.tecdmx.org.mx\/index.php\/comunicados\/2025\/11\/07\/boletin-n-48\/","title":{"rendered":"Bolet\u00edn N\u00b0 48"},"content":{"rendered":"\n<p class=\"has-text-align-right\"><\/p>\n\n\n\n<p class=\"has-text-align-right\">Ciudad de M\u00e9xico, a 7 de noviembre de 2025<\/p>\n\n\n\n<figure class=\"wp-block-image size-full\"><img loading=\"lazy\" decoding=\"async\" width=\"1280\" height=\"1113\" src=\"https:\/\/www.tecdmx.org.mx\/wp-content\/uploads\/2025\/11\/WhatsApp-Image-2025-11-07-at-11.37.45-1.jpeg\" alt=\"\" class=\"wp-image-59927\" srcset=\"https:\/\/www.tecdmx.org.mx\/wp-content\/uploads\/2025\/11\/WhatsApp-Image-2025-11-07-at-11.37.45-1-288x250.jpeg 288w, https:\/\/www.tecdmx.org.mx\/wp-content\/uploads\/2025\/11\/WhatsApp-Image-2025-11-07-at-11.37.45-1-403x350.jpeg 403w, https:\/\/www.tecdmx.org.mx\/wp-content\/uploads\/2025\/11\/WhatsApp-Image-2025-11-07-at-11.37.45-1-768x668.jpeg 768w, https:\/\/www.tecdmx.org.mx\/wp-content\/uploads\/2025\/11\/WhatsApp-Image-2025-11-07-at-11.37.45-1.jpeg 1280w\" sizes=\"(max-width: 1280px) 100vw, 1280px\" \/><\/figure>\n\n\n\n<p><\/p>\n\n\n\n<p class=\"has-text-align-center\"><strong>LA TRANSPARENCIA Y EL ACCESO A LA INFORMACI\u00d3N P\u00daBLICA SON CONDICIONES FUNDAMENTALES DE TODO SISTEMA DEMOCR\u00c1TICO: TECDMX.<\/strong><\/p>\n\n\n\n<p>Como parte de las acciones que conduce el TECDMX en materia de Transparencia, Acceso a la Informaci\u00f3n P\u00fablica y Protecci\u00f3n de Datos Personales, el 5 y 6 de noviembre se llev\u00f3 a cabo el conversatorio \u201cReforma en materia de Transparencia: avances, desaf\u00edos y perspectivas. En la ceremonia de inauguraci\u00f3n participaron las Magistraturas de este \u00d3rgano Jurisdiccional, as\u00ed como la Dra. Nashieli Ram\u00edrez Hern\u00e1ndez, Secretaria de la Contralor\u00eda General de la CDMX, y la Mtra. Laura Lizette Enr\u00edquez Rodr\u00edguez, Comisionada presidenta del Instituto de Transparencia, Acceso a la Informaci\u00f3n P\u00fablica, Protecci\u00f3n de Datos Personales y Rendici\u00f3n de Cuentas de la CDMX.<\/p>\n\n\n\n<p>Al inaugurar el Conversatorio, el Magistrado Presidente, Armando Ambriz Hern\u00e1ndez, destac\u00f3 que la transparencia y el acceso a la informaci\u00f3n es uno de los temas m\u00e1s importantes de la vida democr\u00e1tica de nuestro Pa\u00eds, ya que se ha posicionado como una condici\u00f3n fundamental de todo sistema democr\u00e1tico, al ser el medio por el cual es posible la rendici\u00f3n de cuentas, el fortalecimiento de la confianza en las instituciones y legitimar la Funci\u00f3n P\u00fablica, considerando que, a partir de su adecuada aplicaci\u00f3n, acercamos a la sociedad mediante informaci\u00f3n puntual, la forma en la que se realizan las actividades conferidas a las instituciones.<\/p>\n\n\n\n<p>En su intervenci\u00f3n, la Magistrada Laura Patricia Jim\u00e9nez Castillo destac\u00f3 la importancia y necesidad de espacios de di\u00e1logo y capacitaci\u00f3n como este conversatorio, en los que se logre conjuntar voces tan representativas e importantes en estos momentos de cambio y transici\u00f3n, que den gu\u00eda a quienes forman parte del Tribunal Electoral de la Ciudad de M\u00e9xico sobre los cambios que se esperan a nivel local en la aplicaci\u00f3n y operaci\u00f3n de la reforma.<\/p>\n\n\n\n<p>En uso de la palabra, la Magistrada Karina Salgado Lunar coment\u00f3 que, en el marco de la publicaci\u00f3n de las nuevas Leyes Generales en materia de Transparencia y Protecci\u00f3n de Datos Personales, este Conversatorio representa un espacio de reflexi\u00f3n y di\u00e1logo interinstitucional de gran utilidad. Se\u00f1al\u00f3 que este nuevo Marco Jur\u00eddico conserva los derechos de las personas al acceso a la informaci\u00f3n p\u00fablica que obra en poder de <s>l<\/s>os sujetos obligados, y a que se protejan sus datos personales de una manera perfectamente establecida.<\/p>\n\n\n\n<p>Por su parte, el Magistrado Jos\u00e9 Jes\u00fas Hern\u00e1ndez Rodr\u00edguez destac\u00f3 que este Conversatorio nos da la oportunidad de reflexionar acerca de uno de los temas fundamentales de la Democracia, es decir, la Transparencia y su impacto en nuestra vida p\u00fablica despu\u00e9s de la reciente aprobaci\u00f3n de la Reforma en la materia en marzo pasado. Adem\u00e1s, precis\u00f3 que la Democracia supone un conjunto de reglas que hace posible la convivencia social, en tanto permita la transici\u00f3n pac\u00edfica del Poder, \u00d3rganos Legislativos y de Gobierno, y sobre todo la participaci\u00f3n ciudadana en la toma de decisiones p\u00fablicas a trav\u00e9s del debate, la cr\u00edtica y la discusi\u00f3n abierta de temas que afectan a la comunidad pol\u00edtica.<\/p>\n\n\n\n<p>En este marco, el Magistrado Osiris V\u00e1zquez Rangel plante\u00f3 que este evento aborda una de las cuestiones fundamentales del Estado Democr\u00e1tico contempor\u00e1neo, a la luz de la Reforma Constitucional que transform\u00f3 de manera profunda la arquitectura institucional de nuestro Pa\u00eds. Se\u00f1al\u00f3 que garantizar simult\u00e1neamente Transparencia y Protecci\u00f3n de Datos Personales no resulta sencillo, ya que uno de los principales desaf\u00edos del TECDMX ser\u00e1 conciliar derechos complementarios que pueden entrar en tensi\u00f3n, dado que, uno exige que resoluciones y procedimientos sean p\u00fablicas, comprensibles y accesibles, y el otro<s> <\/s>impone l\u00edmites a la divulgaci\u00f3n de informaci\u00f3n que pueda afectar la privacidad de las personas.<\/p>\n\n\n\n<p>Por su parte, la Doctora Nashieli Ram\u00edrez Hern\u00e1ndez reconoci\u00f3 la disposici\u00f3n institucional del TECDMX por su compromiso para discutir, cuestionar y reflexionar acerca de lo que se est\u00e1 haciendo en materia de Transparencia y Protecci\u00f3n de Datos Personales. Se\u00f1al\u00f3 que debe quedar claro que tanto los retos como los principios que destacaron las Magistraturas estar\u00e1n sin duda inmersos en la transformaci\u00f3n prevista en dicha materia. Previo al cierre del primer d\u00eda de trabajo, la Mtra. Laura Lizette Enr\u00edquez Rodr\u00edguez destac\u00f3 la responsabilidad institucional de la CDMX en materia de Transparencia y Protecci\u00f3n de datos Personales, pilares de nuestra Democracia, como un asunto de justicia social, considerando que la informaci\u00f3n generada en dicho marco es la que m\u00e1s sirve y ayuda a las personas, reivindicando as\u00ed injusticias, divisiones y asimetr\u00edas hist\u00f3ricas que se han perpetuado entre nuestra sociedad.<\/p>\n\n\n\n<p>Al t\u00e9rmino de la primera Mesa de Trabajo, la Lcda. Zuly Feria Valencia, Titular de la Contralor\u00eda Interna del TECDMX, coordin\u00f3 la segunda Mesa de Trabajo denominada: \u201cConceptos Generales e implementaci\u00f3n de la Reforma al interior del TECDMX.<\/p>\n\n\n\n<p>En el segundo d\u00eda del Conversatorio, el Magistrado Osiris V\u00e1zquez Rangel dirigi\u00f3 el Taller pr\u00e1ctico denominado \u201cRedacci\u00f3n de Sentencias con Lenguaje Ciudadano\u201d, en el que explic\u00f3 que el objetivo de dicha actividad se basa en la elaboraci\u00f3n de sentencias que puedan ser entendidas por cualquier persona, considerando que el lenguaje que se utiliza en el \u00e1mbito de la abogac\u00eda, especialmente en las Sentencias, es t\u00e9cnico, lo que impone el reto de aclarar a la ciudadan\u00eda lo que se est\u00e1 diciendo, por lo que hizo un listado de los errores m\u00e1s comunes en la redacci\u00f3n de Sentencias y explic\u00f3 con ejemplos las razones por las que hacen dif\u00edcil su lectura y comprensi\u00f3n. Propuso y detall\u00f3 un \u201cproceso general de planeaci\u00f3n\u201d a fin de mejorar el contenido de las sentencias en tres etapas: Planear (definici\u00f3n del problema, generaci\u00f3n y organizaci\u00f3n de ideas); Escribir (desarrollar las ideas, investigar datos adicionales y recopilar sustentos y evidencias); y Revisar (valorar el texto identificando ambig\u00fcedades, rebuscamientos innecesarios y tonos inadecuados, as\u00ed como reescribir lo que sea necesario hasta lograr la claridad y el tono que el lector necesita para recibir bien el mensaje que se le pretende entregar).<\/p>\n\n\n\n<p>Durante la ceremonia de clausura, en la que participaron las Magistraturas del TECDMX, el Dr. Julio C\u00e9sar Bonilla Guti\u00e9rrez, Comisionado del Instituto de Transparencia, Acceso a la Informaci\u00f3n P\u00fablica, Protecci\u00f3n de Datos Personales y Rendici\u00f3n de Cuentas de la Ciudad de M\u00e9xico, destac\u00f3 que el conversatorio fue bastante anal\u00edtico y orientado a lo que ser\u00e1 el acceso a la informaci\u00f3n P\u00fablica, la Transparencia, la Protecci\u00f3n de Datos Personales y la Rendici\u00f3n de cuentas, a partir de las Reformas que se est\u00e1n generando en la CDMX.<\/p>\n\n\n\n<p>Al clausurar el Conversatorio, el Magistrado Presidente del TECDMX, Armando Ambriz Hern\u00e1ndez, se\u00f1al\u00f3 que durante estos dos d\u00edas de trabajo se compartieron experiencias, inquietudes y aprendizajes, que sin duda fortalecen nuestro desempe\u00f1o institucional, y destac\u00f3 que con estas actividades reafirmamos nuestro compromiso de fortalecer y garantizar que el trabajo realizado desde este \u00d3rgano Jurisdiccional se encuentra a la vanguardia en materia de Transparencia y Acceso a la Informaci\u00f3n P\u00fablica, considerando que la Transparencia no s\u00f3lo es una obligaci\u00f3n, sino un adeudo hist\u00f3rico con la Ciudadan\u00eda.<\/p>\n","protected":false},"excerpt":{"rendered":"<p>Ciudad de M\u00e9xico, a 7 de noviembre de 2025 LA TRANSPARENCIA Y EL ACCESO A LA INFORMACI\u00d3N P\u00daBLICA SON CONDICIONES FUNDAMENTALES DE TODO SISTEMA DEMOCR\u00c1TICO: TECDMX. Como parte de las [&hellip;]<\/p>\n","protected":false},"author":13,"featured_media":45590,"comment_status":"closed","ping_status":"open","sticky":false,"template":"","format":"standard","meta":{"_acf_changed":false,"_exactmetrics_skip_tracking":false,"_exactmetrics_sitenote_active":false,"_exactmetrics_sitenote_note":"","_exactmetrics_sitenote_category":0,"footnotes":""},"categories":[32,47],"tags":[],"acf":[],"yoast_head":"<!-- This site is optimized with the Yoast SEO plugin v22.3 - https:\/\/yoast.com\/wordpress\/plugins\/seo\/ -->\n<title>Bolet\u00edn N\u00b0 48 - Tribunal Electoral de la Ciudad de M\u00e9xico<\/title>\n<meta name=\"robots\" content=\"index, follow, max-snippet:-1, max-image-preview:large, max-video-preview:-1\" \/>\n<link rel=\"canonical\" href=\"https:\/\/www.tecdmx.org.mx\/index.php\/comunicados\/2025\/11\/07\/boletin-n-48\/\" \/>\n<meta property=\"og:locale\" content=\"es_ES\" \/>\n<meta property=\"og:type\" content=\"article\" \/>\n<meta property=\"og:title\" content=\"Bolet\u00edn N\u00b0 48 - Tribunal Electoral de la Ciudad de M\u00e9xico\" \/>\n<meta property=\"og:description\" content=\"Ciudad de M\u00e9xico, a 7 de noviembre de 2025 LA TRANSPARENCIA Y EL ACCESO A LA INFORMACI\u00d3N P\u00daBLICA SON CONDICIONES FUNDAMENTALES DE TODO SISTEMA DEMOCR\u00c1TICO: TECDMX. Como parte de las [&hellip;]\" \/>\n<meta property=\"og:url\" content=\"https:\/\/www.tecdmx.org.mx\/index.php\/comunicados\/2025\/11\/07\/boletin-n-48\/\" \/>\n<meta property=\"og:site_name\" content=\"Tribunal Electoral de la Ciudad de M\u00e9xico\" \/>\n<meta property=\"article:publisher\" content=\"https:\/\/www.facebook.com\/TECDMX\/\" \/>\n<meta property=\"article:published_time\" content=\"2025-11-07T23:47:50+00:00\" \/>\n<meta property=\"article:modified_time\" content=\"2026-02-09T18:54:37+00:00\" \/>\n<meta property=\"og:image\" content=\"https:\/\/www.tecdmx.org.mx\/wp-content\/uploads\/2023\/11\/Botones-_Comunicado.png\" \/>\n\t<meta property=\"og:image:width\" content=\"900\" \/>\n\t<meta property=\"og:image:height\" content=\"600\" \/>\n\t<meta property=\"og:image:type\" content=\"image\/png\" \/>\n<meta name=\"author\" content=\"Difusion2025\" \/>\n<meta name=\"twitter:card\" content=\"summary_large_image\" \/>\n<meta name=\"twitter:creator\" content=\"@tecdmx\" \/>\n<meta name=\"twitter:site\" content=\"@tecdmx\" \/>\n<meta name=\"twitter:label1\" content=\"Escrito por\" \/>\n\t<meta name=\"twitter:data1\" content=\"Difusion2025\" \/>\n\t<meta name=\"twitter:label2\" content=\"Tiempo de lectura\" \/>\n\t<meta name=\"twitter:data2\" content=\"6 minutos\" \/>\n<script type=\"application\/ld+json\" class=\"yoast-schema-graph\">{\"@context\":\"https:\/\/schema.org\",\"@graph\":[{\"@type\":\"WebPage\",\"@id\":\"https:\/\/www.tecdmx.org.mx\/index.php\/comunicados\/2025\/11\/07\/boletin-n-48\/\",\"url\":\"https:\/\/www.tecdmx.org.mx\/index.php\/comunicados\/2025\/11\/07\/boletin-n-48\/\",\"name\":\"Bolet\u00edn N\u00b0 48 - Tribunal Electoral de la Ciudad de M\u00e9xico\",\"isPartOf\":{\"@id\":\"https:\/\/www.tecdmx.org.mx\/#website\"},\"primaryImageOfPage\":{\"@id\":\"https:\/\/www.tecdmx.org.mx\/index.php\/comunicados\/2025\/11\/07\/boletin-n-48\/#primaryimage\"},\"image\":{\"@id\":\"https:\/\/www.tecdmx.org.mx\/index.php\/comunicados\/2025\/11\/07\/boletin-n-48\/#primaryimage\"},\"thumbnailUrl\":\"https:\/\/www.tecdmx.org.mx\/wp-content\/uploads\/2023\/11\/Botones-_Comunicado.png\",\"datePublished\":\"2025-11-07T23:47:50+00:00\",\"dateModified\":\"2026-02-09T18:54:37+00:00\",\"author\":{\"@id\":\"https:\/\/www.tecdmx.org.mx\/#\/schema\/person\/208c898199fb3234203823c5f0cf31d6\"},\"breadcrumb\":{\"@id\":\"https:\/\/www.tecdmx.org.mx\/index.php\/comunicados\/2025\/11\/07\/boletin-n-48\/#breadcrumb\"},\"inLanguage\":\"es\",\"potentialAction\":[{\"@type\":\"ReadAction\",\"target\":[\"https:\/\/www.tecdmx.org.mx\/index.php\/comunicados\/2025\/11\/07\/boletin-n-48\/\"]}]},{\"@type\":\"ImageObject\",\"inLanguage\":\"es\",\"@id\":\"https:\/\/www.tecdmx.org.mx\/index.php\/comunicados\/2025\/11\/07\/boletin-n-48\/#primaryimage\",\"url\":\"https:\/\/www.tecdmx.org.mx\/wp-content\/uploads\/2023\/11\/Botones-_Comunicado.png\",\"contentUrl\":\"https:\/\/www.tecdmx.org.mx\/wp-content\/uploads\/2023\/11\/Botones-_Comunicado.png\",\"width\":900,\"height\":600},{\"@type\":\"BreadcrumbList\",\"@id\":\"https:\/\/www.tecdmx.org.mx\/index.php\/comunicados\/2025\/11\/07\/boletin-n-48\/#breadcrumb\",\"itemListElement\":[{\"@type\":\"ListItem\",\"position\":1,\"name\":\"Portada\",\"item\":\"https:\/\/www.tecdmx.org.mx\/\"},{\"@type\":\"ListItem\",\"position\":2,\"name\":\"Bolet\u00edn N\u00b0 48\"}]},{\"@type\":\"WebSite\",\"@id\":\"https:\/\/www.tecdmx.org.mx\/#website\",\"url\":\"https:\/\/www.tecdmx.org.mx\/\",\"name\":\"Tribunal Electoral de la Ciudad de M\u00e9xico\",\"description\":\"25 a\u00f1os garantizando justicia en tu elecci\u00f3n\",\"potentialAction\":[{\"@type\":\"SearchAction\",\"target\":{\"@type\":\"EntryPoint\",\"urlTemplate\":\"https:\/\/www.tecdmx.org.mx\/?s={search_term_string}\"},\"query-input\":\"required name=search_term_string\"}],\"inLanguage\":\"es\"},{\"@type\":\"Person\",\"@id\":\"https:\/\/www.tecdmx.org.mx\/#\/schema\/person\/208c898199fb3234203823c5f0cf31d6\",\"name\":\"Difusion2025\",\"image\":{\"@type\":\"ImageObject\",\"inLanguage\":\"es\",\"@id\":\"https:\/\/www.tecdmx.org.mx\/#\/schema\/person\/image\/\",\"url\":\"https:\/\/secure.gravatar.com\/avatar\/6f7a4ba3acb418040e90a2eb99b5df28?s=96&d=mm&r=g\",\"contentUrl\":\"https:\/\/secure.gravatar.com\/avatar\/6f7a4ba3acb418040e90a2eb99b5df28?s=96&d=mm&r=g\",\"caption\":\"Difusion2025\"}}]}<\/script>\n<!-- \/ Yoast SEO plugin. -->","yoast_head_json":{"title":"Bolet\u00edn N\u00b0 48 - Tribunal Electoral de la Ciudad de M\u00e9xico","robots":{"index":"index","follow":"follow","max-snippet":"max-snippet:-1","max-image-preview":"max-image-preview:large","max-video-preview":"max-video-preview:-1"},"canonical":"https:\/\/www.tecdmx.org.mx\/index.php\/comunicados\/2025\/11\/07\/boletin-n-48\/","og_locale":"es_ES","og_type":"article","og_title":"Bolet\u00edn N\u00b0 48 - Tribunal Electoral de la Ciudad de M\u00e9xico","og_description":"Ciudad de M\u00e9xico, a 7 de noviembre de 2025 LA TRANSPARENCIA Y EL ACCESO A LA INFORMACI\u00d3N P\u00daBLICA SON CONDICIONES FUNDAMENTALES DE TODO SISTEMA DEMOCR\u00c1TICO: TECDMX. Como parte de las [&hellip;]","og_url":"https:\/\/www.tecdmx.org.mx\/index.php\/comunicados\/2025\/11\/07\/boletin-n-48\/","og_site_name":"Tribunal Electoral de la Ciudad de M\u00e9xico","article_publisher":"https:\/\/www.facebook.com\/TECDMX\/","article_published_time":"2025-11-07T23:47:50+00:00","article_modified_time":"2026-02-09T18:54:37+00:00","og_image":[{"width":900,"height":600,"url":"https:\/\/www.tecdmx.org.mx\/wp-content\/uploads\/2023\/11\/Botones-_Comunicado.png","type":"image\/png"}],"author":"Difusion2025","twitter_card":"summary_large_image","twitter_creator":"@tecdmx","twitter_site":"@tecdmx","twitter_misc":{"Escrito por":"Difusion2025","Tiempo de lectura":"6 minutos"},"schema":{"@context":"https:\/\/schema.org","@graph":[{"@type":"WebPage","@id":"https:\/\/www.tecdmx.org.mx\/index.php\/comunicados\/2025\/11\/07\/boletin-n-48\/","url":"https:\/\/www.tecdmx.org.mx\/index.php\/comunicados\/2025\/11\/07\/boletin-n-48\/","name":"Bolet\u00edn N\u00b0 48 - Tribunal Electoral de la Ciudad de M\u00e9xico","isPartOf":{"@id":"https:\/\/www.tecdmx.org.mx\/#website"},"primaryImageOfPage":{"@id":"https:\/\/www.tecdmx.org.mx\/index.php\/comunicados\/2025\/11\/07\/boletin-n-48\/#primaryimage"},"image":{"@id":"https:\/\/www.tecdmx.org.mx\/index.php\/comunicados\/2025\/11\/07\/boletin-n-48\/#primaryimage"},"thumbnailUrl":"https:\/\/www.tecdmx.org.mx\/wp-content\/uploads\/2023\/11\/Botones-_Comunicado.png","datePublished":"2025-11-07T23:47:50+00:00","dateModified":"2026-02-09T18:54:37+00:00","author":{"@id":"https:\/\/www.tecdmx.org.mx\/#\/schema\/person\/208c898199fb3234203823c5f0cf31d6"},"breadcrumb":{"@id":"https:\/\/www.tecdmx.org.mx\/index.php\/comunicados\/2025\/11\/07\/boletin-n-48\/#breadcrumb"},"inLanguage":"es","potentialAction":[{"@type":"ReadAction","target":["https:\/\/www.tecdmx.org.mx\/index.php\/comunicados\/2025\/11\/07\/boletin-n-48\/"]}]},{"@type":"ImageObject","inLanguage":"es","@id":"https:\/\/www.tecdmx.org.mx\/index.php\/comunicados\/2025\/11\/07\/boletin-n-48\/#primaryimage","url":"https:\/\/www.tecdmx.org.mx\/wp-content\/uploads\/2023\/11\/Botones-_Comunicado.png","contentUrl":"https:\/\/www.tecdmx.org.mx\/wp-content\/uploads\/2023\/11\/Botones-_Comunicado.png","width":900,"height":600},{"@type":"BreadcrumbList","@id":"https:\/\/www.tecdmx.org.mx\/index.php\/comunicados\/2025\/11\/07\/boletin-n-48\/#breadcrumb","itemListElement":[{"@type":"ListItem","position":1,"name":"Portada","item":"https:\/\/www.tecdmx.org.mx\/"},{"@type":"ListItem","position":2,"name":"Bolet\u00edn N\u00b0 48"}]},{"@type":"WebSite","@id":"https:\/\/www.tecdmx.org.mx\/#website","url":"https:\/\/www.tecdmx.org.mx\/","name":"Tribunal Electoral de la Ciudad de M\u00e9xico","description":"25 a\u00f1os garantizando justicia en tu elecci\u00f3n","potentialAction":[{"@type":"SearchAction","target":{"@type":"EntryPoint","urlTemplate":"https:\/\/www.tecdmx.org.mx\/?s={search_term_string}"},"query-input":"required name=search_term_string"}],"inLanguage":"es"},{"@type":"Person","@id":"https:\/\/www.tecdmx.org.mx\/#\/schema\/person\/208c898199fb3234203823c5f0cf31d6","name":"Difusion2025","image":{"@type":"ImageObject","inLanguage":"es","@id":"https:\/\/www.tecdmx.org.mx\/#\/schema\/person\/image\/","url":"https:\/\/secure.gravatar.com\/avatar\/6f7a4ba3acb418040e90a2eb99b5df28?s=96&d=mm&r=g","contentUrl":"https:\/\/secure.gravatar.com\/avatar\/6f7a4ba3acb418040e90a2eb99b5df28?s=96&d=mm&r=g","caption":"Difusion2025"}}]}},"_links":{"self":[{"href":"https:\/\/www.tecdmx.org.mx\/index.php\/wp-json\/wp\/v2\/posts\/59924"}],"collection":[{"href":"https:\/\/www.tecdmx.org.mx\/index.php\/wp-json\/wp\/v2\/posts"}],"about":[{"href":"https:\/\/www.tecdmx.org.mx\/index.php\/wp-json\/wp\/v2\/types\/post"}],"author":[{"embeddable":true,"href":"https:\/\/www.tecdmx.org.mx\/index.php\/wp-json\/wp\/v2\/users\/13"}],"replies":[{"embeddable":true,"href":"https:\/\/www.tecdmx.org.mx\/index.php\/wp-json\/wp\/v2\/comments?post=59924"}],"version-history":[{"count":1,"href":"https:\/\/www.tecdmx.org.mx\/index.php\/wp-json\/wp\/v2\/posts\/59924\/revisions"}],"predecessor-version":[{"id":59928,"href":"https:\/\/www.tecdmx.org.mx\/index.php\/wp-json\/wp\/v2\/posts\/59924\/revisions\/59928"}],"wp:featuredmedia":[{"embeddable":true,"href":"https:\/\/www.tecdmx.org.mx\/index.php\/wp-json\/wp\/v2\/media\/45590"}],"wp:attachment":[{"href":"https:\/\/www.tecdmx.org.mx\/index.php\/wp-json\/wp\/v2\/media?parent=59924"}],"wp:term":[{"taxonomy":"category","embeddable":true,"href":"https:\/\/www.tecdmx.org.mx\/index.php\/wp-json\/wp\/v2\/categories?post=59924"},{"taxonomy":"post_tag","embeddable":true,"href":"https:\/\/www.tecdmx.org.mx\/index.php\/wp-json\/wp\/v2\/tags?post=59924"}],"curies":[{"name":"wp","href":"https:\/\/api.w.org\/{rel}","templated":true}]}}