{"id":60023,"date":"2025-11-26T19:19:15","date_gmt":"2025-11-27T01:19:15","guid":{"rendered":"https:\/\/www.tecdmx.org.mx\/?p=60023"},"modified":"2026-02-09T12:54:36","modified_gmt":"2026-02-09T18:54:36","slug":"boletin-n-50","status":"publish","type":"post","link":"https:\/\/www.tecdmx.org.mx\/index.php\/comunicados\/2025\/11\/26\/boletin-n-50\/","title":{"rendered":"Bolet\u00edn N\u00b0 50"},"content":{"rendered":"\n<p class=\"has-text-align-right\"><\/p>\n\n\n\n<p class=\"has-text-align-right\">Ciudad de M\u00e9xico, a 26 de noviembre de 2025<\/p>\n\n\n\n<figure class=\"wp-block-image size-full\"><img loading=\"lazy\" decoding=\"async\" width=\"1280\" height=\"596\" src=\"https:\/\/www.tecdmx.org.mx\/wp-content\/uploads\/2025\/11\/WhatsApp-Image-2025-11-26-at-18.56.17-1.jpeg\" alt=\"\" class=\"wp-image-60029\" srcset=\"https:\/\/www.tecdmx.org.mx\/wp-content\/uploads\/2025\/11\/WhatsApp-Image-2025-11-26-at-18.56.17-1-446x208.jpeg 446w, https:\/\/www.tecdmx.org.mx\/wp-content\/uploads\/2025\/11\/WhatsApp-Image-2025-11-26-at-18.56.17-1-752x350.jpeg 752w, https:\/\/www.tecdmx.org.mx\/wp-content\/uploads\/2025\/11\/WhatsApp-Image-2025-11-26-at-18.56.17-1-768x358.jpeg 768w, https:\/\/www.tecdmx.org.mx\/wp-content\/uploads\/2025\/11\/WhatsApp-Image-2025-11-26-at-18.56.17-1.jpeg 1280w\" sizes=\"(max-width: 1280px) 100vw, 1280px\" \/><\/figure>\n\n\n\n<p class=\"has-text-align-right\">Ciudad de M\u00e9xico, a 26 de noviembre de 2025<\/p>\n\n\n\n<p><\/p>\n\n\n\n<p class=\"has-text-align-center\"><strong>EL TECDMX COORDIN\u00d3 UN FORO PARA ANALIZAR Y REFLEXIONAR ACERCA DE LA JUSTICIA ELECTORAL CON PERSPECTIVA DE G\u00c9NERO Y ENFOQUE EN LOS DERECHOS HUMANOS CON MOTIVO DEL 25N.<\/strong><\/p>\n\n\n\n<p>Como parte de las actividades transversales del 25N TECDMX realiz\u00f3 el foro <strong><em>\u201cPairos y derivas del proceso electoral judicial extraordinario 2025. Reflexiones en torno a la justicia electoral con perspectiva de g\u00e9nero y enfoque de derechos humanos\u201d<\/em><\/strong>, en coordinaci\u00f3n con autoridades y especialistas del TEPJF, el IECM, la Fiscal\u00eda Especializada para la Atenci\u00f3n de Delitos Electorales, la Secretar\u00eda de las Mujeres de la Ciudad de M\u00e9xico y el Observatorio de Participaci\u00f3n Pol\u00edtica de las Mujeres en la Ciudad de M\u00e9xico.<\/p>\n\n\n\n<p>El acto inaugural del evento estuvo a cargo del <strong>Magistrado Presidente del TECDMX, Armando Ambriz Hern\u00e1ndez<\/strong>, quien destac\u00f3 que este foro tiene origen en el contexto del nuevo modelo del Poder Judicial, as\u00ed como en el papel que desempe\u00f1an las personas juzgadoras para la protecci\u00f3n de los Derechos Humanos con perspectiva de g\u00e9nero. Se\u00f1al\u00f3 que la relevancia de esta tarea corresponde justamente con el dise\u00f1o del contenido para el di\u00e1logo las mesas de trabajo previstas en el foro, y que las aportaciones en esta materia tienen como punto de partida la identificaci\u00f3n de diversos obst\u00e1culos que enfrentar\u00e1n tanto las futuras generaciones, as\u00ed como las actuales personas funcionarias p\u00fablicas, defensoras de Derechos Humanos, Activistas y la Ciudadan\u00eda en el ejercicio de sus libertades.<\/p>\n\n\n\n<p>Por su parte, la <strong>Magistrada Karina Salgado Lunar<\/strong>, Presidenta del Comit\u00e9 de G\u00e9nero y Derechos Humanos, as\u00ed como del Grupo de Igualdad Laboral y No Discriminaci\u00f3n del TECDMX,<strong> <\/strong>indic\u00f3 que este foro ocurre en un momento particularmente significativo al realizarse justo en el marco de los 16 d\u00edas de activismo contra la violencia hacia las mujeres en raz\u00f3n de g\u00e9nero, en el que el TECDMX va por la reafirmaci\u00f3n de nuestro compromiso institucional con la erradicaci\u00f3n de todas las formas de violencia pol\u00edtica y social que limita el ejercicio pleno de los derechos, particularmente de las mujeres. Plante\u00f3 que esta conmemoraci\u00f3n nos recuerda que la Democracia no puede ser aut\u00e9ntica si persisten pr\u00e1cticas que excluyan, omitan o silencien voces femeninas en los espacios de decisi\u00f3n.<\/p>\n\n\n\n<p>En su turno, el <strong>Magistrado Jos\u00e9 Jes\u00fas Hern\u00e1ndez Rodr\u00edguez<\/strong> se\u00f1al\u00f3 que la violencia contra mujeres y ni\u00f1as afecta de distintas formas a una de cada tres mujeres, y que en ese sentido la campa\u00f1a de activismo de este a\u00f1o de las Naciones Unidas tiene como fin acabar con la Violencia Digital contra ellas. En este marco, destac\u00f3 que el objetivo de este foro es realizar un an\u00e1lisis exhaustivo acerca de las implicaciones, problemas y aprendizajes que surgieron de la implementaci\u00f3n de la Reforma Judicial, y particularmente del Proceso Electoral Judicial en todo el pa\u00eds, con el fin de valorar no solamente lo que funcion\u00f3 sino tambi\u00e9n lo que debe corregirse, por lo que constituye una oportunidad invaluable para anticipar ajustes normativos, procesales e institucionales, que fortalecen a futuro los mecanismos de integraci\u00f3n de los \u00f3rganos Jurisdiccionales.<\/p>\n\n\n\n<p>En uso de la voz, la <strong>Magistrada Laura Patricia Jim\u00e9nez Castillo<\/strong> coment\u00f3 que el pasado primero de junio se hizo historia en la CDMX al llevarse a cabo por primera vez una Jornada para elegir a las personas juzgadoras del Poder Judicial Local, y que este ejercicio implic\u00f3 una transformaci\u00f3n profunda en la forma de integrar el Poder Judicial, al pasar de un sistema meritocr\u00e1tico basado en concursos de oposici\u00f3n abiertos o internos, a un Sistema Democr\u00e1tico. Resalt\u00f3 que una de las mayores virtudes de este in\u00e9dito proceso es que permiti\u00f3 materializar el Principio de Paridad de G\u00e9nero en los cargos que se eligieron, garantizando que muchos techos de cristal que han enfrentado las mujeres fueran superados, pese a que a\u00fan hay muchas tareas pendientes. Coment\u00f3 que este Foro plantea desaciertos, experiencias, \u00e1reas de oportunidad y retos en dicha materia.<\/p>\n\n\n\n<p>Finalmente, como parte de las conclusiones del Foro, el <strong>Magistrado<\/strong> <strong>Osiris V\u00e1zquez Rangel<\/strong> hizo un recuento de los aspectos de mayor relevancia que se abordaron en las Mesas de Trabajo, entre ellos, la amplia participaci\u00f3n de las autoridades en la difusi\u00f3n del Proceso Electoral del Poder Judicial, el acercamiento de las personas candidatas con la sociedad mediante Redes Sociales y Medios de Comunicaci\u00f3n, as\u00ed como los reducidos gastos que se erogaron para dicho fin.<\/p>\n\n\n\n<p>El Foro cont\u00f3 con la participaci\u00f3n de las siguientes personas panelistas:<\/p>\n\n\n\n<ol>\n<li>Mtro. Jos\u00e9 Luis Ceballos Daza. Magistrado de la Sala Regional Ciudad de M\u00e9xico del Tribunal Electoral del Poder Judicial de la Federaci\u00f3n.<\/li>\n<\/ol>\n\n\n\n<ul>\n<li>Mtra. Cecilia A. Hern\u00e1ndez Cruz. Consejera Electoral del Instituto Electoral de la Ciudad de M\u00e9xico.<\/li>\n<\/ul>\n\n\n\n<ul>\n<li>Lcdo. Daniel Osorio Roque. Titular de la Fiscal\u00eda Especializada para la Atenci\u00f3n de Delitos Electorales.<\/li>\n<\/ul>\n\n\n\n<ul>\n<li>Mtra. Sonia P\u00e9rez P\u00e9rez. Consejera Electoral del Instituto Electoral de la Ciudad de M\u00e9xico.<\/li>\n<\/ul>\n\n\n\n<ul>\n<li>Lcda. Paula A. Soto Maldonado. Directora Ejecutiva de Igualdad Sustantiva en la Secretar\u00eda de las Mujeres de la Ciudad de M\u00e9xico y Representante de la Presidencia del Observatorio de Participaci\u00f3n Pol\u00edtica de las Mujeres en la Ciudad de M\u00e9xico.<\/li>\n<\/ul>\n\n\n\n<p>Se puede acceder al desarrollo completo de este Foro en el siguiente enlace: <a href=\"https:\/\/www.youtube.com\/watch?v=lcYD-XP8U_8\">https:\/\/www.youtube.com\/watch?v=lcYD-XP8U_8<\/a>, as\u00ed como en las Redes Social<\/p>\n\n\n\n<figure class=\"wp-block-image size-full\"><img loading=\"lazy\" decoding=\"async\" width=\"1280\" height=\"781\" src=\"https:\/\/www.tecdmx.org.mx\/wp-content\/uploads\/2025\/11\/WhatsApp-Image-2025-11-26-at-18.56.16.jpeg\" alt=\"\" class=\"wp-image-60026\" srcset=\"https:\/\/www.tecdmx.org.mx\/wp-content\/uploads\/2025\/11\/WhatsApp-Image-2025-11-26-at-18.56.16-410x250.jpeg 410w, https:\/\/www.tecdmx.org.mx\/wp-content\/uploads\/2025\/11\/WhatsApp-Image-2025-11-26-at-18.56.16-574x350.jpeg 574w, https:\/\/www.tecdmx.org.mx\/wp-content\/uploads\/2025\/11\/WhatsApp-Image-2025-11-26-at-18.56.16-768x469.jpeg 768w, https:\/\/www.tecdmx.org.mx\/wp-content\/uploads\/2025\/11\/WhatsApp-Image-2025-11-26-at-18.56.16.jpeg 1280w\" sizes=\"(max-width: 1280px) 100vw, 1280px\" \/><\/figure>\n\n\n\n<figure class=\"wp-block-image size-full\"><img loading=\"lazy\" decoding=\"async\" width=\"1280\" height=\"853\" src=\"https:\/\/www.tecdmx.org.mx\/wp-content\/uploads\/2025\/11\/WhatsApp-Image-2025-11-26-at-18.56.17.jpeg\" alt=\"\" class=\"wp-image-60027\" srcset=\"https:\/\/www.tecdmx.org.mx\/wp-content\/uploads\/2025\/11\/WhatsApp-Image-2025-11-26-at-18.56.17-375x250.jpeg 375w, https:\/\/www.tecdmx.org.mx\/wp-content\/uploads\/2025\/11\/WhatsApp-Image-2025-11-26-at-18.56.17-525x350.jpeg 525w, https:\/\/www.tecdmx.org.mx\/wp-content\/uploads\/2025\/11\/WhatsApp-Image-2025-11-26-at-18.56.17-768x512.jpeg 768w, https:\/\/www.tecdmx.org.mx\/wp-content\/uploads\/2025\/11\/WhatsApp-Image-2025-11-26-at-18.56.17.jpeg 1280w\" sizes=\"(max-width: 1280px) 100vw, 1280px\" \/><\/figure>\n","protected":false},"excerpt":{"rendered":"<p>Ciudad de M\u00e9xico, a 26 de noviembre de 2025 Ciudad de M\u00e9xico, a 26 de noviembre de 2025 EL TECDMX COORDIN\u00d3 UN FORO PARA ANALIZAR Y REFLEXIONAR ACERCA DE LA [&hellip;]<\/p>\n","protected":false},"author":13,"featured_media":45590,"comment_status":"closed","ping_status":"open","sticky":false,"template":"","format":"standard","meta":{"_acf_changed":false,"_exactmetrics_skip_tracking":false,"_exactmetrics_sitenote_active":false,"_exactmetrics_sitenote_note":"","_exactmetrics_sitenote_category":0,"footnotes":""},"categories":[32,47],"tags":[],"acf":[],"yoast_head":"<!-- This site is optimized with the Yoast SEO plugin v22.3 - https:\/\/yoast.com\/wordpress\/plugins\/seo\/ -->\n<title>Bolet\u00edn N\u00b0 50 - Tribunal Electoral de la Ciudad de M\u00e9xico<\/title>\n<meta name=\"robots\" content=\"index, follow, max-snippet:-1, max-image-preview:large, max-video-preview:-1\" \/>\n<link rel=\"canonical\" href=\"https:\/\/www.tecdmx.org.mx\/index.php\/comunicados\/2025\/11\/26\/boletin-n-50\/\" \/>\n<meta property=\"og:locale\" content=\"es_ES\" \/>\n<meta property=\"og:type\" content=\"article\" \/>\n<meta property=\"og:title\" content=\"Bolet\u00edn N\u00b0 50 - Tribunal Electoral de la Ciudad de M\u00e9xico\" \/>\n<meta property=\"og:description\" content=\"Ciudad de M\u00e9xico, a 26 de noviembre de 2025 Ciudad de M\u00e9xico, a 26 de noviembre de 2025 EL TECDMX COORDIN\u00d3 UN FORO PARA ANALIZAR Y REFLEXIONAR ACERCA DE LA [&hellip;]\" \/>\n<meta property=\"og:url\" content=\"https:\/\/www.tecdmx.org.mx\/index.php\/comunicados\/2025\/11\/26\/boletin-n-50\/\" \/>\n<meta property=\"og:site_name\" content=\"Tribunal Electoral de la Ciudad de M\u00e9xico\" \/>\n<meta property=\"article:publisher\" content=\"https:\/\/www.facebook.com\/TECDMX\/\" \/>\n<meta property=\"article:published_time\" content=\"2025-11-27T01:19:15+00:00\" \/>\n<meta property=\"article:modified_time\" content=\"2026-02-09T18:54:36+00:00\" \/>\n<meta property=\"og:image\" content=\"https:\/\/www.tecdmx.org.mx\/wp-content\/uploads\/2023\/11\/Botones-_Comunicado.png\" \/>\n\t<meta property=\"og:image:width\" content=\"900\" \/>\n\t<meta property=\"og:image:height\" content=\"600\" \/>\n\t<meta property=\"og:image:type\" content=\"image\/png\" \/>\n<meta name=\"author\" content=\"Difusion2025\" \/>\n<meta name=\"twitter:card\" content=\"summary_large_image\" \/>\n<meta name=\"twitter:creator\" content=\"@tecdmx\" \/>\n<meta name=\"twitter:site\" content=\"@tecdmx\" \/>\n<meta name=\"twitter:label1\" content=\"Escrito por\" \/>\n\t<meta name=\"twitter:data1\" content=\"Difusion2025\" \/>\n\t<meta name=\"twitter:label2\" content=\"Tiempo de lectura\" \/>\n\t<meta name=\"twitter:data2\" content=\"5 minutos\" \/>\n<script type=\"application\/ld+json\" class=\"yoast-schema-graph\">{\"@context\":\"https:\/\/schema.org\",\"@graph\":[{\"@type\":\"WebPage\",\"@id\":\"https:\/\/www.tecdmx.org.mx\/index.php\/comunicados\/2025\/11\/26\/boletin-n-50\/\",\"url\":\"https:\/\/www.tecdmx.org.mx\/index.php\/comunicados\/2025\/11\/26\/boletin-n-50\/\",\"name\":\"Bolet\u00edn N\u00b0 50 - Tribunal Electoral de la Ciudad de M\u00e9xico\",\"isPartOf\":{\"@id\":\"https:\/\/www.tecdmx.org.mx\/#website\"},\"primaryImageOfPage\":{\"@id\":\"https:\/\/www.tecdmx.org.mx\/index.php\/comunicados\/2025\/11\/26\/boletin-n-50\/#primaryimage\"},\"image\":{\"@id\":\"https:\/\/www.tecdmx.org.mx\/index.php\/comunicados\/2025\/11\/26\/boletin-n-50\/#primaryimage\"},\"thumbnailUrl\":\"https:\/\/www.tecdmx.org.mx\/wp-content\/uploads\/2023\/11\/Botones-_Comunicado.png\",\"datePublished\":\"2025-11-27T01:19:15+00:00\",\"dateModified\":\"2026-02-09T18:54:36+00:00\",\"author\":{\"@id\":\"https:\/\/www.tecdmx.org.mx\/#\/schema\/person\/208c898199fb3234203823c5f0cf31d6\"},\"breadcrumb\":{\"@id\":\"https:\/\/www.tecdmx.org.mx\/index.php\/comunicados\/2025\/11\/26\/boletin-n-50\/#breadcrumb\"},\"inLanguage\":\"es\",\"potentialAction\":[{\"@type\":\"ReadAction\",\"target\":[\"https:\/\/www.tecdmx.org.mx\/index.php\/comunicados\/2025\/11\/26\/boletin-n-50\/\"]}]},{\"@type\":\"ImageObject\",\"inLanguage\":\"es\",\"@id\":\"https:\/\/www.tecdmx.org.mx\/index.php\/comunicados\/2025\/11\/26\/boletin-n-50\/#primaryimage\",\"url\":\"https:\/\/www.tecdmx.org.mx\/wp-content\/uploads\/2023\/11\/Botones-_Comunicado.png\",\"contentUrl\":\"https:\/\/www.tecdmx.org.mx\/wp-content\/uploads\/2023\/11\/Botones-_Comunicado.png\",\"width\":900,\"height\":600},{\"@type\":\"BreadcrumbList\",\"@id\":\"https:\/\/www.tecdmx.org.mx\/index.php\/comunicados\/2025\/11\/26\/boletin-n-50\/#breadcrumb\",\"itemListElement\":[{\"@type\":\"ListItem\",\"position\":1,\"name\":\"Portada\",\"item\":\"https:\/\/www.tecdmx.org.mx\/\"},{\"@type\":\"ListItem\",\"position\":2,\"name\":\"Bolet\u00edn N\u00b0 50\"}]},{\"@type\":\"WebSite\",\"@id\":\"https:\/\/www.tecdmx.org.mx\/#website\",\"url\":\"https:\/\/www.tecdmx.org.mx\/\",\"name\":\"Tribunal Electoral de la Ciudad de M\u00e9xico\",\"description\":\"25 a\u00f1os garantizando justicia en tu elecci\u00f3n\",\"potentialAction\":[{\"@type\":\"SearchAction\",\"target\":{\"@type\":\"EntryPoint\",\"urlTemplate\":\"https:\/\/www.tecdmx.org.mx\/?s={search_term_string}\"},\"query-input\":\"required name=search_term_string\"}],\"inLanguage\":\"es\"},{\"@type\":\"Person\",\"@id\":\"https:\/\/www.tecdmx.org.mx\/#\/schema\/person\/208c898199fb3234203823c5f0cf31d6\",\"name\":\"Difusion2025\",\"image\":{\"@type\":\"ImageObject\",\"inLanguage\":\"es\",\"@id\":\"https:\/\/www.tecdmx.org.mx\/#\/schema\/person\/image\/\",\"url\":\"https:\/\/secure.gravatar.com\/avatar\/6f7a4ba3acb418040e90a2eb99b5df28?s=96&d=mm&r=g\",\"contentUrl\":\"https:\/\/secure.gravatar.com\/avatar\/6f7a4ba3acb418040e90a2eb99b5df28?s=96&d=mm&r=g\",\"caption\":\"Difusion2025\"}}]}<\/script>\n<!-- \/ Yoast SEO plugin. -->","yoast_head_json":{"title":"Bolet\u00edn N\u00b0 50 - Tribunal Electoral de la Ciudad de M\u00e9xico","robots":{"index":"index","follow":"follow","max-snippet":"max-snippet:-1","max-image-preview":"max-image-preview:large","max-video-preview":"max-video-preview:-1"},"canonical":"https:\/\/www.tecdmx.org.mx\/index.php\/comunicados\/2025\/11\/26\/boletin-n-50\/","og_locale":"es_ES","og_type":"article","og_title":"Bolet\u00edn N\u00b0 50 - Tribunal Electoral de la Ciudad de M\u00e9xico","og_description":"Ciudad de M\u00e9xico, a 26 de noviembre de 2025 Ciudad de M\u00e9xico, a 26 de noviembre de 2025 EL TECDMX COORDIN\u00d3 UN FORO PARA ANALIZAR Y REFLEXIONAR ACERCA DE LA [&hellip;]","og_url":"https:\/\/www.tecdmx.org.mx\/index.php\/comunicados\/2025\/11\/26\/boletin-n-50\/","og_site_name":"Tribunal Electoral de la Ciudad de M\u00e9xico","article_publisher":"https:\/\/www.facebook.com\/TECDMX\/","article_published_time":"2025-11-27T01:19:15+00:00","article_modified_time":"2026-02-09T18:54:36+00:00","og_image":[{"width":900,"height":600,"url":"https:\/\/www.tecdmx.org.mx\/wp-content\/uploads\/2023\/11\/Botones-_Comunicado.png","type":"image\/png"}],"author":"Difusion2025","twitter_card":"summary_large_image","twitter_creator":"@tecdmx","twitter_site":"@tecdmx","twitter_misc":{"Escrito por":"Difusion2025","Tiempo de lectura":"5 minutos"},"schema":{"@context":"https:\/\/schema.org","@graph":[{"@type":"WebPage","@id":"https:\/\/www.tecdmx.org.mx\/index.php\/comunicados\/2025\/11\/26\/boletin-n-50\/","url":"https:\/\/www.tecdmx.org.mx\/index.php\/comunicados\/2025\/11\/26\/boletin-n-50\/","name":"Bolet\u00edn N\u00b0 50 - Tribunal Electoral de la Ciudad de M\u00e9xico","isPartOf":{"@id":"https:\/\/www.tecdmx.org.mx\/#website"},"primaryImageOfPage":{"@id":"https:\/\/www.tecdmx.org.mx\/index.php\/comunicados\/2025\/11\/26\/boletin-n-50\/#primaryimage"},"image":{"@id":"https:\/\/www.tecdmx.org.mx\/index.php\/comunicados\/2025\/11\/26\/boletin-n-50\/#primaryimage"},"thumbnailUrl":"https:\/\/www.tecdmx.org.mx\/wp-content\/uploads\/2023\/11\/Botones-_Comunicado.png","datePublished":"2025-11-27T01:19:15+00:00","dateModified":"2026-02-09T18:54:36+00:00","author":{"@id":"https:\/\/www.tecdmx.org.mx\/#\/schema\/person\/208c898199fb3234203823c5f0cf31d6"},"breadcrumb":{"@id":"https:\/\/www.tecdmx.org.mx\/index.php\/comunicados\/2025\/11\/26\/boletin-n-50\/#breadcrumb"},"inLanguage":"es","potentialAction":[{"@type":"ReadAction","target":["https:\/\/www.tecdmx.org.mx\/index.php\/comunicados\/2025\/11\/26\/boletin-n-50\/"]}]},{"@type":"ImageObject","inLanguage":"es","@id":"https:\/\/www.tecdmx.org.mx\/index.php\/comunicados\/2025\/11\/26\/boletin-n-50\/#primaryimage","url":"https:\/\/www.tecdmx.org.mx\/wp-content\/uploads\/2023\/11\/Botones-_Comunicado.png","contentUrl":"https:\/\/www.tecdmx.org.mx\/wp-content\/uploads\/2023\/11\/Botones-_Comunicado.png","width":900,"height":600},{"@type":"BreadcrumbList","@id":"https:\/\/www.tecdmx.org.mx\/index.php\/comunicados\/2025\/11\/26\/boletin-n-50\/#breadcrumb","itemListElement":[{"@type":"ListItem","position":1,"name":"Portada","item":"https:\/\/www.tecdmx.org.mx\/"},{"@type":"ListItem","position":2,"name":"Bolet\u00edn N\u00b0 50"}]},{"@type":"WebSite","@id":"https:\/\/www.tecdmx.org.mx\/#website","url":"https:\/\/www.tecdmx.org.mx\/","name":"Tribunal Electoral de la Ciudad de M\u00e9xico","description":"25 a\u00f1os garantizando justicia en tu elecci\u00f3n","potentialAction":[{"@type":"SearchAction","target":{"@type":"EntryPoint","urlTemplate":"https:\/\/www.tecdmx.org.mx\/?s={search_term_string}"},"query-input":"required name=search_term_string"}],"inLanguage":"es"},{"@type":"Person","@id":"https:\/\/www.tecdmx.org.mx\/#\/schema\/person\/208c898199fb3234203823c5f0cf31d6","name":"Difusion2025","image":{"@type":"ImageObject","inLanguage":"es","@id":"https:\/\/www.tecdmx.org.mx\/#\/schema\/person\/image\/","url":"https:\/\/secure.gravatar.com\/avatar\/6f7a4ba3acb418040e90a2eb99b5df28?s=96&d=mm&r=g","contentUrl":"https:\/\/secure.gravatar.com\/avatar\/6f7a4ba3acb418040e90a2eb99b5df28?s=96&d=mm&r=g","caption":"Difusion2025"}}]}},"_links":{"self":[{"href":"https:\/\/www.tecdmx.org.mx\/index.php\/wp-json\/wp\/v2\/posts\/60023"}],"collection":[{"href":"https:\/\/www.tecdmx.org.mx\/index.php\/wp-json\/wp\/v2\/posts"}],"about":[{"href":"https:\/\/www.tecdmx.org.mx\/index.php\/wp-json\/wp\/v2\/types\/post"}],"author":[{"embeddable":true,"href":"https:\/\/www.tecdmx.org.mx\/index.php\/wp-json\/wp\/v2\/users\/13"}],"replies":[{"embeddable":true,"href":"https:\/\/www.tecdmx.org.mx\/index.php\/wp-json\/wp\/v2\/comments?post=60023"}],"version-history":[{"count":1,"href":"https:\/\/www.tecdmx.org.mx\/index.php\/wp-json\/wp\/v2\/posts\/60023\/revisions"}],"predecessor-version":[{"id":60031,"href":"https:\/\/www.tecdmx.org.mx\/index.php\/wp-json\/wp\/v2\/posts\/60023\/revisions\/60031"}],"wp:featuredmedia":[{"embeddable":true,"href":"https:\/\/www.tecdmx.org.mx\/index.php\/wp-json\/wp\/v2\/media\/45590"}],"wp:attachment":[{"href":"https:\/\/www.tecdmx.org.mx\/index.php\/wp-json\/wp\/v2\/media?parent=60023"}],"wp:term":[{"taxonomy":"category","embeddable":true,"href":"https:\/\/www.tecdmx.org.mx\/index.php\/wp-json\/wp\/v2\/categories?post=60023"},{"taxonomy":"post_tag","embeddable":true,"href":"https:\/\/www.tecdmx.org.mx\/index.php\/wp-json\/wp\/v2\/tags?post=60023"}],"curies":[{"name":"wp","href":"https:\/\/api.w.org\/{rel}","templated":true}]}}