{"id":6263,"date":"2018-10-12T00:00:00","date_gmt":"2018-10-12T00:00:00","guid":{"rendered":"http:\/\/www2.tecdmx.org.mx\/index.php\/sin-categoria\/2018\/10\/12\/aviso-de-sesion-publica-del-12-de-octubre-de-2018\/"},"modified":"2018-11-30T15:51:06","modified_gmt":"2018-11-30T15:51:06","slug":"aviso-de-sesion-publica-del-12-de-octubre-de-2018","status":"publish","type":"post","link":"https:\/\/www.tecdmx.org.mx\/index.php\/avisos-publicos\/2018\/10\/12\/aviso-de-sesion-publica-del-12-de-octubre-de-2018\/","title":{"rendered":"Aviso de Sesi\u00f3n P\u00fablica del 12 de octubre de 2018"},"content":{"rendered":"<p>EN LA CIUDAD DE M\u00c9XICO, EL PLENO DEL TRIBUNAL ELECTORAL DE LA CIUDAD DE M\u00c9XICO CELEBRAR\u00c1 SESI\u00d3N P\u00daBLICA EL D\u00cdA DOCE DE OCTUBRE DE DOS MIL DIECIOCHO A LAS ONCE HORAS, EN EL SAL\u00d3N DESTINADO PARA TAL EFECTO, UBICADO EN EL TERCER PISO DE SU EDIFICIO SEDE, SITO EN LA CALLE MAGDALENA N\u00daMERO 21, COLONIA DEL VALLE, DELEGACI\u00d3N BENITO JU\u00c1REZ, C\u00d3DIGO POSTAL 03100. LO ANTERIOR, CON FUNDAMENTO EN EL ART\u00cdCULO 38, NUMERAL 2 DE LA CONSTITUCI\u00d3N POL\u00cdTICA DE LA CIUDAD DE M\u00c9XICO, LOS ART\u00cdCULOS 2, P\u00c1RRAFO TERCERO; 165, P\u00c1RRAFO PRIMERO; 171, 178; 180 FRACCIONES I Y IV; 182 P\u00c1RRAFOS PRIMERO, SEGUNDO, FRACCIONES I Y V, Y \u00daLTIMO P\u00c1RRAFO; 183, P\u00c1RRAFO SEGUNDO; 184, FRACCI\u00d3N II, DEL C\u00d3DIGO DE INSTITUCIONES Y PROCEDIMIENTOS ELECTORALES DE LA CIUDAD DE M\u00c9XICO, RELACIONADOS CON EL NUMERAL 86, P\u00c1RRAFO SEGUNDO, DE LA LEY PROCESAL ELECTORAL DE LA CIUDAD DE M\u00c9XICO, AS\u00cd COMO CON LOS DIVERSOS NUMERALES 7, 8 Y 16, DEL REGLAMENTO INTERIOR DEL TRIBUNAL ELECTORAL DE LA CIUDAD DE M\u00c9XICO; CON EL OBJETO DE DESAHOGAR LOS ASUNTOS QUE A CONTINUACI\u00d3N SE ENUNCIAN EN EL CUADRO SIGUIENTE:<br \/>\nPRESENTACI\u00d3N DEL INFORME DE CIERRE DE PROCESO ELECTORAL 2017-2018, QUE EL MAGISTRADO PRESIDENTE DE ESTE TRIBUNAL RINDE AL PLENO.<br \/>\nELECCI\u00d3N DE LA MAGISTRATURA ELECTORAL QUE FUNGIR\u00c1 COMO PRESIDENTE (A) DE ESTE \u00d3RGANO JURISDICCIONAL, PARA EL PERIODO COMPRENDIDO DEL 14 DE OCTUBRE DE 2018 AL 13 DE OCTUBRE 2021.<br \/>\n&#8211; TOMA DE PROTESTA AL PRESIDENTE (A) ELECTO (A).<br \/>\nMENSAJE DEL (LA) MAGISTRADO (A) PRESIDENTE (A) DEL TRIBUNAL ELECTORAL DE LA CIUDAD DE M\u00c9XICO.<\/p>\n","protected":false},"excerpt":{"rendered":"<p>En la Ciudad de M\u00e9xico, el Pleno del Tribunal Electoral de la Ciudad de M\u00e9xico celebrar\u00e1 Sesi\u00f3n P\u00fablica de resoluci\u00f3n el d\u00eda 12 de octubre de 2018 a las 11:00 horas, en el sal\u00f3n destinado para tal efecto, ubicado en el tercer piso de su edificio sede&#8230;<\/p>\n","protected":false},"author":13,"featured_media":3645,"comment_status":"open","ping_status":"open","sticky":false,"template":"","format":"standard","meta":{"_acf_changed":false,"_exactmetrics_skip_tracking":false,"_exactmetrics_sitenote_active":false,"_exactmetrics_sitenote_note":"","_exactmetrics_sitenote_category":0,"footnotes":""},"categories":[48,34,47],"tags":[],"acf":[],"yoast_head":"<!-- This site is optimized with the Yoast SEO plugin v22.3 - https:\/\/yoast.com\/wordpress\/plugins\/seo\/ -->\n<title>Aviso de Sesi\u00f3n P\u00fablica del 12 de octubre de 2018 - Tribunal Electoral de la Ciudad de M\u00e9xico<\/title>\n<meta name=\"robots\" content=\"index, follow, max-snippet:-1, max-image-preview:large, max-video-preview:-1\" \/>\n<link rel=\"canonical\" href=\"https:\/\/www.tecdmx.org.mx\/index.php\/avisos-publicos\/2018\/10\/12\/aviso-de-sesion-publica-del-12-de-octubre-de-2018\/\" \/>\n<meta property=\"og:locale\" content=\"es_ES\" \/>\n<meta property=\"og:type\" content=\"article\" \/>\n<meta property=\"og:title\" content=\"Aviso de Sesi\u00f3n P\u00fablica del 12 de octubre de 2018 - Tribunal Electoral de la Ciudad de M\u00e9xico\" \/>\n<meta property=\"og:description\" content=\"En la Ciudad de M\u00e9xico, el Pleno del Tribunal Electoral de la Ciudad de M\u00e9xico celebrar\u00e1 Sesi\u00f3n P\u00fablica de resoluci\u00f3n el d\u00eda 12 de octubre de 2018 a las 11:00 horas, en el sal\u00f3n destinado para tal efecto, ubicado en el tercer piso de su edificio sede...\" \/>\n<meta property=\"og:url\" content=\"https:\/\/www.tecdmx.org.mx\/index.php\/avisos-publicos\/2018\/10\/12\/aviso-de-sesion-publica-del-12-de-octubre-de-2018\/\" \/>\n<meta property=\"og:site_name\" content=\"Tribunal Electoral de la Ciudad de M\u00e9xico\" \/>\n<meta property=\"article:publisher\" content=\"https:\/\/www.facebook.com\/TECDMX\/\" \/>\n<meta property=\"article:published_time\" content=\"2018-10-12T00:00:00+00:00\" \/>\n<meta property=\"article:modified_time\" content=\"2018-11-30T15:51:06+00:00\" \/>\n<meta property=\"og:image\" content=\"https:\/\/www.tecdmx.org.mx\/wp-content\/uploads\/2018\/08\/sesin_pblica_lema.jpg\" \/>\n\t<meta property=\"og:image:width\" content=\"600\" \/>\n\t<meta property=\"og:image:height\" content=\"340\" \/>\n\t<meta property=\"og:image:type\" content=\"image\/jpeg\" \/>\n<meta name=\"author\" content=\"Difusion2025\" \/>\n<meta name=\"twitter:card\" content=\"summary_large_image\" \/>\n<meta name=\"twitter:creator\" content=\"@tecdmx\" \/>\n<meta name=\"twitter:site\" content=\"@tecdmx\" \/>\n<meta name=\"twitter:label1\" content=\"Escrito por\" \/>\n\t<meta name=\"twitter:data1\" content=\"Difusion2025\" \/>\n\t<meta name=\"twitter:label2\" content=\"Tiempo de lectura\" \/>\n\t<meta name=\"twitter:data2\" content=\"1 minuto\" \/>\n<script type=\"application\/ld+json\" class=\"yoast-schema-graph\">{\"@context\":\"https:\/\/schema.org\",\"@graph\":[{\"@type\":\"WebPage\",\"@id\":\"https:\/\/www.tecdmx.org.mx\/index.php\/avisos-publicos\/2018\/10\/12\/aviso-de-sesion-publica-del-12-de-octubre-de-2018\/\",\"url\":\"https:\/\/www.tecdmx.org.mx\/index.php\/avisos-publicos\/2018\/10\/12\/aviso-de-sesion-publica-del-12-de-octubre-de-2018\/\",\"name\":\"Aviso de Sesi\u00f3n P\u00fablica del 12 de octubre de 2018 - Tribunal Electoral de la Ciudad de M\u00e9xico\",\"isPartOf\":{\"@id\":\"https:\/\/www.tecdmx.org.mx\/#website\"},\"primaryImageOfPage\":{\"@id\":\"https:\/\/www.tecdmx.org.mx\/index.php\/avisos-publicos\/2018\/10\/12\/aviso-de-sesion-publica-del-12-de-octubre-de-2018\/#primaryimage\"},\"image\":{\"@id\":\"https:\/\/www.tecdmx.org.mx\/index.php\/avisos-publicos\/2018\/10\/12\/aviso-de-sesion-publica-del-12-de-octubre-de-2018\/#primaryimage\"},\"thumbnailUrl\":\"https:\/\/www.tecdmx.org.mx\/wp-content\/uploads\/2018\/08\/sesin_pblica_lema.jpg\",\"datePublished\":\"2018-10-12T00:00:00+00:00\",\"dateModified\":\"2018-11-30T15:51:06+00:00\",\"author\":{\"@id\":\"https:\/\/www.tecdmx.org.mx\/#\/schema\/person\/208c898199fb3234203823c5f0cf31d6\"},\"breadcrumb\":{\"@id\":\"https:\/\/www.tecdmx.org.mx\/index.php\/avisos-publicos\/2018\/10\/12\/aviso-de-sesion-publica-del-12-de-octubre-de-2018\/#breadcrumb\"},\"inLanguage\":\"es\",\"potentialAction\":[{\"@type\":\"ReadAction\",\"target\":[\"https:\/\/www.tecdmx.org.mx\/index.php\/avisos-publicos\/2018\/10\/12\/aviso-de-sesion-publica-del-12-de-octubre-de-2018\/\"]}]},{\"@type\":\"ImageObject\",\"inLanguage\":\"es\",\"@id\":\"https:\/\/www.tecdmx.org.mx\/index.php\/avisos-publicos\/2018\/10\/12\/aviso-de-sesion-publica-del-12-de-octubre-de-2018\/#primaryimage\",\"url\":\"https:\/\/www.tecdmx.org.mx\/wp-content\/uploads\/2018\/08\/sesin_pblica_lema.jpg\",\"contentUrl\":\"https:\/\/www.tecdmx.org.mx\/wp-content\/uploads\/2018\/08\/sesin_pblica_lema.jpg\",\"width\":600,\"height\":340},{\"@type\":\"BreadcrumbList\",\"@id\":\"https:\/\/www.tecdmx.org.mx\/index.php\/avisos-publicos\/2018\/10\/12\/aviso-de-sesion-publica-del-12-de-octubre-de-2018\/#breadcrumb\",\"itemListElement\":[{\"@type\":\"ListItem\",\"position\":1,\"name\":\"Portada\",\"item\":\"https:\/\/www.tecdmx.org.mx\/\"},{\"@type\":\"ListItem\",\"position\":2,\"name\":\"Aviso de Sesi\u00f3n P\u00fablica del 12 de octubre de 2018\"}]},{\"@type\":\"WebSite\",\"@id\":\"https:\/\/www.tecdmx.org.mx\/#website\",\"url\":\"https:\/\/www.tecdmx.org.mx\/\",\"name\":\"Tribunal Electoral de la Ciudad de M\u00e9xico\",\"description\":\"25 a\u00f1os garantizando justicia en tu elecci\u00f3n\",\"potentialAction\":[{\"@type\":\"SearchAction\",\"target\":{\"@type\":\"EntryPoint\",\"urlTemplate\":\"https:\/\/www.tecdmx.org.mx\/?s={search_term_string}\"},\"query-input\":\"required name=search_term_string\"}],\"inLanguage\":\"es\"},{\"@type\":\"Person\",\"@id\":\"https:\/\/www.tecdmx.org.mx\/#\/schema\/person\/208c898199fb3234203823c5f0cf31d6\",\"name\":\"Difusion2025\",\"image\":{\"@type\":\"ImageObject\",\"inLanguage\":\"es\",\"@id\":\"https:\/\/www.tecdmx.org.mx\/#\/schema\/person\/image\/\",\"url\":\"https:\/\/secure.gravatar.com\/avatar\/6f7a4ba3acb418040e90a2eb99b5df28?s=96&d=mm&r=g\",\"contentUrl\":\"https:\/\/secure.gravatar.com\/avatar\/6f7a4ba3acb418040e90a2eb99b5df28?s=96&d=mm&r=g\",\"caption\":\"Difusion2025\"}}]}<\/script>\n<!-- \/ Yoast SEO plugin. -->","yoast_head_json":{"title":"Aviso de Sesi\u00f3n P\u00fablica del 12 de octubre de 2018 - Tribunal Electoral de la Ciudad de M\u00e9xico","robots":{"index":"index","follow":"follow","max-snippet":"max-snippet:-1","max-image-preview":"max-image-preview:large","max-video-preview":"max-video-preview:-1"},"canonical":"https:\/\/www.tecdmx.org.mx\/index.php\/avisos-publicos\/2018\/10\/12\/aviso-de-sesion-publica-del-12-de-octubre-de-2018\/","og_locale":"es_ES","og_type":"article","og_title":"Aviso de Sesi\u00f3n P\u00fablica del 12 de octubre de 2018 - Tribunal Electoral de la Ciudad de M\u00e9xico","og_description":"En la Ciudad de M\u00e9xico, el Pleno del Tribunal Electoral de la Ciudad de M\u00e9xico celebrar\u00e1 Sesi\u00f3n P\u00fablica de resoluci\u00f3n el d\u00eda 12 de octubre de 2018 a las 11:00 horas, en el sal\u00f3n destinado para tal efecto, ubicado en el tercer piso de su edificio sede...","og_url":"https:\/\/www.tecdmx.org.mx\/index.php\/avisos-publicos\/2018\/10\/12\/aviso-de-sesion-publica-del-12-de-octubre-de-2018\/","og_site_name":"Tribunal Electoral de la Ciudad de M\u00e9xico","article_publisher":"https:\/\/www.facebook.com\/TECDMX\/","article_published_time":"2018-10-12T00:00:00+00:00","article_modified_time":"2018-11-30T15:51:06+00:00","og_image":[{"width":600,"height":340,"url":"https:\/\/www.tecdmx.org.mx\/wp-content\/uploads\/2018\/08\/sesin_pblica_lema.jpg","type":"image\/jpeg"}],"author":"Difusion2025","twitter_card":"summary_large_image","twitter_creator":"@tecdmx","twitter_site":"@tecdmx","twitter_misc":{"Escrito por":"Difusion2025","Tiempo de lectura":"1 minuto"},"schema":{"@context":"https:\/\/schema.org","@graph":[{"@type":"WebPage","@id":"https:\/\/www.tecdmx.org.mx\/index.php\/avisos-publicos\/2018\/10\/12\/aviso-de-sesion-publica-del-12-de-octubre-de-2018\/","url":"https:\/\/www.tecdmx.org.mx\/index.php\/avisos-publicos\/2018\/10\/12\/aviso-de-sesion-publica-del-12-de-octubre-de-2018\/","name":"Aviso de Sesi\u00f3n P\u00fablica del 12 de octubre de 2018 - Tribunal Electoral de la Ciudad de M\u00e9xico","isPartOf":{"@id":"https:\/\/www.tecdmx.org.mx\/#website"},"primaryImageOfPage":{"@id":"https:\/\/www.tecdmx.org.mx\/index.php\/avisos-publicos\/2018\/10\/12\/aviso-de-sesion-publica-del-12-de-octubre-de-2018\/#primaryimage"},"image":{"@id":"https:\/\/www.tecdmx.org.mx\/index.php\/avisos-publicos\/2018\/10\/12\/aviso-de-sesion-publica-del-12-de-octubre-de-2018\/#primaryimage"},"thumbnailUrl":"https:\/\/www.tecdmx.org.mx\/wp-content\/uploads\/2018\/08\/sesin_pblica_lema.jpg","datePublished":"2018-10-12T00:00:00+00:00","dateModified":"2018-11-30T15:51:06+00:00","author":{"@id":"https:\/\/www.tecdmx.org.mx\/#\/schema\/person\/208c898199fb3234203823c5f0cf31d6"},"breadcrumb":{"@id":"https:\/\/www.tecdmx.org.mx\/index.php\/avisos-publicos\/2018\/10\/12\/aviso-de-sesion-publica-del-12-de-octubre-de-2018\/#breadcrumb"},"inLanguage":"es","potentialAction":[{"@type":"ReadAction","target":["https:\/\/www.tecdmx.org.mx\/index.php\/avisos-publicos\/2018\/10\/12\/aviso-de-sesion-publica-del-12-de-octubre-de-2018\/"]}]},{"@type":"ImageObject","inLanguage":"es","@id":"https:\/\/www.tecdmx.org.mx\/index.php\/avisos-publicos\/2018\/10\/12\/aviso-de-sesion-publica-del-12-de-octubre-de-2018\/#primaryimage","url":"https:\/\/www.tecdmx.org.mx\/wp-content\/uploads\/2018\/08\/sesin_pblica_lema.jpg","contentUrl":"https:\/\/www.tecdmx.org.mx\/wp-content\/uploads\/2018\/08\/sesin_pblica_lema.jpg","width":600,"height":340},{"@type":"BreadcrumbList","@id":"https:\/\/www.tecdmx.org.mx\/index.php\/avisos-publicos\/2018\/10\/12\/aviso-de-sesion-publica-del-12-de-octubre-de-2018\/#breadcrumb","itemListElement":[{"@type":"ListItem","position":1,"name":"Portada","item":"https:\/\/www.tecdmx.org.mx\/"},{"@type":"ListItem","position":2,"name":"Aviso de Sesi\u00f3n P\u00fablica del 12 de octubre de 2018"}]},{"@type":"WebSite","@id":"https:\/\/www.tecdmx.org.mx\/#website","url":"https:\/\/www.tecdmx.org.mx\/","name":"Tribunal Electoral de la Ciudad de M\u00e9xico","description":"25 a\u00f1os garantizando justicia en tu elecci\u00f3n","potentialAction":[{"@type":"SearchAction","target":{"@type":"EntryPoint","urlTemplate":"https:\/\/www.tecdmx.org.mx\/?s={search_term_string}"},"query-input":"required name=search_term_string"}],"inLanguage":"es"},{"@type":"Person","@id":"https:\/\/www.tecdmx.org.mx\/#\/schema\/person\/208c898199fb3234203823c5f0cf31d6","name":"Difusion2025","image":{"@type":"ImageObject","inLanguage":"es","@id":"https:\/\/www.tecdmx.org.mx\/#\/schema\/person\/image\/","url":"https:\/\/secure.gravatar.com\/avatar\/6f7a4ba3acb418040e90a2eb99b5df28?s=96&d=mm&r=g","contentUrl":"https:\/\/secure.gravatar.com\/avatar\/6f7a4ba3acb418040e90a2eb99b5df28?s=96&d=mm&r=g","caption":"Difusion2025"}}]}},"_links":{"self":[{"href":"https:\/\/www.tecdmx.org.mx\/index.php\/wp-json\/wp\/v2\/posts\/6263"}],"collection":[{"href":"https:\/\/www.tecdmx.org.mx\/index.php\/wp-json\/wp\/v2\/posts"}],"about":[{"href":"https:\/\/www.tecdmx.org.mx\/index.php\/wp-json\/wp\/v2\/types\/post"}],"author":[{"embeddable":true,"href":"https:\/\/www.tecdmx.org.mx\/index.php\/wp-json\/wp\/v2\/users\/13"}],"replies":[{"embeddable":true,"href":"https:\/\/www.tecdmx.org.mx\/index.php\/wp-json\/wp\/v2\/comments?post=6263"}],"version-history":[{"count":3,"href":"https:\/\/www.tecdmx.org.mx\/index.php\/wp-json\/wp\/v2\/posts\/6263\/revisions"}],"predecessor-version":[{"id":6442,"href":"https:\/\/www.tecdmx.org.mx\/index.php\/wp-json\/wp\/v2\/posts\/6263\/revisions\/6442"}],"wp:featuredmedia":[{"embeddable":true,"href":"https:\/\/www.tecdmx.org.mx\/index.php\/wp-json\/wp\/v2\/media\/3645"}],"wp:attachment":[{"href":"https:\/\/www.tecdmx.org.mx\/index.php\/wp-json\/wp\/v2\/media?parent=6263"}],"wp:term":[{"taxonomy":"category","embeddable":true,"href":"https:\/\/www.tecdmx.org.mx\/index.php\/wp-json\/wp\/v2\/categories?post=6263"},{"taxonomy":"post_tag","embeddable":true,"href":"https:\/\/www.tecdmx.org.mx\/index.php\/wp-json\/wp\/v2\/tags?post=6263"}],"curies":[{"name":"wp","href":"https:\/\/api.w.org\/{rel}","templated":true}]}}