{"id":63364,"date":"2026-04-24T21:27:23","date_gmt":"2026-04-25T03:27:23","guid":{"rendered":"https:\/\/www.tecdmx.org.mx\/?p=63364"},"modified":"2026-04-24T21:29:46","modified_gmt":"2026-04-25T03:29:46","slug":"boletin-n-13","status":"publish","type":"post","link":"https:\/\/www.tecdmx.org.mx\/index.php\/comunicados\/2026\/04\/24\/boletin-n-13\/","title":{"rendered":"Bolet\u00edn N\u00b0 13"},"content":{"rendered":"\n<p>Ciudad de M\u00e9xico, a 24 de abril de 2026<\/p>\n\n\n\n<figure class=\"wp-block-gallery has-nested-images columns-default is-cropped wp-block-gallery-1 is-layout-flex wp-block-gallery-is-layout-flex\">\n<figure class=\"wp-block-image size-full\"><img loading=\"lazy\" decoding=\"async\" width=\"1280\" height=\"853\" data-id=\"63365\" src=\"https:\/\/www.tecdmx.org.mx\/wp-content\/uploads\/2026\/04\/boltin132026.jpeg\" alt=\"\" class=\"wp-image-63365\" style=\"object-fit:cover\" srcset=\"https:\/\/www.tecdmx.org.mx\/wp-content\/uploads\/2026\/04\/boltin132026-375x250.jpeg 375w, https:\/\/www.tecdmx.org.mx\/wp-content\/uploads\/2026\/04\/boltin132026-525x350.jpeg 525w, https:\/\/www.tecdmx.org.mx\/wp-content\/uploads\/2026\/04\/boltin132026-768x512.jpeg 768w, https:\/\/www.tecdmx.org.mx\/wp-content\/uploads\/2026\/04\/boltin132026.jpeg 1280w\" sizes=\"(max-width: 1280px) 100vw, 1280px\" \/><\/figure>\n<\/figure>\n\n\n\n<p><strong>EL TECDMX IMPULSA LA INCLUSI\u00d3N: REALIZA CONVERSATORIO SOBRE NEURODIVERSIDAD PARA PROMOVER ENTORNOS ACCESIBLES<\/strong><\/p>\n\n\n\n<ul>\n<li><em>Comprender la neurodiversidad es esencial para garantizar que todas las personas puedan ejercer sus derechos y participar activamente en la vida cotidiana sin discriminaci\u00f3n.<\/em><\/li>\n<\/ul>\n\n\n\n<ul>\n<li><em>Necesario captarnos e integrarnos en la multiplicidad de mosaico que es la humanidad.<\/em><\/li>\n<\/ul>\n\n\n\n<p>En el marco de su compromiso con los derechos humanos y la inclusi\u00f3n, el Tribunal Electoral de la Ciudad de M\u00e9xico (TECDMX) llev\u00f3 a cabo el conversatorio: \u201cNeurodiversidad: de la infancia a la vida adulta. Claves para su comprensi\u00f3n y la construcci\u00f3n de entornos cotidianos inclusivos\u201d.<\/p>\n\n\n\n<p>Este espacio busc\u00f3 replantear a trav\u00e9s del an\u00e1lisis de tres ejes fundamentales: la salud integral, la perspectiva psicosocial enfocada en los entornos y el testimonio directo de la experiencia vivida, el c\u00f3mo comprendemos las diversas formas de pensar y aprender, con el objeto de identificar las barreras que limitan la participaci\u00f3n plena y proponer soluciones para consolidar una sociedad m\u00e1s equitativa y accesible.<\/p>\n\n\n\n<p>El conversatorio fue moderado por la Magistrada Karina Salgado Lunar, Presidenta del Comit\u00e9 de G\u00e9nero y Derechos Humanos del TECDMX y cont\u00f3 con las intervenciones del Dr. Juan Manuel Quijada Gayt\u00e1n, m\u00e9dico psiquiatra y ex-titular de la Comisi\u00f3n Nacional de Salud Mental y Adicciones; la psicoterapeuta psicoanal\u00edtica y psic\u00f3loga Mar\u00eda Sanz Moguel y, el autivista y activista Ivan \u201cEl T\u00edo\u201d Zerme\u00f1o.<\/p>\n\n\n\n<p>Durante el evento se cont\u00f3 con la presencia del Magistrado Presidente Armando Ambriz Hern\u00e1ndez, as\u00ed como de las Magistraturas Laura Patricia Jim\u00e9nez Castillo, Jos\u00e9 Jes\u00fas Hern\u00e1ndez Rodr\u00edguez y Osiris V\u00e1zquez Rangel.<\/p>\n\n\n\n<p>La Magistrada Salgado Lunar mencion\u00f3 que este ejercicio institucional contribuy\u00f3 al fortalecimiento de una cultura democr\u00e1tica orientada a la igualdad, la no discriminaci\u00f3n y la inclusi\u00f3n, al visibilizar la importancia de reconocer las distintas formas de funcionamiento neurol\u00f3gico y de promover entornos que garanticen la participaci\u00f3n plena de todas las personas.<\/p>\n\n\n\n<p>Resalt\u00f3 adem\u00e1s la impartici\u00f3n de justicia electoral con perspectiva de g\u00e9nero, siempre buscando la protecci\u00f3n m\u00e1s amplia de los derechos pol\u00edtico-electorales de toda la ciudadan\u00eda, incluidas las personas con neurodiversidades, ya que con actividades como esta, el Tribunal reafirma su compromiso con la implementaci\u00f3n de acciones que favorezcan entornos incluyentes, en congruencia con sus atribuciones en materia de derechos humanos, igualdad sustantiva y atenci\u00f3n de la poblaci\u00f3n de atenci\u00f3n prioritaria.<\/p>\n\n\n\n<p>Por su parte, el Magistrado Hern\u00e1ndez Rodr\u00edguez destac\u00f3 que existen dos \u00e1mbitos principales en los que este Tribunal puede seguir contribuyendo a la construcci\u00f3n de una sociedad incluyente. El primero de ellos involucra, desde luego, la labor jurisdiccional, en la que todas las personas integrantes de una sociedad cuenten con posibilidades reales de participar en la toma de decisiones p\u00fablicas, por ello, las sentencias de este \u00d3rgano Jurisdiccional remueven obst\u00e1culos para que nuestra capital se consolide como un espacio que reconoce la diversidad y garantiza los derechos pol\u00edticos y electorales de todas las personas.<\/p>\n\n\n\n<p>Dijo adem\u00e1s que, en el segundo \u00e1mbito en el que este \u00d3rgano Jurisdiccional puede contribuir a la inclusi\u00f3n social es, transformando los espacios laborales al interior de la propia instituci\u00f3n, al generar entornos accesibles y oportunidades reales de desarrollo profesional para todas las personas, incluyendo aquellas con neurodivergencia.<\/p>\n\n\n\n<p>Por su parte, la Magistrada Jim\u00e9nez Castillo, se\u00f1al\u00f3 que hablar de neurodiversidad permite comprender las m\u00faltiples formas de ver, sentir y percibir nuestro entorno. Reconocerlo importa. Cuando las instituciones del estado mexicano, los centros de trabajo, nuestros espacios comunitarios e incluso las relaciones en nuestras casas se construyen bajo una sola l\u00f3gica, apartamos a quienes no se identifican en este \u201cmolde\u201d y por ende enfrentan barreras que no derivan de su condici\u00f3n, sino de una imposici\u00f3n del entorno. La neurodiversidad no es una patolog\u00eda que corregir, es una expresi\u00f3n natural de la variabilidad humana.<\/p>\n\n\n\n<p>Indic\u00f3 que las autoridades est\u00e1n llamadas a construir pol\u00edticas, servicios y entornos que no expulsen a nadie y que por el contrario, apuesten por una ciudad cada vez m\u00e1s democr\u00e1tica. Es por esto que debemos comprender que la inclusi\u00f3n no significa que una persona neurodivergente debe lograr adaptarse a estructuras r\u00edgidas de convivencia social y de trabajo, sino que las instituciones y la sociedad tienen que decidirse a contribuir desde su espacio de influencia para remover barreras, cambiar la forma en c\u00f3mo se relacionan y reconocer que la diversidad nos enriquece como sociedad.<\/p>\n\n\n\n<p>En uso de la voz, el Magistrado V\u00e1zquez Rangel resalt\u00f3 uno de los retos clave: la adecuaci\u00f3n del ordenamiento jur\u00eddico. Es decir, que los derechos y necesidades de las personas protagonistas de las neurodiversidades, encuentren un reconocimiento expl\u00edcito a trav\u00e9s de leyes y normas espec\u00edficas, esto en virtud que, para el caso de la Ciudad de M\u00e9xico, la Ley para la Atenci\u00f3n, Visibilizaci\u00f3n e Inclusi\u00f3n Social de las Personas con la Condici\u00f3n del Espectro Autista de la Ciudad de M\u00e9xico, fue publicada el 14 de enero de 2021 en la Gaceta Oficial, sin embargo, en la acci\u00f3n de inconstitucionalidad 38\/2021, de 07 de junio de 2022, la Suprema Corte declar\u00f3 la invalidez del decreto por el que se expidi\u00f3 dicha ley, al no haberse realizado la consulta a las personas con la condici\u00f3n de espectro autista conforme a los par\u00e1metros jurisprudenciales. En otras palabras, no se entr\u00f3 a la revisi\u00f3n del contenido de la ley, sino que se consider\u00f3 que no se hab\u00eda cumplido con uno de los elementos esenciales del procedimiento para la creaci\u00f3n de leyes, el cual consiste en consultar quienes son los destinatarios de la ley; en este sentido, dijo que es de suma importancia que la sociedad en su conjunto participe y, por ello, este conversatorio fue una oportunidad para conocer y profundizar acerca de lo que significa realmente la neurodiversidad, un concepto que nos invita a la comprensi\u00f3n y a la celebraci\u00f3n de las diferencias, a trav\u00e9s de la construcci\u00f3n de puentes tanto en casa, en escuelas y en el trabajo, para promover una sociedad genuinamente inclusiva que no sea s\u00f3lo un ideal sino una realidad palpable: \u201cNada sobre nosotros, sin nosotros\u201d.<\/p>\n\n\n\n<p>Finalmente, para clausurar el evento, el Magistrado Presidente, Ambriz Hern\u00e1ndez concluy\u00f3 con un an\u00e1lisis y reflexi\u00f3n en torno a la comprensi\u00f3n de la diversidad humana desde una perspectiva integral y de derechos humanos, ya que este espacio permiti\u00f3 que desde el espacio p\u00fablico se hiciera visible la amplia gama de condiciones humanas, las cuales no deben ser vistas como una desventaja o inferioridad, pero si deben ser consideradas y comprendidas para un desarrollo pleno e igualitario en que todas las personas est\u00e9n contempladas.<\/p>\n\n\n\n<p>Puntualiz\u00f3 que este ejercicio institucional contribuye al fortalecimiento de una cultura democr\u00e1tica orientada a la igualdad, la no discriminaci\u00f3n y la inclusi\u00f3n, al visibilizar la importancia de reconocer las distintas formas de funcionamiento neurol\u00f3gico y as\u00ed promover entornos que garanticen la participaci\u00f3n plena de todas las personas.<\/p>\n","protected":false},"excerpt":{"rendered":"<p>Ciudad de M\u00e9xico, a 24 de abril de 2026 EL TECDMX IMPULSA LA INCLUSI\u00d3N: REALIZA CONVERSATORIO SOBRE NEURODIVERSIDAD PARA PROMOVER ENTORNOS ACCESIBLES En el marco de su compromiso con los [&hellip;]<\/p>\n","protected":false},"author":13,"featured_media":45590,"comment_status":"closed","ping_status":"open","sticky":false,"template":"","format":"standard","meta":{"_acf_changed":false,"_exactmetrics_skip_tracking":false,"_exactmetrics_sitenote_active":false,"_exactmetrics_sitenote_note":"","_exactmetrics_sitenote_category":0,"footnotes":""},"categories":[32,47],"tags":[],"acf":[],"yoast_head":"<!-- This site is optimized with the Yoast SEO plugin v22.3 - https:\/\/yoast.com\/wordpress\/plugins\/seo\/ -->\n<title>Bolet\u00edn N\u00b0 13 - Tribunal Electoral de la Ciudad de M\u00e9xico<\/title>\n<meta name=\"robots\" content=\"index, follow, max-snippet:-1, max-image-preview:large, max-video-preview:-1\" \/>\n<link rel=\"canonical\" href=\"https:\/\/www.tecdmx.org.mx\/index.php\/comunicados\/2026\/04\/24\/boletin-n-13\/\" \/>\n<meta property=\"og:locale\" content=\"es_ES\" \/>\n<meta property=\"og:type\" content=\"article\" \/>\n<meta property=\"og:title\" content=\"Bolet\u00edn N\u00b0 13 - Tribunal Electoral de la Ciudad de M\u00e9xico\" \/>\n<meta property=\"og:description\" content=\"Ciudad de M\u00e9xico, a 24 de abril de 2026 EL TECDMX IMPULSA LA INCLUSI\u00d3N: REALIZA CONVERSATORIO SOBRE NEURODIVERSIDAD PARA PROMOVER ENTORNOS ACCESIBLES En el marco de su compromiso con los [&hellip;]\" \/>\n<meta property=\"og:url\" content=\"https:\/\/www.tecdmx.org.mx\/index.php\/comunicados\/2026\/04\/24\/boletin-n-13\/\" \/>\n<meta property=\"og:site_name\" content=\"Tribunal Electoral de la Ciudad de M\u00e9xico\" \/>\n<meta property=\"article:publisher\" content=\"https:\/\/www.facebook.com\/TECDMX\/\" \/>\n<meta property=\"article:published_time\" content=\"2026-04-25T03:27:23+00:00\" \/>\n<meta property=\"article:modified_time\" content=\"2026-04-25T03:29:46+00:00\" \/>\n<meta property=\"og:image\" content=\"https:\/\/www.tecdmx.org.mx\/wp-content\/uploads\/2023\/11\/Botones-_Comunicado.png\" \/>\n\t<meta property=\"og:image:width\" content=\"900\" \/>\n\t<meta property=\"og:image:height\" content=\"600\" \/>\n\t<meta property=\"og:image:type\" content=\"image\/png\" \/>\n<meta name=\"author\" content=\"Difusion2025\" \/>\n<meta name=\"twitter:card\" content=\"summary_large_image\" \/>\n<meta name=\"twitter:creator\" content=\"@tecdmx\" \/>\n<meta name=\"twitter:site\" content=\"@tecdmx\" \/>\n<meta name=\"twitter:label1\" content=\"Escrito por\" \/>\n\t<meta name=\"twitter:data1\" content=\"Difusion2025\" \/>\n\t<meta name=\"twitter:label2\" content=\"Tiempo de lectura\" \/>\n\t<meta name=\"twitter:data2\" content=\"6 minutos\" \/>\n<script type=\"application\/ld+json\" class=\"yoast-schema-graph\">{\"@context\":\"https:\/\/schema.org\",\"@graph\":[{\"@type\":\"WebPage\",\"@id\":\"https:\/\/www.tecdmx.org.mx\/index.php\/comunicados\/2026\/04\/24\/boletin-n-13\/\",\"url\":\"https:\/\/www.tecdmx.org.mx\/index.php\/comunicados\/2026\/04\/24\/boletin-n-13\/\",\"name\":\"Bolet\u00edn N\u00b0 13 - Tribunal Electoral de la Ciudad de M\u00e9xico\",\"isPartOf\":{\"@id\":\"https:\/\/www.tecdmx.org.mx\/#website\"},\"primaryImageOfPage\":{\"@id\":\"https:\/\/www.tecdmx.org.mx\/index.php\/comunicados\/2026\/04\/24\/boletin-n-13\/#primaryimage\"},\"image\":{\"@id\":\"https:\/\/www.tecdmx.org.mx\/index.php\/comunicados\/2026\/04\/24\/boletin-n-13\/#primaryimage\"},\"thumbnailUrl\":\"https:\/\/www.tecdmx.org.mx\/wp-content\/uploads\/2023\/11\/Botones-_Comunicado.png\",\"datePublished\":\"2026-04-25T03:27:23+00:00\",\"dateModified\":\"2026-04-25T03:29:46+00:00\",\"author\":{\"@id\":\"https:\/\/www.tecdmx.org.mx\/#\/schema\/person\/208c898199fb3234203823c5f0cf31d6\"},\"breadcrumb\":{\"@id\":\"https:\/\/www.tecdmx.org.mx\/index.php\/comunicados\/2026\/04\/24\/boletin-n-13\/#breadcrumb\"},\"inLanguage\":\"es\",\"potentialAction\":[{\"@type\":\"ReadAction\",\"target\":[\"https:\/\/www.tecdmx.org.mx\/index.php\/comunicados\/2026\/04\/24\/boletin-n-13\/\"]}]},{\"@type\":\"ImageObject\",\"inLanguage\":\"es\",\"@id\":\"https:\/\/www.tecdmx.org.mx\/index.php\/comunicados\/2026\/04\/24\/boletin-n-13\/#primaryimage\",\"url\":\"https:\/\/www.tecdmx.org.mx\/wp-content\/uploads\/2023\/11\/Botones-_Comunicado.png\",\"contentUrl\":\"https:\/\/www.tecdmx.org.mx\/wp-content\/uploads\/2023\/11\/Botones-_Comunicado.png\",\"width\":900,\"height\":600},{\"@type\":\"BreadcrumbList\",\"@id\":\"https:\/\/www.tecdmx.org.mx\/index.php\/comunicados\/2026\/04\/24\/boletin-n-13\/#breadcrumb\",\"itemListElement\":[{\"@type\":\"ListItem\",\"position\":1,\"name\":\"Portada\",\"item\":\"https:\/\/www.tecdmx.org.mx\/\"},{\"@type\":\"ListItem\",\"position\":2,\"name\":\"Bolet\u00edn N\u00b0 13\"}]},{\"@type\":\"WebSite\",\"@id\":\"https:\/\/www.tecdmx.org.mx\/#website\",\"url\":\"https:\/\/www.tecdmx.org.mx\/\",\"name\":\"Tribunal Electoral de la Ciudad de M\u00e9xico\",\"description\":\"25 a\u00f1os garantizando justicia en tu elecci\u00f3n\",\"potentialAction\":[{\"@type\":\"SearchAction\",\"target\":{\"@type\":\"EntryPoint\",\"urlTemplate\":\"https:\/\/www.tecdmx.org.mx\/?s={search_term_string}\"},\"query-input\":\"required name=search_term_string\"}],\"inLanguage\":\"es\"},{\"@type\":\"Person\",\"@id\":\"https:\/\/www.tecdmx.org.mx\/#\/schema\/person\/208c898199fb3234203823c5f0cf31d6\",\"name\":\"Difusion2025\",\"image\":{\"@type\":\"ImageObject\",\"inLanguage\":\"es\",\"@id\":\"https:\/\/www.tecdmx.org.mx\/#\/schema\/person\/image\/\",\"url\":\"https:\/\/secure.gravatar.com\/avatar\/6f7a4ba3acb418040e90a2eb99b5df28?s=96&d=mm&r=g\",\"contentUrl\":\"https:\/\/secure.gravatar.com\/avatar\/6f7a4ba3acb418040e90a2eb99b5df28?s=96&d=mm&r=g\",\"caption\":\"Difusion2025\"}}]}<\/script>\n<!-- \/ Yoast SEO plugin. -->","yoast_head_json":{"title":"Bolet\u00edn N\u00b0 13 - Tribunal Electoral de la Ciudad de M\u00e9xico","robots":{"index":"index","follow":"follow","max-snippet":"max-snippet:-1","max-image-preview":"max-image-preview:large","max-video-preview":"max-video-preview:-1"},"canonical":"https:\/\/www.tecdmx.org.mx\/index.php\/comunicados\/2026\/04\/24\/boletin-n-13\/","og_locale":"es_ES","og_type":"article","og_title":"Bolet\u00edn N\u00b0 13 - Tribunal Electoral de la Ciudad de M\u00e9xico","og_description":"Ciudad de M\u00e9xico, a 24 de abril de 2026 EL TECDMX IMPULSA LA INCLUSI\u00d3N: REALIZA CONVERSATORIO SOBRE NEURODIVERSIDAD PARA PROMOVER ENTORNOS ACCESIBLES En el marco de su compromiso con los [&hellip;]","og_url":"https:\/\/www.tecdmx.org.mx\/index.php\/comunicados\/2026\/04\/24\/boletin-n-13\/","og_site_name":"Tribunal Electoral de la Ciudad de M\u00e9xico","article_publisher":"https:\/\/www.facebook.com\/TECDMX\/","article_published_time":"2026-04-25T03:27:23+00:00","article_modified_time":"2026-04-25T03:29:46+00:00","og_image":[{"width":900,"height":600,"url":"https:\/\/www.tecdmx.org.mx\/wp-content\/uploads\/2023\/11\/Botones-_Comunicado.png","type":"image\/png"}],"author":"Difusion2025","twitter_card":"summary_large_image","twitter_creator":"@tecdmx","twitter_site":"@tecdmx","twitter_misc":{"Escrito por":"Difusion2025","Tiempo de lectura":"6 minutos"},"schema":{"@context":"https:\/\/schema.org","@graph":[{"@type":"WebPage","@id":"https:\/\/www.tecdmx.org.mx\/index.php\/comunicados\/2026\/04\/24\/boletin-n-13\/","url":"https:\/\/www.tecdmx.org.mx\/index.php\/comunicados\/2026\/04\/24\/boletin-n-13\/","name":"Bolet\u00edn N\u00b0 13 - Tribunal Electoral de la Ciudad de M\u00e9xico","isPartOf":{"@id":"https:\/\/www.tecdmx.org.mx\/#website"},"primaryImageOfPage":{"@id":"https:\/\/www.tecdmx.org.mx\/index.php\/comunicados\/2026\/04\/24\/boletin-n-13\/#primaryimage"},"image":{"@id":"https:\/\/www.tecdmx.org.mx\/index.php\/comunicados\/2026\/04\/24\/boletin-n-13\/#primaryimage"},"thumbnailUrl":"https:\/\/www.tecdmx.org.mx\/wp-content\/uploads\/2023\/11\/Botones-_Comunicado.png","datePublished":"2026-04-25T03:27:23+00:00","dateModified":"2026-04-25T03:29:46+00:00","author":{"@id":"https:\/\/www.tecdmx.org.mx\/#\/schema\/person\/208c898199fb3234203823c5f0cf31d6"},"breadcrumb":{"@id":"https:\/\/www.tecdmx.org.mx\/index.php\/comunicados\/2026\/04\/24\/boletin-n-13\/#breadcrumb"},"inLanguage":"es","potentialAction":[{"@type":"ReadAction","target":["https:\/\/www.tecdmx.org.mx\/index.php\/comunicados\/2026\/04\/24\/boletin-n-13\/"]}]},{"@type":"ImageObject","inLanguage":"es","@id":"https:\/\/www.tecdmx.org.mx\/index.php\/comunicados\/2026\/04\/24\/boletin-n-13\/#primaryimage","url":"https:\/\/www.tecdmx.org.mx\/wp-content\/uploads\/2023\/11\/Botones-_Comunicado.png","contentUrl":"https:\/\/www.tecdmx.org.mx\/wp-content\/uploads\/2023\/11\/Botones-_Comunicado.png","width":900,"height":600},{"@type":"BreadcrumbList","@id":"https:\/\/www.tecdmx.org.mx\/index.php\/comunicados\/2026\/04\/24\/boletin-n-13\/#breadcrumb","itemListElement":[{"@type":"ListItem","position":1,"name":"Portada","item":"https:\/\/www.tecdmx.org.mx\/"},{"@type":"ListItem","position":2,"name":"Bolet\u00edn N\u00b0 13"}]},{"@type":"WebSite","@id":"https:\/\/www.tecdmx.org.mx\/#website","url":"https:\/\/www.tecdmx.org.mx\/","name":"Tribunal Electoral de la Ciudad de M\u00e9xico","description":"25 a\u00f1os garantizando justicia en tu elecci\u00f3n","potentialAction":[{"@type":"SearchAction","target":{"@type":"EntryPoint","urlTemplate":"https:\/\/www.tecdmx.org.mx\/?s={search_term_string}"},"query-input":"required name=search_term_string"}],"inLanguage":"es"},{"@type":"Person","@id":"https:\/\/www.tecdmx.org.mx\/#\/schema\/person\/208c898199fb3234203823c5f0cf31d6","name":"Difusion2025","image":{"@type":"ImageObject","inLanguage":"es","@id":"https:\/\/www.tecdmx.org.mx\/#\/schema\/person\/image\/","url":"https:\/\/secure.gravatar.com\/avatar\/6f7a4ba3acb418040e90a2eb99b5df28?s=96&d=mm&r=g","contentUrl":"https:\/\/secure.gravatar.com\/avatar\/6f7a4ba3acb418040e90a2eb99b5df28?s=96&d=mm&r=g","caption":"Difusion2025"}}]}},"_links":{"self":[{"href":"https:\/\/www.tecdmx.org.mx\/index.php\/wp-json\/wp\/v2\/posts\/63364"}],"collection":[{"href":"https:\/\/www.tecdmx.org.mx\/index.php\/wp-json\/wp\/v2\/posts"}],"about":[{"href":"https:\/\/www.tecdmx.org.mx\/index.php\/wp-json\/wp\/v2\/types\/post"}],"author":[{"embeddable":true,"href":"https:\/\/www.tecdmx.org.mx\/index.php\/wp-json\/wp\/v2\/users\/13"}],"replies":[{"embeddable":true,"href":"https:\/\/www.tecdmx.org.mx\/index.php\/wp-json\/wp\/v2\/comments?post=63364"}],"version-history":[{"count":4,"href":"https:\/\/www.tecdmx.org.mx\/index.php\/wp-json\/wp\/v2\/posts\/63364\/revisions"}],"predecessor-version":[{"id":63372,"href":"https:\/\/www.tecdmx.org.mx\/index.php\/wp-json\/wp\/v2\/posts\/63364\/revisions\/63372"}],"wp:featuredmedia":[{"embeddable":true,"href":"https:\/\/www.tecdmx.org.mx\/index.php\/wp-json\/wp\/v2\/media\/45590"}],"wp:attachment":[{"href":"https:\/\/www.tecdmx.org.mx\/index.php\/wp-json\/wp\/v2\/media?parent=63364"}],"wp:term":[{"taxonomy":"category","embeddable":true,"href":"https:\/\/www.tecdmx.org.mx\/index.php\/wp-json\/wp\/v2\/categories?post=63364"},{"taxonomy":"post_tag","embeddable":true,"href":"https:\/\/www.tecdmx.org.mx\/index.php\/wp-json\/wp\/v2\/tags?post=63364"}],"curies":[{"name":"wp","href":"https:\/\/api.w.org\/{rel}","templated":true}]}}